{"id":13301,"date":"2017-05-29T15:28:43","date_gmt":"2017-05-29T15:28:43","guid":{"rendered":"https:\/\/www.achimbrueckner.de\/dxradio\/php\/wordpress\/?p=13301"},"modified":"2017-05-29T15:28:43","modified_gmt":"2017-05-29T15:28:43","slug":"1990-1300-radiothek-mit-romain-fehlen-mitschnitt-vom-29051992-letzte-sendung","status":"publish","type":"post","link":"https:\/\/www.achimbrueckner.de\/dxradio\/php\/wordpress\/?p=13301","title":{"rendered":"1990-1300-radiothek-mit-romain-fehlen-mitschnitt-vom-29051992-letzte-sendung"},"content":{"rendered":"<p><a href=\"https:\/\/hearthis.at\/b3history\/1990-1300-radiothek-mit-romain-fehlen-mitschnitt-vom-29051992-letzte-sendung\/?acc=18240#pause\" target=\"_blank\">https:\/\/hearthis.at\/b3history\/1990-1300-radiothek-mit-romain-fehlen-mitschnitt-vom-29051992-letzte-sendung\/?acc=18240#pause<\/a><\/p>\n","protected":false},"excerpt":{"rendered":"<p>https:\/\/hearthis.at\/b3history\/1990-1300-radiothek-mit-romain-fehlen-mitschnitt-vom-29051992-letzte-sendung\/?acc=18240#pause<\/p>\n","protected":false},"author":1,"featured_media":0,"comment_status":"open","ping_status":"open","sticky":false,"template":"","format":"standard","meta":{"_jetpack_memberships_contains_paid_content":false,"footnotes":"","jetpack_publicize_message":"","jetpack_publicize_feature_enabled":true,"jetpack_social_post_already_shared":true,"jetpack_social_options":{"image_generator_settings":{"template":"highway","default_image_id":0,"font":"","enabled":false},"version":2}},"categories":[1],"tags":[],"class_list":["post-13301","post","type-post","status-publish","format-standard","hentry","category-deutsch"],"jetpack_publicize_connections":[],"jetpack_featured_media_url":"","jetpack_sharing_enabled":true,"jetpack_shortlink":"https:\/\/wp.me\/p5CDmr-3sx","jetpack-related-posts":[{"id":2836,"url":"https:\/\/www.achimbrueckner.de\/dxradio\/php\/wordpress\/?p=2836","url_meta":{"origin":13301,"position":0},"title":"1.Ausgabe FMK-RTI-H\u00f6rerclubmagazin","author":"Administrator","date":"January 3, 2014","format":false,"excerpt":"Liebe Radiofreunde, morgen am Samstag den 04.01.14 um 11:00 Uhr geht es los. Im Rahmen des Radio Brenner Streams (http:\/\/laut.fm\/kompakt) wird das erste \u201eFMK-RTI-H\u00f6rerclubmagazin\u201c ausgestrahlt. Mit dabei sind die H\u00f6rerclubecke des RTI-H\u00f6rerclubs, die DX-Tipps von Hans-Werner Lange und Bernd Seiser sowie Beitr\u00e4ge aus den Archiven von Kunos-Radiothek, FM Kompakt und\u2026","rel":"","context":"In &quot;Deutsch&quot;","block_context":{"text":"Deutsch","link":"https:\/\/www.achimbrueckner.de\/dxradio\/php\/wordpress\/?cat=1"},"img":{"alt_text":"","src":"","width":0,"height":0},"classes":[]},{"id":3911,"url":"https:\/\/www.achimbrueckner.de\/dxradio\/php\/wordpress\/?p=3911","url_meta":{"origin":13301,"position":1},"title":"Kunos Radiothek und FM Kompakt goes DX und wird International !","author":"Administrator","date":"December 30, 2014","format":false,"excerpt":"Radio HCJB wird ab 03.01.15 jeweils an den ersten drei Samstagen eines Monats innerhalb der Sendung \"F\u00fcr DXer\" einen Beitrag aus der Reihe Kunos-Radiothek ausstrahlen. Sendezeiten 06:30-07:00 \/ 08:30-09:00 \/ 17:00-17:30 \/ 20:00-20:30 \/ 23:00-23:30 MEZ Frequenzen 3995 & 7365 khz Sender Weenermoor (Deutschland) & Podcast via http:\/\/www.vozandes.net\/scripts\/ALP.php Damit \u00fcbernimmt\u2026","rel":"","context":"In &quot;Deutsch&quot;","block_context":{"text":"Deutsch","link":"https:\/\/www.achimbrueckner.de\/dxradio\/php\/wordpress\/?cat=1"},"img":{"alt_text":"","src":"","width":0,"height":0},"classes":[]},{"id":9026,"url":"https:\/\/www.achimbrueckner.de\/dxradio\/php\/wordpress\/?p=9026","url_meta":{"origin":13301,"position":2},"title":"Radio Klein Paris International Sonntag den 21.08.2016 von 19:00-20:00 UTC via 6070 khz","author":"Administrator","date":"August 4, 2016","format":false,"excerpt":"H\u00f6rtipp: Der \"Macher\" von FM Kompakt im Radio geht wieder mit Radio Klein Paris on Air: Radio Klein Paris International Sonntag den 21.08.2016 von 19:00-20:00 UTC via 6070 khz (channel292) Themen der Sendung Umrahmung mit Musik aus Mecklenburg-Vorpommern H\u00f6rerpost Kunos-Radiothek mit einem Portr\u00e4t der Radio DDR Ferienwelle aus Rostock und\u2026","rel":"","context":"In &quot;Deutsch&quot;","block_context":{"text":"Deutsch","link":"https:\/\/www.achimbrueckner.de\/dxradio\/php\/wordpress\/?cat=1"},"img":{"alt_text":"","src":"","width":0,"height":0},"classes":[]},{"id":30844,"url":"https:\/\/www.achimbrueckner.de\/dxradio\/php\/wordpress\/?p=30844","url_meta":{"origin":13301,"position":3},"title":"[MITSCHNITT] Technische Versuchssendung Dt. Bundespost \/ Telekom 1990","author":"Administrator","date":"November 20, 2020","format":false,"excerpt":"https:\/\/soundcloud.com\/user-893573284\/mitschnitt-technische-versuchssendung-dt-bundespost-telekom-1990","rel":"","context":"In &quot;Deutsch&quot;","block_context":{"text":"Deutsch","link":"https:\/\/www.achimbrueckner.de\/dxradio\/php\/wordpress\/?cat=1"},"img":{"alt_text":"","src":"","width":0,"height":0},"classes":[]},{"id":1866,"url":"https:\/\/www.achimbrueckner.de\/dxradio\/php\/wordpress\/?p=1866","url_meta":{"origin":13301,"position":4},"title":"Deutsche Welle: Abschied vom Deutschen Programm: die letzte Sendung","author":"Administrator","date":"October 28, 2011","format":false,"excerpt":"Deutsche Welle: Abschied vom Deutschen Programm: die letzte Sendung http:\/\/www.dw-world.de\/dw\/episode\/0,,15490092,00.html Info via A-DX","rel":"","context":"In &quot;Deutsch&quot;","block_context":{"text":"Deutsch","link":"https:\/\/www.achimbrueckner.de\/dxradio\/php\/wordpress\/?cat=1"},"img":{"alt_text":"","src":"","width":0,"height":0},"classes":[]},{"id":33804,"url":"https:\/\/www.achimbrueckner.de\/dxradio\/php\/wordpress\/?p=33804","url_meta":{"origin":13301,"position":5},"title":"Zeitzeugen Romain Fehlen","author":"Administrator","date":"October 17, 2021","format":false,"excerpt":"https:\/\/www.digiandi.de\/zeitzeugen\/romain-fehlen\/","rel":"","context":"In &quot;Deutsch&quot;","block_context":{"text":"Deutsch","link":"https:\/\/www.achimbrueckner.de\/dxradio\/php\/wordpress\/?cat=1"},"img":{"alt_text":"","src":"","width":0,"height":0},"classes":[]}],"_links":{"self":[{"href":"https:\/\/www.achimbrueckner.de\/dxradio\/php\/wordpress\/index.php?rest_route=\/wp\/v2\/posts\/13301","targetHints":{"allow":["GET"]}}],"collection":[{"href":"https:\/\/www.achimbrueckner.de\/dxradio\/php\/wordpress\/index.php?rest_route=\/wp\/v2\/posts"}],"about":[{"href":"https:\/\/www.achimbrueckner.de\/dxradio\/php\/wordpress\/index.php?rest_route=\/wp\/v2\/types\/post"}],"author":[{"embeddable":true,"href":"https:\/\/www.achimbrueckner.de\/dxradio\/php\/wordpress\/index.php?rest_route=\/wp\/v2\/users\/1"}],"replies":[{"embeddable":true,"href":"https:\/\/www.achimbrueckner.de\/dxradio\/php\/wordpress\/index.php?rest_route=%2Fwp%2Fv2%2Fcomments&post=13301"}],"version-history":[{"count":0,"href":"https:\/\/www.achimbrueckner.de\/dxradio\/php\/wordpress\/index.php?rest_route=\/wp\/v2\/posts\/13301\/revisions"}],"wp:attachment":[{"href":"https:\/\/www.achimbrueckner.de\/dxradio\/php\/wordpress\/index.php?rest_route=%2Fwp%2Fv2%2Fmedia&parent=13301"}],"wp:term":[{"taxonomy":"category","embeddable":true,"href":"https:\/\/www.achimbrueckner.de\/dxradio\/php\/wordpress\/index.php?rest_route=%2Fwp%2Fv2%2Fcategories&post=13301"},{"taxonomy":"post_tag","embeddable":true,"href":"https:\/\/www.achimbrueckner.de\/dxradio\/php\/wordpress\/index.php?rest_route=%2Fwp%2Fv2%2Ftags&post=13301"}],"curies":[{"name":"wp","href":"https:\/\/api.w.org\/{rel}","templated":true}]}}