{"id":13477,"date":"2017-06-18T12:23:02","date_gmt":"2017-06-18T12:23:02","guid":{"rendered":"https:\/\/www.achimbrueckner.de\/dxradio\/php\/wordpress\/?p=13477"},"modified":"2017-06-18T12:23:02","modified_gmt":"2017-06-18T12:23:02","slug":"von-t-rock-bis-zirog-in-osterreich-und-sudtirol-unterwegs","status":"publish","type":"post","link":"https:\/\/www.achimbrueckner.de\/dxradio\/php\/wordpress\/?p=13477","title":{"rendered":"Von T-Rock bis Zirog: In \u00d6sterreich und S\u00fcdtirol unterwegs"},"content":{"rendered":"<p><a href=\"https:\/\/smartphonefan.wordpress.com\/2017\/06\/17\/von-t-rock-bis-zirol-in-oesterreich-und-suedtirol-unterwegs\/\" target=\"_blank\">https:\/\/smartphonefan.wordpress.com\/2017\/06\/17\/von-t-rock-bis-zirol-in-oesterreich-und-suedtirol-unterwegs\/<\/a><\/p>\n","protected":false},"excerpt":{"rendered":"<p>https:\/\/smartphonefan.wordpress.com\/2017\/06\/17\/von-t-rock-bis-zirol-in-oesterreich-und-suedtirol-unterwegs\/<\/p>\n","protected":false},"author":1,"featured_media":0,"comment_status":"open","ping_status":"open","sticky":false,"template":"","format":"standard","meta":{"_jetpack_memberships_contains_paid_content":false,"footnotes":"","jetpack_publicize_message":"","jetpack_publicize_feature_enabled":true,"jetpack_social_post_already_shared":true,"jetpack_social_options":{"image_generator_settings":{"template":"highway","default_image_id":0,"font":"","enabled":false},"version":2}},"categories":[1],"tags":[],"class_list":["post-13477","post","type-post","status-publish","format-standard","hentry","category-deutsch"],"jetpack_publicize_connections":[],"jetpack_featured_media_url":"","jetpack_sharing_enabled":true,"jetpack_shortlink":"https:\/\/wp.me\/p5CDmr-3vn","jetpack-related-posts":[{"id":11296,"url":"https:\/\/www.achimbrueckner.de\/dxradio\/php\/wordpress\/?p=11296","url_meta":{"origin":13477,"position":0},"title":"50 Jahre ADDX","author":"Administrator","date":"December 8, 2016","format":false,"excerpt":"Hallo in die Runde, wie vielen Hobbyfreunden bestimmt bekannt ist, wird die ADDX e.V. im Jahr 2017 ihr 50. Gr\u00fcndungsjubil\u00e4um feiern. Das ist f\u00fcr uns von Vorstand und Redaktion \"Radio-Kurier mit weltweit h\u00f6ren\" Grund genug, auch akustisch einen R\u00fcckblick auf die Anfangstage und die Vereinsentwicklung zu pr\u00e4sentieren und \u00fcber unsere\u2026","rel":"","context":"In &quot;Deutsch&quot;","block_context":{"text":"Deutsch","link":"https:\/\/www.achimbrueckner.de\/dxradio\/php\/wordpress\/?cat=1"},"img":{"alt_text":"","src":"","width":0,"height":0},"classes":[]},{"id":39321,"url":"https:\/\/www.achimbrueckner.de\/dxradio\/php\/wordpress\/?p=39321","url_meta":{"origin":13477,"position":1},"title":"Funk-Telegramm 5\/2023","author":"Administrator","date":"April 14, 2023","format":false,"excerpt":"Das neue Funk-Telegramm 5\/2023 ist unterwegs zu den Lesern! Das Jahres-Abo kostet 24 Euro. Infos auf www.FUNK-TELEGRAMM.de oder einfach 24 Euro paypalen an FUNK-TELEGRAMM@t-online.de 73 Joachim, DL8HCZ Aus dem Inhalt: IC-705 und Software SDR-Control: Auf 12 Seiten erkl\u00e4rt Nils Schiffhauer, DK8OK, alles Wissenswerte zur Fernsteuerung des IC-705 \u00fcbers Internet mittels\u2026","rel":"","context":"In &quot;Deutsch&quot;","block_context":{"text":"Deutsch","link":"https:\/\/www.achimbrueckner.de\/dxradio\/php\/wordpress\/?cat=1"},"img":{"alt_text":"","src":"","width":0,"height":0},"classes":[]},{"id":14755,"url":"https:\/\/www.achimbrueckner.de\/dxradio\/php\/wordpress\/?p=14755","url_meta":{"origin":13477,"position":2},"title":"Radio Emscher Lippe auch unterwegs grenzenlos streamen \u2013 ab dem 1. Oktober ist der Sender Partner von Telekom StreamOn","author":"Administrator","date":"September 27, 2017","format":false,"excerpt":"http:\/\/www.lokalkompass.de\/gelsenkirchen\/leute\/radio-emscher-lippe-auch-unterwegs-grenzenlos-streamen-ab-dem-1-oktober-ist-der-sender-partner-von-telekom-streamon-d793841.html","rel":"","context":"In &quot;Deutsch&quot;","block_context":{"text":"Deutsch","link":"https:\/\/www.achimbrueckner.de\/dxradio\/php\/wordpress\/?cat=1"},"img":{"alt_text":"","src":"","width":0,"height":0},"classes":[]},{"id":43490,"url":"https:\/\/www.achimbrueckner.de\/dxradio\/php\/wordpress\/?p=43490","url_meta":{"origin":13477,"position":3},"title":"DAB+ DX: Unterwegs zwischen Venedig und Pula sowie in K\u00e4rnten","author":"Administrator","date":"August 4, 2025","format":false,"excerpt":"https:\/\/www.radioblog.eu\/2025\/08\/03\/dab-dx-unterwegs-zwischen-venedig-und-pula-sowie-in-kaernten\/","rel":"","context":"In &quot;Deutsch&quot;","block_context":{"text":"Deutsch","link":"https:\/\/www.achimbrueckner.de\/dxradio\/php\/wordpress\/?cat=1"},"img":{"alt_text":"","src":"","width":0,"height":0},"classes":[]},{"id":26599,"url":"https:\/\/www.achimbrueckner.de\/dxradio\/php\/wordpress\/?p=26599","url_meta":{"origin":13477,"position":4},"title":"DAB+: So l\u00e4uft&#8217;s mit dem Digitalradio daheim und unterwegs","author":"Administrator","date":"January 9, 2020","format":false,"excerpt":"https:\/\/www.hna.de\/netzwelt\/dab-so-laeuft-s-mit-digitalradio-daheim-und-unterwegs-zr-13428364.html","rel":"","context":"In &quot;Deutsch&quot;","block_context":{"text":"Deutsch","link":"https:\/\/www.achimbrueckner.de\/dxradio\/php\/wordpress\/?cat=1"},"img":{"alt_text":"","src":"","width":0,"height":0},"classes":[]},{"id":44664,"url":"https:\/\/www.achimbrueckner.de\/dxradio\/php\/wordpress\/?p=44664","url_meta":{"origin":13477,"position":5},"title":"TechniSat DIGITRADIO mobil 2: Winzling mit DAB+ und UKW f\u00fcr unterwegs","author":"Administrator","date":"December 29, 2025","format":false,"excerpt":"https:\/\/www.radioblog.eu\/2025\/12\/28\/technisat-digitradio-mobil-2-winzling-mit-dab-und-ukw-fuer-unterwegs\/","rel":"","context":"In &quot;Deutsch&quot;","block_context":{"text":"Deutsch","link":"https:\/\/www.achimbrueckner.de\/dxradio\/php\/wordpress\/?cat=1"},"img":{"alt_text":"","src":"","width":0,"height":0},"classes":[]}],"_links":{"self":[{"href":"https:\/\/www.achimbrueckner.de\/dxradio\/php\/wordpress\/index.php?rest_route=\/wp\/v2\/posts\/13477","targetHints":{"allow":["GET"]}}],"collection":[{"href":"https:\/\/www.achimbrueckner.de\/dxradio\/php\/wordpress\/index.php?rest_route=\/wp\/v2\/posts"}],"about":[{"href":"https:\/\/www.achimbrueckner.de\/dxradio\/php\/wordpress\/index.php?rest_route=\/wp\/v2\/types\/post"}],"author":[{"embeddable":true,"href":"https:\/\/www.achimbrueckner.de\/dxradio\/php\/wordpress\/index.php?rest_route=\/wp\/v2\/users\/1"}],"replies":[{"embeddable":true,"href":"https:\/\/www.achimbrueckner.de\/dxradio\/php\/wordpress\/index.php?rest_route=%2Fwp%2Fv2%2Fcomments&post=13477"}],"version-history":[{"count":0,"href":"https:\/\/www.achimbrueckner.de\/dxradio\/php\/wordpress\/index.php?rest_route=\/wp\/v2\/posts\/13477\/revisions"}],"wp:attachment":[{"href":"https:\/\/www.achimbrueckner.de\/dxradio\/php\/wordpress\/index.php?rest_route=%2Fwp%2Fv2%2Fmedia&parent=13477"}],"wp:term":[{"taxonomy":"category","embeddable":true,"href":"https:\/\/www.achimbrueckner.de\/dxradio\/php\/wordpress\/index.php?rest_route=%2Fwp%2Fv2%2Fcategories&post=13477"},{"taxonomy":"post_tag","embeddable":true,"href":"https:\/\/www.achimbrueckner.de\/dxradio\/php\/wordpress\/index.php?rest_route=%2Fwp%2Fv2%2Ftags&post=13477"}],"curies":[{"name":"wp","href":"https:\/\/api.w.org\/{rel}","templated":true}]}}