{"id":13750,"date":"2017-07-13T10:41:23","date_gmt":"2017-07-13T10:41:23","guid":{"rendered":"https:\/\/www.achimbrueckner.de\/dxradio\/php\/wordpress\/?p=13750"},"modified":"2017-07-13T10:41:23","modified_gmt":"2017-07-13T10:41:23","slug":"briefe-der-rebellion-wie-die-bbc-kritischen-ddr-burgern-im-radio-eine-stimme-gab","status":"publish","type":"post","link":"https:\/\/www.achimbrueckner.de\/dxradio\/php\/wordpress\/?p=13750","title":{"rendered":"Briefe der Rebellion Wie die BBC kritischen DDR-B\u00fcrgern im Radio eine Stimme gab"},"content":{"rendered":"<p><a href=\"http:\/\/www.mz-web.de\/mitteldeutschland\/briefe-der-rebellion-wie-die-bbc-kritischen-ddr-buergern-im-radio-eine-stimme-gab--27822286\" target=\"_blank\">http:\/\/www.mz-web.de\/mitteldeutschland\/briefe-der-rebellion-wie-die-bbc-kritischen-ddr-buergern-im-radio-eine-stimme-gab&#8211;27822286<\/a><\/p>\n","protected":false},"excerpt":{"rendered":"<p>http:\/\/www.mz-web.de\/mitteldeutschland\/briefe-der-rebellion-wie-die-bbc-kritischen-ddr-buergern-im-radio-eine-stimme-gab&#8211;27822286<\/p>\n","protected":false},"author":1,"featured_media":0,"comment_status":"open","ping_status":"open","sticky":false,"template":"","format":"standard","meta":{"_jetpack_memberships_contains_paid_content":false,"footnotes":"","jetpack_publicize_message":"","jetpack_publicize_feature_enabled":true,"jetpack_social_post_already_shared":true,"jetpack_social_options":{"image_generator_settings":{"template":"highway","default_image_id":0,"font":"","enabled":false},"version":2}},"categories":[1],"tags":[],"class_list":["post-13750","post","type-post","status-publish","format-standard","hentry","category-deutsch"],"jetpack_publicize_connections":[],"jetpack_featured_media_url":"","jetpack_sharing_enabled":true,"jetpack_shortlink":"https:\/\/wp.me\/p5CDmr-3zM","jetpack-related-posts":[{"id":13897,"url":"https:\/\/www.achimbrueckner.de\/dxradio\/php\/wordpress\/?p=13897","url_meta":{"origin":13750,"position":0},"title":"Anonyme DDR-H\u00f6rerbriefe entdeckt  &#8220;Schreiben Sie uns, wo immer Sie sind&#8221;","author":"Administrator","date":"July 26, 2017","format":false,"excerpt":"http:\/\/www.spiegel.de\/einestages\/ddr-anonyme-briefe-an-die-bbc-a-1157333.html","rel":"","context":"In &quot;Deutsch&quot;","block_context":{"text":"Deutsch","link":"https:\/\/www.achimbrueckner.de\/dxradio\/php\/wordpress\/?cat=1"},"img":{"alt_text":"","src":"","width":0,"height":0},"classes":[]},{"id":1924,"url":"https:\/\/www.achimbrueckner.de\/dxradio\/php\/wordpress\/?p=1924","url_meta":{"origin":13750,"position":1},"title":"Stimme der DDR: Ein eigener Radiosender f\u00fcr einen souver\u00e4nen Staat","author":"Administrator","date":"November 15, 2011","format":false,"excerpt":"Ein eigener Radiosender f\u00fcr einen souver\u00e4nen Staat Vor 40 Jahren nahm die \"Stimme der DDR\" den Betrieb auf http:\/\/www.dradio.de\/dkultur\/sendungen\/kalenderblatt\/1604362\/ Dazu erg\u00e4nzend ein Beitrag von Radio Bremen: http:\/\/www.radiobremen.de\/bremeneins\/serien\/as_time_goes_by\/audio73352-popup.html","rel":"","context":"In &quot;Deutsch&quot;","block_context":{"text":"Deutsch","link":"https:\/\/www.achimbrueckner.de\/dxradio\/php\/wordpress\/?cat=1"},"img":{"alt_text":"","src":"","width":0,"height":0},"classes":[]},{"id":1918,"url":"https:\/\/www.achimbrueckner.de\/dxradio\/php\/wordpress\/?p=1918","url_meta":{"origin":13750,"position":2},"title":"DLR Kultur Stimme der DDR","author":"Administrator","date":"November 13, 2011","format":false,"excerpt":"09:55 Uhr MEZ 15. November 2011 DLR Kultur Kalenderblatt Vor 40 Jahren: Die aus dem Deutschlandsender und der Berliner Welle hervorgegangene Stimme der DDR nimmt den Betrieb auf http:\/\/www.dradio.de\/dkultur\/sendungen\/kalenderblatt\/ Info via A-DX","rel":"","context":"In &quot;Deutsch&quot;","block_context":{"text":"Deutsch","link":"https:\/\/www.achimbrueckner.de\/dxradio\/php\/wordpress\/?cat=1"},"img":{"alt_text":"","src":"","width":0,"height":0},"classes":[]},{"id":1098,"url":"https:\/\/www.achimbrueckner.de\/dxradio\/php\/wordpress\/?p=1098","url_meta":{"origin":13750,"position":3},"title":"75. Jahrestag der &#8220;Stimme der Schweiz im Ausland&#8221;","author":"Administrator","date":"July 31, 2010","format":false,"excerpt":"Aus Anlass des 75. Jahrestages der \"Stimme der Schweiz im Ausland\", wie der Kurzwellendienst Schweizer Radio International auch genannt wurde, pr\u00e4sentiert swissinfo.ch auf seiner Website eine Auswahl von Radiosendungen, Texten und Bildnern aus den vergangenen 75 Jahren. http:\/\/www.swissinfo.ch\/ger\/politik_schweiz\/75_Jahre_Stimme_der_Schweiz_im_Ausland.html?cid=18829794 Info via A-DX","rel":"","context":"In &quot;Deutsch&quot;","block_context":{"text":"Deutsch","link":"https:\/\/www.achimbrueckner.de\/dxradio\/php\/wordpress\/?cat=1"},"img":{"alt_text":"","src":"","width":0,"height":0},"classes":[]},{"id":26286,"url":"https:\/\/www.achimbrueckner.de\/dxradio\/php\/wordpress\/?p=26286","url_meta":{"origin":13750,"position":4},"title":"Schwarzer Tag f\u00fcr die Medienfreiheit in Ungarn","author":"Administrator","date":"December 21, 2019","format":false,"excerpt":"Heute ist ein weiterer schwarzer Tag f\u00fcr die Medienfreiheit in Ungarn. Das selbstverwaltete, nichtkommerzielle CIVIL R\u00c1DI\u00d3 - FM 98 muss heute Nacht zum Sonntag um 2 Uhr nach 25 Jahren seine UKW-Frequenz 98,0 MHz in Budapest aufgeben und im Internet weitersenden. Die Medienbeh\u00f6rde hatte die UKW-Lizenz nicht verl\u00e4ngert. Damit wird\u2026","rel":"","context":"In &quot;Deutsch&quot;","block_context":{"text":"Deutsch","link":"https:\/\/www.achimbrueckner.de\/dxradio\/php\/wordpress\/?cat=1"},"img":{"alt_text":"","src":"","width":0,"height":0},"classes":[]},{"id":5689,"url":"https:\/\/www.achimbrueckner.de\/dxradio\/php\/wordpress\/?p=5689","url_meta":{"origin":13750,"position":5},"title":"RADIO-PAUSENZEICHEN &#8211; &#8220;Stimme der DDR&#8221;","author":"Administrator","date":"August 27, 2015","format":false,"excerpt":"https:\/\/www.youtube.com\/watch?v=_ueFVPNX4Yo","rel":"","context":"In &quot;Deutsch&quot;","block_context":{"text":"Deutsch","link":"https:\/\/www.achimbrueckner.de\/dxradio\/php\/wordpress\/?cat=1"},"img":{"alt_text":"","src":"","width":0,"height":0},"classes":[]}],"_links":{"self":[{"href":"https:\/\/www.achimbrueckner.de\/dxradio\/php\/wordpress\/index.php?rest_route=\/wp\/v2\/posts\/13750","targetHints":{"allow":["GET"]}}],"collection":[{"href":"https:\/\/www.achimbrueckner.de\/dxradio\/php\/wordpress\/index.php?rest_route=\/wp\/v2\/posts"}],"about":[{"href":"https:\/\/www.achimbrueckner.de\/dxradio\/php\/wordpress\/index.php?rest_route=\/wp\/v2\/types\/post"}],"author":[{"embeddable":true,"href":"https:\/\/www.achimbrueckner.de\/dxradio\/php\/wordpress\/index.php?rest_route=\/wp\/v2\/users\/1"}],"replies":[{"embeddable":true,"href":"https:\/\/www.achimbrueckner.de\/dxradio\/php\/wordpress\/index.php?rest_route=%2Fwp%2Fv2%2Fcomments&post=13750"}],"version-history":[{"count":0,"href":"https:\/\/www.achimbrueckner.de\/dxradio\/php\/wordpress\/index.php?rest_route=\/wp\/v2\/posts\/13750\/revisions"}],"wp:attachment":[{"href":"https:\/\/www.achimbrueckner.de\/dxradio\/php\/wordpress\/index.php?rest_route=%2Fwp%2Fv2%2Fmedia&parent=13750"}],"wp:term":[{"taxonomy":"category","embeddable":true,"href":"https:\/\/www.achimbrueckner.de\/dxradio\/php\/wordpress\/index.php?rest_route=%2Fwp%2Fv2%2Fcategories&post=13750"},{"taxonomy":"post_tag","embeddable":true,"href":"https:\/\/www.achimbrueckner.de\/dxradio\/php\/wordpress\/index.php?rest_route=%2Fwp%2Fv2%2Ftags&post=13750"}],"curies":[{"name":"wp","href":"https:\/\/api.w.org\/{rel}","templated":true}]}}