{"id":13799,"date":"2017-07-17T08:39:43","date_gmt":"2017-07-17T08:39:43","guid":{"rendered":"https:\/\/www.achimbrueckner.de\/dxradio\/php\/wordpress\/?p=13799"},"modified":"2017-07-17T08:39:43","modified_gmt":"2017-07-17T08:39:43","slug":"rtr-der-chefredaktor-weiss-zu-dirigieren","status":"publish","type":"post","link":"https:\/\/www.achimbrueckner.de\/dxradio\/php\/wordpress\/?p=13799","title":{"rendered":"RTR: Der Chefredaktor weiss zu dirigieren"},"content":{"rendered":"<p><a href=\"http:\/\/www.luzernerzeitung.ch\/nachrichten\/schweiz\/der-chefredaktor-weiss-zu-dirigieren;art9641,1065678\" target=\"_blank\">http:\/\/www.luzernerzeitung.ch\/nachrichten\/schweiz\/der-chefredaktor-weiss-zu-dirigieren;art9641,1065678<\/a><\/p>\n","protected":false},"excerpt":{"rendered":"<p>http:\/\/www.luzernerzeitung.ch\/nachrichten\/schweiz\/der-chefredaktor-weiss-zu-dirigieren;art9641,1065678<\/p>\n","protected":false},"author":1,"featured_media":0,"comment_status":"open","ping_status":"open","sticky":false,"template":"","format":"standard","meta":{"_jetpack_memberships_contains_paid_content":false,"footnotes":"","jetpack_publicize_message":"","jetpack_publicize_feature_enabled":true,"jetpack_social_post_already_shared":true,"jetpack_social_options":{"image_generator_settings":{"template":"highway","default_image_id":0,"font":"","enabled":false},"version":2}},"categories":[1],"tags":[],"class_list":["post-13799","post","type-post","status-publish","format-standard","hentry","category-deutsch"],"jetpack_publicize_connections":[],"jetpack_featured_media_url":"","jetpack_sharing_enabled":true,"jetpack_shortlink":"https:\/\/wp.me\/p5CDmr-3Az","jetpack-related-posts":[{"id":26097,"url":"https:\/\/www.achimbrueckner.de\/dxradio\/php\/wordpress\/?p=26097","url_meta":{"origin":13799,"position":0},"title":"\u00d6sterreicher Bernhard Weiss ist neuer President der US-Radiogruppe iHeartMedia New York","author":"Administrator","date":"December 7, 2019","format":false,"excerpt":"https:\/\/www.derstandard.at\/story\/2000111951883\/oesterreicher-bernhard-weiss-ist-neuer-president-der-us-radiogruppe-iheartmedia","rel":"","context":"In &quot;Deutsch&quot;","block_context":{"text":"Deutsch","link":"https:\/\/www.achimbrueckner.de\/dxradio\/php\/wordpress\/?cat=1"},"img":{"alt_text":"","src":"","width":0,"height":0},"classes":[]},{"id":34387,"url":"https:\/\/www.achimbrueckner.de\/dxradio\/php\/wordpress\/?p=34387","url_meta":{"origin":13799,"position":1},"title":"Christian Sievers: \u201eDie Zeit l\u00e4uft immer gegen mich, und das wei\u00df auch der Politiker\u201c","author":"Administrator","date":"January 10, 2022","format":false,"excerpt":"https:\/\/meedia.de\/2022\/01\/10\/christian-sievers-die-zeit-laeuft-immer-gegen-mich-und-das-weiss-auch-der-politiker\/","rel":"","context":"In &quot;Deutsch&quot;","block_context":{"text":"Deutsch","link":"https:\/\/www.achimbrueckner.de\/dxradio\/php\/wordpress\/?cat=1"},"img":{"alt_text":"","src":"","width":0,"height":0},"classes":[]},{"id":3887,"url":"https:\/\/www.achimbrueckner.de\/dxradio\/php\/wordpress\/?p=3887","url_meta":{"origin":13799,"position":2},"title":"Rot Wei\u00df Rot Radio Wien Rundfunk in der Besetzungszeit \u00d6sterreich","author":"Administrator","date":"December 21, 2014","format":false,"excerpt":"http:\/\/www.staatsvertrag.at\/radio\/rot-weiss-rot\/ Info via A-DX","rel":"","context":"In &quot;Deutsch&quot;","block_context":{"text":"Deutsch","link":"https:\/\/www.achimbrueckner.de\/dxradio\/php\/wordpress\/?cat=1"},"img":{"alt_text":"","src":"","width":0,"height":0},"classes":[]},{"id":37897,"url":"https:\/\/www.achimbrueckner.de\/dxradio\/php\/wordpress\/?p=37897","url_meta":{"origin":13799,"position":3},"title":"RFE Ausstellung Stadtmuseum M\u00fcnchen","author":"Administrator","date":"November 10, 2022","format":false,"excerpt":"Hatte nun die Gelegenheit, im Stadtmuseum M\u00fcnchen die Ausstellung \u00fcber RFE anzusehen. F\u00fcr jemanden der dort viele Jahre gearbeitet hat, ist das aber eher eine Entt\u00e4uschung. Obwohl das nat\u00fcrlich nur ein Baustein innerhalb eines Projekts \u00fcber Migranten in M\u00fcnchen ist, h\u00e4tte man spannendere Geschichten finden k\u00f6nnen. Warum ausgerechnet die Witwe\u2026","rel":"","context":"In &quot;Deutsch&quot;","block_context":{"text":"Deutsch","link":"https:\/\/www.achimbrueckner.de\/dxradio\/php\/wordpress\/?cat=1"},"img":{"alt_text":"","src":"","width":0,"height":0},"classes":[]},{"id":29119,"url":"https:\/\/www.achimbrueckner.de\/dxradio\/php\/wordpress\/?p=29119","url_meta":{"origin":13799,"position":4},"title":"US-Auslandssender: \u201eKeiner wei\u00df, was zu erwarten ist\u201c","author":"Administrator","date":"June 18, 2020","format":false,"excerpt":"https:\/\/www.radioeins.de\/programm\/sendungen\/medienmagazin\/radio_news\/beitraege\/2020\/voice-of-america_2.html","rel":"","context":"In &quot;Deutsch&quot;","block_context":{"text":"Deutsch","link":"https:\/\/www.achimbrueckner.de\/dxradio\/php\/wordpress\/?cat=1"},"img":{"alt_text":"","src":"","width":0,"height":0},"classes":[]},{"id":4305,"url":"https:\/\/www.achimbrueckner.de\/dxradio\/php\/wordpress\/?p=4305","url_meta":{"origin":13799,"position":5},"title":"Radio 700 Spenden","author":"Administrator","date":"March 27, 2015","format":false,"excerpt":"Liebe Freunde der Kurzwelle, Seit 8 Jahren senden wir mit unseren im Vergleich zu den (ex)-staatlichen Gro\u00dfsendeanlagen bescheidenen Mitteln auf Kurzwelle. Was anfangs mit ein paar Stunden t\u00e4glich auf einer Frequenz begann hat sich mittlerweile zu einer \"oppulenteren Angelegenheit\" gemausert. Ab April 2015 strahlen wir w\u00f6chentlich 365 Stunden (gut 52\u2026","rel":"","context":"In &quot;Deutsch&quot;","block_context":{"text":"Deutsch","link":"https:\/\/www.achimbrueckner.de\/dxradio\/php\/wordpress\/?cat=1"},"img":{"alt_text":"","src":"","width":0,"height":0},"classes":[]}],"_links":{"self":[{"href":"https:\/\/www.achimbrueckner.de\/dxradio\/php\/wordpress\/index.php?rest_route=\/wp\/v2\/posts\/13799","targetHints":{"allow":["GET"]}}],"collection":[{"href":"https:\/\/www.achimbrueckner.de\/dxradio\/php\/wordpress\/index.php?rest_route=\/wp\/v2\/posts"}],"about":[{"href":"https:\/\/www.achimbrueckner.de\/dxradio\/php\/wordpress\/index.php?rest_route=\/wp\/v2\/types\/post"}],"author":[{"embeddable":true,"href":"https:\/\/www.achimbrueckner.de\/dxradio\/php\/wordpress\/index.php?rest_route=\/wp\/v2\/users\/1"}],"replies":[{"embeddable":true,"href":"https:\/\/www.achimbrueckner.de\/dxradio\/php\/wordpress\/index.php?rest_route=%2Fwp%2Fv2%2Fcomments&post=13799"}],"version-history":[{"count":0,"href":"https:\/\/www.achimbrueckner.de\/dxradio\/php\/wordpress\/index.php?rest_route=\/wp\/v2\/posts\/13799\/revisions"}],"wp:attachment":[{"href":"https:\/\/www.achimbrueckner.de\/dxradio\/php\/wordpress\/index.php?rest_route=%2Fwp%2Fv2%2Fmedia&parent=13799"}],"wp:term":[{"taxonomy":"category","embeddable":true,"href":"https:\/\/www.achimbrueckner.de\/dxradio\/php\/wordpress\/index.php?rest_route=%2Fwp%2Fv2%2Fcategories&post=13799"},{"taxonomy":"post_tag","embeddable":true,"href":"https:\/\/www.achimbrueckner.de\/dxradio\/php\/wordpress\/index.php?rest_route=%2Fwp%2Fv2%2Ftags&post=13799"}],"curies":[{"name":"wp","href":"https:\/\/api.w.org\/{rel}","templated":true}]}}