{"id":13875,"date":"2017-07-24T16:22:54","date_gmt":"2017-07-24T16:22:54","guid":{"rendered":"https:\/\/www.achimbrueckner.de\/dxradio\/php\/wordpress\/?p=13875"},"modified":"2017-07-24T16:22:54","modified_gmt":"2017-07-24T16:22:54","slug":"die-bbc-legt-die-gehalter-ihrer-moderatoren-offen","status":"publish","type":"post","link":"https:\/\/www.achimbrueckner.de\/dxradio\/php\/wordpress\/?p=13875","title":{"rendered":"Die BBC legt die Geh\u00e4lter ihrer Moderatoren offen"},"content":{"rendered":"<p><a href=\"http:\/\/www.sueddeutsche.de\/medien\/britische-medien-die-bbc-legt-die-gehaelter-ihrer-moderatoren-offen-1.3594346\" target=\"_blank\">http:\/\/www.sueddeutsche.de\/medien\/britische-medien-die-bbc-legt-die-gehaelter-ihrer-moderatoren-offen-1.3594346<\/a><\/p>\n","protected":false},"excerpt":{"rendered":"<p>http:\/\/www.sueddeutsche.de\/medien\/britische-medien-die-bbc-legt-die-gehaelter-ihrer-moderatoren-offen-1.3594346<\/p>\n","protected":false},"author":1,"featured_media":0,"comment_status":"open","ping_status":"open","sticky":false,"template":"","format":"standard","meta":{"_jetpack_memberships_contains_paid_content":false,"footnotes":"","jetpack_publicize_message":"","jetpack_publicize_feature_enabled":true,"jetpack_social_post_already_shared":true,"jetpack_social_options":{"image_generator_settings":{"template":"highway","default_image_id":0,"font":"","enabled":false},"version":2}},"categories":[1,15],"tags":[45],"class_list":["post-13875","post","type-post","status-publish","format-standard","hentry","category-deutsch","category-medien","tag-medien"],"jetpack_publicize_connections":[],"jetpack_featured_media_url":"","jetpack_sharing_enabled":true,"jetpack_shortlink":"https:\/\/wp.me\/p5CDmr-3BN","jetpack-related-posts":[{"id":21186,"url":"https:\/\/www.achimbrueckner.de\/dxradio\/php\/wordpress\/?p=21186","url_meta":{"origin":13875,"position":0},"title":"SRF Moderatoren werden zu Vertriebsgehilfen","author":"Administrator","date":"January 28, 2019","format":false,"excerpt":"https:\/\/www.persoenlich.com\/medien\/moderatoren-werden-zu-vertriebsgehilfen","rel":"","context":"In &quot;Deutsch&quot;","block_context":{"text":"Deutsch","link":"https:\/\/www.achimbrueckner.de\/dxradio\/php\/wordpress\/?cat=1"},"img":{"alt_text":"","src":"","width":0,"height":0},"classes":[]},{"id":27717,"url":"https:\/\/www.achimbrueckner.de\/dxradio\/php\/wordpress\/?p=27717","url_meta":{"origin":13875,"position":1},"title":"ORF-ZiB-Moderatoren ziehen in Isolationsbereiche","author":"Administrator","date":"March 23, 2020","format":false,"excerpt":"https:\/\/kurier.at\/kultur\/medien\/coronavirus-orf-zib-moderatoren-ziehen-in-isolationsbereiche\/400790261","rel":"","context":"In &quot;Deutsch&quot;","block_context":{"text":"Deutsch","link":"https:\/\/www.achimbrueckner.de\/dxradio\/php\/wordpress\/?cat=1"},"img":{"alt_text":"","src":"","width":0,"height":0},"classes":[]},{"id":15608,"url":"https:\/\/www.achimbrueckner.de\/dxradio\/php\/wordpress\/?p=15608","url_meta":{"origin":13875,"position":2},"title":"Sputnik-Moderatoren sollen iPhones seltener geil finden","author":"Administrator","date":"November 21, 2017","format":false,"excerpt":"https:\/\/uebermedien.de\/22938\/sputnik-moderatoren-sollen-iphones-seltener-geil-finden\/","rel":"","context":"In &quot;Deutsch&quot;","block_context":{"text":"Deutsch","link":"https:\/\/www.achimbrueckner.de\/dxradio\/php\/wordpress\/?cat=1"},"img":{"alt_text":"","src":"","width":0,"height":0},"classes":[]},{"id":25831,"url":"https:\/\/www.achimbrueckner.de\/dxradio\/php\/wordpress\/?p=25831","url_meta":{"origin":13875,"position":3},"title":"30 Jahre Lokalradio &#8220;Wer keinen Sprachfehler hatte, dem standen die T\u00fcren offen&#8221;","author":"Administrator","date":"November 18, 2019","format":false,"excerpt":"https:\/\/www.persoenlich.com\/medien\/wer-keinen-sprachfehler-hatte-dem-standen-die-tueren-offen-310616","rel":"","context":"In &quot;Deutsch&quot;","block_context":{"text":"Deutsch","link":"https:\/\/www.achimbrueckner.de\/dxradio\/php\/wordpress\/?cat=1"},"img":{"alt_text":"","src":"","width":0,"height":0},"classes":[]},{"id":33566,"url":"https:\/\/www.achimbrueckner.de\/dxradio\/php\/wordpress\/?p=33566","url_meta":{"origin":13875,"position":4},"title":"Wenn \u00f6ffentlich-rechtliche Moderatoren Parteipolitik machen Bildschirmpause f\u00fcr J\u00f6rg Thadeusz","author":"Administrator","date":"September 12, 2021","format":false,"excerpt":"https:\/\/www.tagesspiegel.de\/gesellschaft\/medien\/wenn-oeffentlich-rechtliche-moderatoren-parteipolitik-machen-bildschirmpause-fuer-joerg-thadeusz\/27601638.html","rel":"","context":"In &quot;Deutsch&quot;","block_context":{"text":"Deutsch","link":"https:\/\/www.achimbrueckner.de\/dxradio\/php\/wordpress\/?cat=1"},"img":{"alt_text":"","src":"","width":0,"height":0},"classes":[]},{"id":29559,"url":"https:\/\/www.achimbrueckner.de\/dxradio\/php\/wordpress\/?p=29559","url_meta":{"origin":13875,"position":5},"title":"Nach Sender-K\u00fcndigungen: Zukunft von Rundfunk-Institut bleibt offen","author":"Administrator","date":"July 24, 2020","format":false,"excerpt":"https:\/\/www.rnd.de\/medien\/nach-sender-kundigungen-zukunft-von-rundfunk-institut-bleibt-offen-7Y3FJIBE5XZGE3JS2OIIHYOT7U.html","rel":"","context":"In &quot;Deutsch&quot;","block_context":{"text":"Deutsch","link":"https:\/\/www.achimbrueckner.de\/dxradio\/php\/wordpress\/?cat=1"},"img":{"alt_text":"","src":"","width":0,"height":0},"classes":[]}],"_links":{"self":[{"href":"https:\/\/www.achimbrueckner.de\/dxradio\/php\/wordpress\/index.php?rest_route=\/wp\/v2\/posts\/13875","targetHints":{"allow":["GET"]}}],"collection":[{"href":"https:\/\/www.achimbrueckner.de\/dxradio\/php\/wordpress\/index.php?rest_route=\/wp\/v2\/posts"}],"about":[{"href":"https:\/\/www.achimbrueckner.de\/dxradio\/php\/wordpress\/index.php?rest_route=\/wp\/v2\/types\/post"}],"author":[{"embeddable":true,"href":"https:\/\/www.achimbrueckner.de\/dxradio\/php\/wordpress\/index.php?rest_route=\/wp\/v2\/users\/1"}],"replies":[{"embeddable":true,"href":"https:\/\/www.achimbrueckner.de\/dxradio\/php\/wordpress\/index.php?rest_route=%2Fwp%2Fv2%2Fcomments&post=13875"}],"version-history":[{"count":0,"href":"https:\/\/www.achimbrueckner.de\/dxradio\/php\/wordpress\/index.php?rest_route=\/wp\/v2\/posts\/13875\/revisions"}],"wp:attachment":[{"href":"https:\/\/www.achimbrueckner.de\/dxradio\/php\/wordpress\/index.php?rest_route=%2Fwp%2Fv2%2Fmedia&parent=13875"}],"wp:term":[{"taxonomy":"category","embeddable":true,"href":"https:\/\/www.achimbrueckner.de\/dxradio\/php\/wordpress\/index.php?rest_route=%2Fwp%2Fv2%2Fcategories&post=13875"},{"taxonomy":"post_tag","embeddable":true,"href":"https:\/\/www.achimbrueckner.de\/dxradio\/php\/wordpress\/index.php?rest_route=%2Fwp%2Fv2%2Ftags&post=13875"}],"curies":[{"name":"wp","href":"https:\/\/api.w.org\/{rel}","templated":true}]}}