{"id":13876,"date":"2017-07-24T16:26:48","date_gmt":"2017-07-24T16:26:48","guid":{"rendered":"https:\/\/www.achimbrueckner.de\/dxradio\/php\/wordpress\/?p=13876"},"modified":"2017-07-24T16:26:48","modified_gmt":"2017-07-24T16:26:48","slug":"bielefelder-radio-fans-suchen-raume-fur-treffpunkt-von-menschen-mit-und-ohne-behinderung","status":"publish","type":"post","link":"https:\/\/www.achimbrueckner.de\/dxradio\/php\/wordpress\/?p=13876","title":{"rendered":"Bielefelder Radio-Fans suchen R\u00e4ume f\u00fcr Treffpunkt von Menschen mit und ohne Behinderung"},"content":{"rendered":"<p><a href=\"http:\/\/www.nw.de\/lokal\/bielefeld\/mitte\/mitte\/21859209_Bielefelder-Radio-Fans-suchen-Raeume-fuer-Treffpunkt-von-Menschen-mit-und-ohne-Behinderung.html\" target=\"_blank\">http:\/\/www.nw.de\/lokal\/bielefeld\/mitte\/mitte\/21859209_Bielefelder-Radio-Fans-suchen-Raeume-fuer-Treffpunkt-von-Menschen-mit-und-ohne-Behinderung.html<\/a><\/p>\n","protected":false},"excerpt":{"rendered":"<p>http:\/\/www.nw.de\/lokal\/bielefeld\/mitte\/mitte\/21859209_Bielefelder-Radio-Fans-suchen-Raeume-fuer-Treffpunkt-von-Menschen-mit-und-ohne-Behinderung.html<\/p>\n","protected":false},"author":1,"featured_media":0,"comment_status":"open","ping_status":"open","sticky":false,"template":"","format":"standard","meta":{"_jetpack_memberships_contains_paid_content":false,"footnotes":"","jetpack_publicize_message":"","jetpack_publicize_feature_enabled":true,"jetpack_social_post_already_shared":true,"jetpack_social_options":{"image_generator_settings":{"template":"highway","default_image_id":0,"font":"","enabled":false},"version":2}},"categories":[1],"tags":[],"class_list":["post-13876","post","type-post","status-publish","format-standard","hentry","category-deutsch"],"jetpack_publicize_connections":[],"jetpack_featured_media_url":"","jetpack_sharing_enabled":true,"jetpack_shortlink":"https:\/\/wp.me\/p5CDmr-3BO","jetpack-related-posts":[{"id":1049,"url":"https:\/\/www.achimbrueckner.de\/dxradio\/php\/wordpress\/?p=1049","url_meta":{"origin":13876,"position":0},"title":"CRI H\u00f6rertreffen Berlin","author":"Administrator","date":"June 11, 2010","format":false,"excerpt":"Die Berliner Empfangsamateure und RHCI-Online laden zu einem CRI-H\u00f6rertreffen in Berlin ein Am 24. Juli 2010 findet in Berlin um 16.00 Uhr ein H\u00f6rertreffen von Radio ChinaInternational statt. Treffpunkt ist das China-Restaurant \u00e2\u20ac\u017eKing Do\u00e2\u20ac\u0153 in Berlin-Lankwitz. Hintergrund dieses Treffens ist das Jubil\u00e4um \u00e2\u20ac\u017e50 Jahre in Deutsch von Radio China International\u00e2\u20ac\u0153\u2026","rel":"","context":"In &quot;camps&quot;","block_context":{"text":"camps","link":"https:\/\/www.achimbrueckner.de\/dxradio\/php\/wordpress\/?cat=5"},"img":{"alt_text":"","src":"","width":0,"height":0},"classes":[]},{"id":3140,"url":"https:\/\/www.achimbrueckner.de\/dxradio\/php\/wordpress\/?p=3140","url_meta":{"origin":13876,"position":1},"title":"Diplomkontest des RTI Hoererklubs Ottenau aus Anlass des 33. ueberregionalen DX-Treffens in Ottenau","author":"Administrator","date":"May 5, 2014","format":false,"excerpt":"Aus Anlass des 33. \u00fcberregionalen DX-Treffens und RTI H\u00f6rertreffens am 10. Mai 2014 im Steakhouse Strauss in Ottenau (Treffpunkt ab 13 Uhr mitteleurop\u00e4ischer Sommerzeit in der Marxstrasse 12) f\u00fchrt unser RTI H\u00f6rerklub Ottenau auch in diesem Jahr wieder einen Diplomkontest durch. Zu empfangen sind im Zeitraum zwischen Freitag 9. und\u2026","rel":"","context":"In &quot;contests&quot;","block_context":{"text":"contests","link":"https:\/\/www.achimbrueckner.de\/dxradio\/php\/wordpress\/?cat=6"},"img":{"alt_text":"","src":"","width":0,"height":0},"classes":[]},{"id":19544,"url":"https:\/\/www.achimbrueckner.de\/dxradio\/php\/wordpress\/?p=19544","url_meta":{"origin":13876,"position":2},"title":"Deutscher Amateur-Radio-Club OV Ahrweiler Vom Handelsplatz zum Treffpunkt","author":"Administrator","date":"October 13, 2018","format":false,"excerpt":"https:\/\/www.blick-aktuell.de\/Berichte\/Vom-Handelsplatz-zum-Treffpunkt-352891.html","rel":"","context":"In &quot;Deutsch&quot;","block_context":{"text":"Deutsch","link":"https:\/\/www.achimbrueckner.de\/dxradio\/php\/wordpress\/?cat=1"},"img":{"alt_text":"","src":"","width":0,"height":0},"classes":[]},{"id":36443,"url":"https:\/\/www.achimbrueckner.de\/dxradio\/php\/wordpress\/?p=36443","url_meta":{"origin":13876,"position":3},"title":"Friedrichshafen: ORF- und DokuFunk-Freundestreffen + ROI-H\u00f6rertreffen","author":"Administrator","date":"May 31, 2022","format":false,"excerpt":"Ein guter Treffpunkt auf der HAM RADIO: Samstag, 25. Juni, 12 Uhr, Raum Liechtenstein ORF- und DokuFunk-Freundestreffen + ROI-H\u00f6rertreffen - Radio \u00d6sterreich International Ein- und Ausblick, in Gedenken an Wolf Harranth, OE1WHC Paulina Petri, OE1YPP Info via A-DX","rel":"","context":"In &quot;camps&quot;","block_context":{"text":"camps","link":"https:\/\/www.achimbrueckner.de\/dxradio\/php\/wordpress\/?cat=5"},"img":{"alt_text":"","src":"","width":0,"height":0},"classes":[]},{"id":37347,"url":"https:\/\/www.achimbrueckner.de\/dxradio\/php\/wordpress\/?p=37347","url_meta":{"origin":13876,"position":4},"title":"Radio Menschen und Geschichten 28 August 2022","author":"Administrator","date":"August 26, 2022","format":false,"excerpt":"Nach knapp 2 Jahren gibt's noch einmal(?) eine Ausgabe von \"Radio. Menschen & Geschichten\". Reduziert auf 30 Minuten, daf\u00fcr mit allen wichtigen Inhaltsstoffen f\u00fcr eine hoffentlich ausgewogene Ohr-Kost ohne Massenausw\u00fcrfe mit folgenden Themen: * Tag 186 des russischen Angriffskrieges auf die Ukraine \u2013 und er geht auch nicht am Rundfunk\u2026","rel":"","context":"In &quot;Deutsch&quot;","block_context":{"text":"Deutsch","link":"https:\/\/www.achimbrueckner.de\/dxradio\/php\/wordpress\/?cat=1"},"img":{"alt_text":"","src":"","width":0,"height":0},"classes":[]},{"id":486,"url":"https:\/\/www.achimbrueckner.de\/dxradio\/php\/wordpress\/?p=486","url_meta":{"origin":13876,"position":5},"title":"H\u00f6rertreffen IFA Berlin","author":"Administrator","date":"August 8, 2009","format":false,"excerpt":"Einladung zum H\u00f6rertreffen w\u00e4hrend der Internationalen Funkausstellung 2009 \"Wie es schon seit vielen Jahren Tradition ist, wird es auch in diesem Jahr zur Internationalen Funkausstellung, f\u00fcr alle die am Radio-Hobby interessiert sind, in Berlin ein Treffen geben. Wir laden alle Hobbyfreunde am 05. September 2009 nach Berlin zu einem Austausch\u2026","rel":"","context":"In &quot;camps&quot;","block_context":{"text":"camps","link":"https:\/\/www.achimbrueckner.de\/dxradio\/php\/wordpress\/?cat=5"},"img":{"alt_text":"","src":"","width":0,"height":0},"classes":[]}],"_links":{"self":[{"href":"https:\/\/www.achimbrueckner.de\/dxradio\/php\/wordpress\/index.php?rest_route=\/wp\/v2\/posts\/13876","targetHints":{"allow":["GET"]}}],"collection":[{"href":"https:\/\/www.achimbrueckner.de\/dxradio\/php\/wordpress\/index.php?rest_route=\/wp\/v2\/posts"}],"about":[{"href":"https:\/\/www.achimbrueckner.de\/dxradio\/php\/wordpress\/index.php?rest_route=\/wp\/v2\/types\/post"}],"author":[{"embeddable":true,"href":"https:\/\/www.achimbrueckner.de\/dxradio\/php\/wordpress\/index.php?rest_route=\/wp\/v2\/users\/1"}],"replies":[{"embeddable":true,"href":"https:\/\/www.achimbrueckner.de\/dxradio\/php\/wordpress\/index.php?rest_route=%2Fwp%2Fv2%2Fcomments&post=13876"}],"version-history":[{"count":0,"href":"https:\/\/www.achimbrueckner.de\/dxradio\/php\/wordpress\/index.php?rest_route=\/wp\/v2\/posts\/13876\/revisions"}],"wp:attachment":[{"href":"https:\/\/www.achimbrueckner.de\/dxradio\/php\/wordpress\/index.php?rest_route=%2Fwp%2Fv2%2Fmedia&parent=13876"}],"wp:term":[{"taxonomy":"category","embeddable":true,"href":"https:\/\/www.achimbrueckner.de\/dxradio\/php\/wordpress\/index.php?rest_route=%2Fwp%2Fv2%2Fcategories&post=13876"},{"taxonomy":"post_tag","embeddable":true,"href":"https:\/\/www.achimbrueckner.de\/dxradio\/php\/wordpress\/index.php?rest_route=%2Fwp%2Fv2%2Ftags&post=13876"}],"curies":[{"name":"wp","href":"https:\/\/api.w.org\/{rel}","templated":true}]}}