{"id":1402,"date":"2011-03-12T09:04:10","date_gmt":"2011-03-12T09:04:10","guid":{"rendered":"https:\/\/www.achimbrueckner.de\/dxradio\/php\/wordpress\/?p=1402"},"modified":"2011-03-12T09:04:10","modified_gmt":"2011-03-12T09:04:10","slug":"programmtipp-erinnerungen-an-radio-ropa-info","status":"publish","type":"post","link":"https:\/\/www.achimbrueckner.de\/dxradio\/php\/wordpress\/?p=1402","title":{"rendered":"Programmtipp &#8211; Erinnerungen an Radio Ropa Info"},"content":{"rendered":"<p>Sonntag, 13.03.11, 19:00- ca. 20:15h: Radio Ropa Info mit Manfred B\u00f6hm und seinen DX-Sendungen geh\u00f6rte zum absoluten Ohrenschmaus f\u00fcr uns Radiofreaks und DXer. FM Kompakt erinnert an den DX Report, an den ersten Beitrag von Markus Weidner im Studio bei Manfred (am 01.11.92), Manfred B\u00f6hm zur Einstellung des DX Reports (11.09.94), Hinweis zu Radio Ropa auf UKW in Rheinland Pfalz, der letzte DX-Report vom 25.09.1994, die Geschehnisse rund um RR Info (15.11.96), Peter Faust berichtet \u00fcber die Rundfunkszene in S\u00fcdtirol vom Herbst 1996-inkl. diverser Mitschnitte-  (Wh. Mi. 16.03. ab 22:00h)  &#8211; und das alles zu h\u00f6ren auf dem Radio-Brenner-Erinnerungsradio : <a href=\"http:\/\/www.laut.fm\/kompakt\">http:\/\/www.laut.fm\/kompakt<\/a><\/p>\n<p>Info via <a href=\"http:\/\/www.ratzer.at\">Net-Radio<\/a><\/p>\n","protected":false},"excerpt":{"rendered":"<p>Sonntag, 13.03.11, 19:00- ca. 20:15h: Radio Ropa Info mit Manfred B\u00f6hm und seinen DX-Sendungen geh\u00f6rte zum absoluten Ohrenschmaus f\u00fcr uns Radiofreaks und DXer. FM Kompakt erinnert an den DX Report, an den ersten Beitrag von Markus Weidner im Studio bei Manfred (am 01.11.92), Manfred B\u00f6hm zur Einstellung des DX Reports (11.09.94), Hinweis zu Radio Ropa &hellip; <a href=\"https:\/\/www.achimbrueckner.de\/dxradio\/php\/wordpress\/?p=1402\" class=\"more-link\">Continue reading <span class=\"screen-reader-text\">Programmtipp &#8211; Erinnerungen an Radio Ropa Info<\/span><\/a><\/p>\n","protected":false},"author":1,"featured_media":0,"comment_status":"open","ping_status":"open","sticky":false,"template":"","format":"standard","meta":{"_jetpack_memberships_contains_paid_content":false,"footnotes":"","jetpack_publicize_message":"","jetpack_publicize_feature_enabled":true,"jetpack_social_post_already_shared":false,"jetpack_social_options":{"image_generator_settings":{"template":"highway","default_image_id":0,"font":"","enabled":false},"version":2}},"categories":[1],"tags":[24,40,28,27],"class_list":["post-1402","post","type-post","status-publish","format-standard","hentry","category-deutsch","tag-am","tag-dx","tag-fm","tag-ukw"],"jetpack_publicize_connections":[],"jetpack_featured_media_url":"","jetpack_sharing_enabled":true,"jetpack_shortlink":"https:\/\/wp.me\/p5CDmr-mC","jetpack-related-posts":[{"id":872,"url":"https:\/\/www.achimbrueckner.de\/dxradio\/php\/wordpress\/?p=872","url_meta":{"origin":1402,"position":0},"title":"SWLCS-Spezial 24. Januar 2010","author":"Administrator","date":"January 24, 2010","format":false,"excerpt":"24. Januar 2010 1900 bis 2000 MEZ: http:\/\/stream.laut.fm\/kompakt.m3u Auf vielfachen Wunsch wird das SWLCS-Spezial wiederholt, mit folgendem Inhalt : Besuch im Studio von Radio F\u00f6rderband Mitte der 80iger, 2. Geburtstag von Radio Ropa Info mit dem DX-Programm von Manfred B\u00f6hm, Vorstellung des Radio S\u00fcdafrika RSA DX-Programms in deutscher Sprache, Peter\u2026","rel":"","context":"In &quot;Deutsch&quot;","block_context":{"text":"Deutsch","link":"https:\/\/www.achimbrueckner.de\/dxradio\/php\/wordpress\/?cat=1"},"img":{"alt_text":"","src":"","width":0,"height":0},"classes":[]},{"id":34200,"url":"https:\/\/www.achimbrueckner.de\/dxradio\/php\/wordpress\/?p=34200","url_meta":{"origin":1402,"position":1},"title":"FMK Weihnachten 2021","author":"Administrator","date":"December 18, 2021","format":false,"excerpt":"Hallo liebe Radiofreunde, es wird dieses Jahr keinen DX-Marathon geben an dem sich FM Kompakt bzw. Radio Klein Paris beteiligen. Trotzdem habe ich mir etwas, einen kleinen Kontest, \u00fcberlegt. FM Kompakt hat in den Programmen von Partnerstationen jeweils einen Gru\u00df platziert und auch Musikw\u00fcnsche ge\u00e4u\u00dfert. Schaltet bitte folgende Programme ein\u2026","rel":"","context":"In &quot;Deutsch&quot;","block_context":{"text":"Deutsch","link":"https:\/\/www.achimbrueckner.de\/dxradio\/php\/wordpress\/?cat=1"},"img":{"alt_text":"","src":"","width":0,"height":0},"classes":[]},{"id":2836,"url":"https:\/\/www.achimbrueckner.de\/dxradio\/php\/wordpress\/?p=2836","url_meta":{"origin":1402,"position":2},"title":"1.Ausgabe FMK-RTI-H\u00f6rerclubmagazin","author":"Administrator","date":"January 3, 2014","format":false,"excerpt":"Liebe Radiofreunde, morgen am Samstag den 04.01.14 um 11:00 Uhr geht es los. Im Rahmen des Radio Brenner Streams (http:\/\/laut.fm\/kompakt) wird das erste \u201eFMK-RTI-H\u00f6rerclubmagazin\u201c ausgestrahlt. Mit dabei sind die H\u00f6rerclubecke des RTI-H\u00f6rerclubs, die DX-Tipps von Hans-Werner Lange und Bernd Seiser sowie Beitr\u00e4ge aus den Archiven von Kunos-Radiothek, FM Kompakt und\u2026","rel":"","context":"In &quot;Deutsch&quot;","block_context":{"text":"Deutsch","link":"https:\/\/www.achimbrueckner.de\/dxradio\/php\/wordpress\/?cat=1"},"img":{"alt_text":"","src":"","width":0,"height":0},"classes":[]},{"id":4420,"url":"https:\/\/www.achimbrueckner.de\/dxradio\/php\/wordpress\/?p=4420","url_meta":{"origin":1402,"position":3},"title":"Diplomkontest des RTI H\u00f6rerklubs Ottenau 1. bis 17. Mai 2015","author":"Administrator","date":"April 20, 2015","format":false,"excerpt":"Diplomkontest des RTI H\u00f6rerklubs Ottenau Im Zeitraum vom 1. bis 17. Mai veranstaltet der RTI H\u00f6rerklub Ottenau aus Anla\u00df des 34. \u00fcberregionalen DX-Treffens vom 9. Mai im Gasthaus Adler in der Ottenauer Hauptstrasse 255 seinen n\u00e4chsten Diplomkontest. Zu h\u00f6ren sind die Kurzwellenprogramme von Radio Taiwan International, Kuno Taufenbachs FM-Kompakt Beitrag\u2026","rel":"","context":"In &quot;contests&quot;","block_context":{"text":"contests","link":"https:\/\/www.achimbrueckner.de\/dxradio\/php\/wordpress\/?cat=6"},"img":{"alt_text":"","src":"","width":0,"height":0},"classes":[]},{"id":3911,"url":"https:\/\/www.achimbrueckner.de\/dxradio\/php\/wordpress\/?p=3911","url_meta":{"origin":1402,"position":4},"title":"Kunos Radiothek und FM Kompakt goes DX und wird International !","author":"Administrator","date":"December 30, 2014","format":false,"excerpt":"Radio HCJB wird ab 03.01.15 jeweils an den ersten drei Samstagen eines Monats innerhalb der Sendung \"F\u00fcr DXer\" einen Beitrag aus der Reihe Kunos-Radiothek ausstrahlen. Sendezeiten 06:30-07:00 \/ 08:30-09:00 \/ 17:00-17:30 \/ 20:00-20:30 \/ 23:00-23:30 MEZ Frequenzen 3995 & 7365 khz Sender Weenermoor (Deutschland) & Podcast via http:\/\/www.vozandes.net\/scripts\/ALP.php Damit \u00fcbernimmt\u2026","rel":"","context":"In &quot;Deutsch&quot;","block_context":{"text":"Deutsch","link":"https:\/\/www.achimbrueckner.de\/dxradio\/php\/wordpress\/?cat=1"},"img":{"alt_text":"","src":"","width":0,"height":0},"classes":[]},{"id":15562,"url":"https:\/\/www.achimbrueckner.de\/dxradio\/php\/wordpress\/?p=15562","url_meta":{"origin":1402,"position":5},"title":"Radio Klein Paris International 6070 Khz 17. Dezember 2017","author":"Administrator","date":"November 18, 2017","format":false,"excerpt":"Hallo Radiofreunde, nach l\u00e4ngerer Pause ist am 17.Dezember 2017 zwischen 12:00 und 13:00 UTC auf 6070 khz wieder ein Programm von Radio Klein Paris International zu h\u00f6ren. Auf Grund der grossen Resonanz zum Thema DXing in der DDR in der letzten Sendung widmet sich auch dieses Programm nochmals diesem Thema.\u2026","rel":"","context":"In &quot;Deutsch&quot;","block_context":{"text":"Deutsch","link":"https:\/\/www.achimbrueckner.de\/dxradio\/php\/wordpress\/?cat=1"},"img":{"alt_text":"","src":"","width":0,"height":0},"classes":[]}],"_links":{"self":[{"href":"https:\/\/www.achimbrueckner.de\/dxradio\/php\/wordpress\/index.php?rest_route=\/wp\/v2\/posts\/1402","targetHints":{"allow":["GET"]}}],"collection":[{"href":"https:\/\/www.achimbrueckner.de\/dxradio\/php\/wordpress\/index.php?rest_route=\/wp\/v2\/posts"}],"about":[{"href":"https:\/\/www.achimbrueckner.de\/dxradio\/php\/wordpress\/index.php?rest_route=\/wp\/v2\/types\/post"}],"author":[{"embeddable":true,"href":"https:\/\/www.achimbrueckner.de\/dxradio\/php\/wordpress\/index.php?rest_route=\/wp\/v2\/users\/1"}],"replies":[{"embeddable":true,"href":"https:\/\/www.achimbrueckner.de\/dxradio\/php\/wordpress\/index.php?rest_route=%2Fwp%2Fv2%2Fcomments&post=1402"}],"version-history":[{"count":0,"href":"https:\/\/www.achimbrueckner.de\/dxradio\/php\/wordpress\/index.php?rest_route=\/wp\/v2\/posts\/1402\/revisions"}],"wp:attachment":[{"href":"https:\/\/www.achimbrueckner.de\/dxradio\/php\/wordpress\/index.php?rest_route=%2Fwp%2Fv2%2Fmedia&parent=1402"}],"wp:term":[{"taxonomy":"category","embeddable":true,"href":"https:\/\/www.achimbrueckner.de\/dxradio\/php\/wordpress\/index.php?rest_route=%2Fwp%2Fv2%2Fcategories&post=1402"},{"taxonomy":"post_tag","embeddable":true,"href":"https:\/\/www.achimbrueckner.de\/dxradio\/php\/wordpress\/index.php?rest_route=%2Fwp%2Fv2%2Ftags&post=1402"}],"curies":[{"name":"wp","href":"https:\/\/api.w.org\/{rel}","templated":true}]}}