{"id":1457,"date":"2011-04-12T15:43:13","date_gmt":"2011-04-12T15:43:13","guid":{"rendered":"https:\/\/www.achimbrueckner.de\/dxradio\/php\/wordpress\/?p=1457"},"modified":"2011-04-12T15:43:13","modified_gmt":"2011-04-12T15:43:13","slug":"wird-halle-radio-hauptstadt","status":"publish","type":"post","link":"https:\/\/www.achimbrueckner.de\/dxradio\/php\/wordpress\/?p=1457","title":{"rendered":"Wird Halle Radio-Hauptstadt?"},"content":{"rendered":"<p>Wird Halle Radio-Hauptstadt?<\/p>\n<p><a href=\"http:\/\/www.sonntagsnachrichten.de\/index.php\/halle-a-umland\/98-wird-halle-radio-hauptstadt\">http:\/\/www.sonntagsnachrichten.de\/index.php\/halle-a-umland\/98-wird-halle-radio-hauptstadt<\/a><\/p>\n<p>Info via <a href=\"http:\/\/www.ratzer.at\">A-DX<\/a><\/p>\n","protected":false},"excerpt":{"rendered":"<p>Wird Halle Radio-Hauptstadt? http:\/\/www.sonntagsnachrichten.de\/index.php\/halle-a-umland\/98-wird-halle-radio-hauptstadt Info via A-DX<\/p>\n","protected":false},"author":1,"featured_media":0,"comment_status":"open","ping_status":"open","sticky":false,"template":"","format":"standard","meta":{"_jetpack_memberships_contains_paid_content":false,"footnotes":"","jetpack_publicize_message":"","jetpack_publicize_feature_enabled":true,"jetpack_social_post_already_shared":false,"jetpack_social_options":{"image_generator_settings":{"template":"highway","default_image_id":0,"font":"","enabled":false},"version":2}},"categories":[1],"tags":[40],"class_list":["post-1457","post","type-post","status-publish","format-standard","hentry","category-deutsch","tag-dx"],"jetpack_publicize_connections":[],"jetpack_featured_media_url":"","jetpack_sharing_enabled":true,"jetpack_shortlink":"https:\/\/wp.me\/p5CDmr-nv","jetpack-related-posts":[{"id":10167,"url":"https:\/\/www.achimbrueckner.de\/dxradio\/php\/wordpress\/?p=10167","url_meta":{"origin":1457,"position":0},"title":"Radio Revolten Halle wird zum Zentrum des freien H\u00f6rfunks","author":"Administrator","date":"August 31, 2016","format":false,"excerpt":"http:\/\/www.mz-web.de\/halle-saale\/radio-revolten-halle-wird-zum-zentrum-des-freien-hoerfunks-24673256","rel":"","context":"In &quot;Deutsch&quot;","block_context":{"text":"Deutsch","link":"https:\/\/www.achimbrueckner.de\/dxradio\/php\/wordpress\/?cat=1"},"img":{"alt_text":"","src":"","width":0,"height":0},"classes":[]},{"id":4897,"url":"https:\/\/www.achimbrueckner.de\/dxradio\/php\/wordpress\/?p=4897","url_meta":{"origin":1457,"position":1},"title":"DokuFunk bei der Ham Radio","author":"Administrator","date":"June 13, 2015","format":false,"excerpt":"Alle Jahre wieder sind wir zu finden in Halle A1\/220, zu f\u00fcnft vom DOkuFunk-Team. Dem Jahresmotto folgend, wird unsere Ausstellung Amateurfunk im Orbit zeigen. Auch die Pr\u00e4sentation bei unserem Freundes- und H\u00f6retreffen, am Messesamstag, 12:00, Raum Schweiz (ja, der seit vielen Jahren traditionelle High-Noon-Termin) wird zun\u00e4chst dem Messemotto gewidmet sein.\u2026","rel":"","context":"In &quot;camps&quot;","block_context":{"text":"camps","link":"https:\/\/www.achimbrueckner.de\/dxradio\/php\/wordpress\/?cat=5"},"img":{"alt_text":"","src":"","width":0,"height":0},"classes":[]},{"id":10517,"url":"https:\/\/www.achimbrueckner.de\/dxradio\/php\/wordpress\/?p=10517","url_meta":{"origin":1457,"position":2},"title":"Radiosender in Halle -Update 26.9.2016","author":"Administrator","date":"September 27, 2016","format":false,"excerpt":"Hallo OMs, an der Clubstation DL0MLU werden seit kurzem in Zusammenarbeit mit dem lokalen Radiosender \u201eRadio Corax\u201c zwei Radiosender betrieben, ein Mittelwellensender und ein UKW-Sender. Vom 1.10.-31.10.2016 ist der Regelbetrieb geplant \u2013 momantan sind die Sender in Betrieb mit einer Ansageschleife. Der Mittelwellensender wurde von Tino\/DM2NT gebaut und kann bis\u2026","rel":"","context":"In &quot;Deutsch&quot;","block_context":{"text":"Deutsch","link":"https:\/\/www.achimbrueckner.de\/dxradio\/php\/wordpress\/?cat=1"},"img":{"alt_text":"","src":"","width":0,"height":0},"classes":[]},{"id":1207,"url":"https:\/\/www.achimbrueckner.de\/dxradio\/php\/wordpress\/?p=1207","url_meta":{"origin":1457,"position":3},"title":"Deutsches Radio Ulaanbaatar bei Radio 700.info","author":"Administrator","date":"October 27, 2010","format":false,"excerpt":"Hallo allerseits, in Zusammenarbeit mit der Deutschen Welle wird der mongolischen Hauptstadt drei mal w\u00f6chentlich ein deutschsprachiges Programm produziert, welches mir bisher v\u00f6llig unbekannt war: Deutsches Radio Ulaanbaatar Ausgestrahlt wird das Programm vor Ort \u00fcber UKW. Radio 700.info bietet jetzt aber auch einen Podcast an. N\u00e4here Informationen: http:\/\/radio700.info\/index.php?option=com_content&view=article&id=104&Itemid=105 URL des\u2026","rel":"","context":"In &quot;Deutsch&quot;","block_context":{"text":"Deutsch","link":"https:\/\/www.achimbrueckner.de\/dxradio\/php\/wordpress\/?cat=1"},"img":{"alt_text":"","src":"","width":0,"height":0},"classes":[]},{"id":9925,"url":"https:\/\/www.achimbrueckner.de\/dxradio\/php\/wordpress\/?p=9925","url_meta":{"origin":1457,"position":4},"title":"Radiokunst-Festival Vorboten der \u201eRadio Revolten\u201c in Halle","author":"Administrator","date":"August 16, 2016","format":false,"excerpt":"http:\/\/www.mz-web.de\/halle-saale\/radiokunst-festival-vorboten-der--radio-revolten--in-halle-24597834","rel":"","context":"In &quot;Deutsch&quot;","block_context":{"text":"Deutsch","link":"https:\/\/www.achimbrueckner.de\/dxradio\/php\/wordpress\/?cat=1"},"img":{"alt_text":"","src":"","width":0,"height":0},"classes":[]},{"id":10568,"url":"https:\/\/www.achimbrueckner.de\/dxradio\/php\/wordpress\/?p=10568","url_meta":{"origin":1457,"position":5},"title":"Festival Radio Revolten Halle sendet jetzt rund um die Welt","author":"Administrator","date":"October 1, 2016","format":false,"excerpt":"http:\/\/www.mz-web.de\/halle-saale\/festival-radio-revolten-halle-sendet-jetzt-rund-um-die-welt-24834350","rel":"","context":"In &quot;Deutsch&quot;","block_context":{"text":"Deutsch","link":"https:\/\/www.achimbrueckner.de\/dxradio\/php\/wordpress\/?cat=1"},"img":{"alt_text":"","src":"","width":0,"height":0},"classes":[]}],"_links":{"self":[{"href":"https:\/\/www.achimbrueckner.de\/dxradio\/php\/wordpress\/index.php?rest_route=\/wp\/v2\/posts\/1457","targetHints":{"allow":["GET"]}}],"collection":[{"href":"https:\/\/www.achimbrueckner.de\/dxradio\/php\/wordpress\/index.php?rest_route=\/wp\/v2\/posts"}],"about":[{"href":"https:\/\/www.achimbrueckner.de\/dxradio\/php\/wordpress\/index.php?rest_route=\/wp\/v2\/types\/post"}],"author":[{"embeddable":true,"href":"https:\/\/www.achimbrueckner.de\/dxradio\/php\/wordpress\/index.php?rest_route=\/wp\/v2\/users\/1"}],"replies":[{"embeddable":true,"href":"https:\/\/www.achimbrueckner.de\/dxradio\/php\/wordpress\/index.php?rest_route=%2Fwp%2Fv2%2Fcomments&post=1457"}],"version-history":[{"count":0,"href":"https:\/\/www.achimbrueckner.de\/dxradio\/php\/wordpress\/index.php?rest_route=\/wp\/v2\/posts\/1457\/revisions"}],"wp:attachment":[{"href":"https:\/\/www.achimbrueckner.de\/dxradio\/php\/wordpress\/index.php?rest_route=%2Fwp%2Fv2%2Fmedia&parent=1457"}],"wp:term":[{"taxonomy":"category","embeddable":true,"href":"https:\/\/www.achimbrueckner.de\/dxradio\/php\/wordpress\/index.php?rest_route=%2Fwp%2Fv2%2Fcategories&post=1457"},{"taxonomy":"post_tag","embeddable":true,"href":"https:\/\/www.achimbrueckner.de\/dxradio\/php\/wordpress\/index.php?rest_route=%2Fwp%2Fv2%2Ftags&post=1457"}],"curies":[{"name":"wp","href":"https:\/\/api.w.org\/{rel}","templated":true}]}}