{"id":14583,"date":"2017-09-13T14:16:39","date_gmt":"2017-09-13T14:16:39","guid":{"rendered":"https:\/\/www.achimbrueckner.de\/dxradio\/php\/wordpress\/?p=14583"},"modified":"2017-09-13T14:16:39","modified_gmt":"2017-09-13T14:16:39","slug":"darc-funk-und-radiostorungen-durch-led-lampen","status":"publish","type":"post","link":"https:\/\/www.achimbrueckner.de\/dxradio\/php\/wordpress\/?p=14583","title":{"rendered":"DARC: Funk- und Radiost\u00f6rungen durch LED-Lampen"},"content":{"rendered":"<p><a href=\"https:\/\/www.elektormagazine.de\/news\/darc-funk-und-radiostorungen-durch-led-lampen\" target=\"_blank\">https:\/\/www.elektormagazine.de\/news\/darc-funk-und-radiostorungen-durch-led-lampen<\/a><\/p>\n","protected":false},"excerpt":{"rendered":"<p>https:\/\/www.elektormagazine.de\/news\/darc-funk-und-radiostorungen-durch-led-lampen<\/p>\n","protected":false},"author":1,"featured_media":0,"comment_status":"open","ping_status":"open","sticky":false,"template":"","format":"standard","meta":{"_jetpack_memberships_contains_paid_content":false,"footnotes":"","jetpack_publicize_message":"","jetpack_publicize_feature_enabled":true,"jetpack_social_post_already_shared":true,"jetpack_social_options":{"image_generator_settings":{"template":"highway","default_image_id":0,"font":"","enabled":false},"version":2}},"categories":[1],"tags":[24],"class_list":["post-14583","post","type-post","status-publish","format-standard","hentry","category-deutsch","tag-am"],"jetpack_publicize_connections":[],"jetpack_featured_media_url":"","jetpack_sharing_enabled":true,"jetpack_shortlink":"https:\/\/wp.me\/p5CDmr-3Nd","jetpack-related-posts":[{"id":12715,"url":"https:\/\/www.achimbrueckner.de\/dxradio\/php\/wordpress\/?p=12715","url_meta":{"origin":14583,"position":0},"title":"LED-Lampen: Zu Risiken und Nebenwirkungen fragen Sie besser nicht","author":"Administrator","date":"April 2, 2017","format":false,"excerpt":"https:\/\/www.heise.de\/tp\/features\/LED-Lampen-Zu-Risiken-und-Nebenwirkungen-fragen-Sie-besser-nicht-3672830.html","rel":"","context":"In &quot;Deutsch&quot;","block_context":{"text":"Deutsch","link":"https:\/\/www.achimbrueckner.de\/dxradio\/php\/wordpress\/?cat=1"},"img":{"alt_text":"","src":"","width":0,"height":0},"classes":[]},{"id":39321,"url":"https:\/\/www.achimbrueckner.de\/dxradio\/php\/wordpress\/?p=39321","url_meta":{"origin":14583,"position":1},"title":"Funk-Telegramm 5\/2023","author":"Administrator","date":"April 14, 2023","format":false,"excerpt":"Das neue Funk-Telegramm 5\/2023 ist unterwegs zu den Lesern! Das Jahres-Abo kostet 24 Euro. Infos auf www.FUNK-TELEGRAMM.de oder einfach 24 Euro paypalen an FUNK-TELEGRAMM@t-online.de 73 Joachim, DL8HCZ Aus dem Inhalt: IC-705 und Software SDR-Control: Auf 12 Seiten erkl\u00e4rt Nils Schiffhauer, DK8OK, alles Wissenswerte zur Fernsteuerung des IC-705 \u00fcbers Internet mittels\u2026","rel":"","context":"In &quot;Deutsch&quot;","block_context":{"text":"Deutsch","link":"https:\/\/www.achimbrueckner.de\/dxradio\/php\/wordpress\/?cat=1"},"img":{"alt_text":"","src":"","width":0,"height":0},"classes":[]},{"id":14542,"url":"https:\/\/www.achimbrueckner.de\/dxradio\/php\/wordpress\/?p=14542","url_meta":{"origin":14583,"position":2},"title":"LED-Lampen st\u00f6ren Empfang \u00fcber DAB+ und DVB-T2","author":"Administrator","date":"September 10, 2017","format":false,"excerpt":"https:\/\/www.teltarif.de\/digitalradio-radio-fernsehen-dvb-t2-dab-plus\/news\/69977.html","rel":"","context":"In &quot;Deutsch&quot;","block_context":{"text":"Deutsch","link":"https:\/\/www.achimbrueckner.de\/dxradio\/php\/wordpress\/?cat=1"},"img":{"alt_text":"","src":"","width":0,"height":0},"classes":[]},{"id":33016,"url":"https:\/\/www.achimbrueckner.de\/dxradio\/php\/wordpress\/?p=33016","url_meta":{"origin":14583,"position":3},"title":"Erster solarer X-Klasse-Flare seit 2017 verursachte GPS- und Radiost\u00f6rungen","author":"Administrator","date":"July 6, 2021","format":false,"excerpt":"https:\/\/www.heise.de\/news\/Erster-solarer-X-Klasse-Flare-seit-2017-verursachte-GPS-und-Radiostoerungen-6129718.html","rel":"","context":"In &quot;Deutsch&quot;","block_context":{"text":"Deutsch","link":"https:\/\/www.achimbrueckner.de\/dxradio\/php\/wordpress\/?cat=1"},"img":{"alt_text":"","src":"","width":0,"height":0},"classes":[]},{"id":17916,"url":"https:\/\/www.achimbrueckner.de\/dxradio\/php\/wordpress\/?p=17916","url_meta":{"origin":14583,"position":4},"title":"Amateurfunk Forum Fragen und Antworten zum Thema Funk","author":"Administrator","date":"May 24, 2018","format":false,"excerpt":"Amateurfunk Forum Fragen und Antworten zum Thema Funk Aufgrund der immensen Zusatzauf\u00e4nde und der drohenden Rechtsunsicherheit durch die DSGVO (Datenschutzgrundverordnung), wird das Forum ab dem 24.05.2018 nicht mehr zur Verf\u00fcgung stehen. http:\/\/forum.db3om.de\/ftopic27607.html","rel":"","context":"In &quot;Deutsch&quot;","block_context":{"text":"Deutsch","link":"https:\/\/www.achimbrueckner.de\/dxradio\/php\/wordpress\/?cat=1"},"img":{"alt_text":"","src":"","width":0,"height":0},"classes":[]},{"id":4242,"url":"https:\/\/www.achimbrueckner.de\/dxradio\/php\/wordpress\/?p=4242","url_meta":{"origin":14583,"position":5},"title":"Radio DARC Premiere 22. M\u00e4rz 2015 6070 Khz 1000 Utc","author":"Administrator","date":"March 19, 2015","format":false,"excerpt":"Liebe YLs und OMs. nun ist es bald so weit. \"RADIO DARC\" wird am kommenden Sonntag, den 22. M\u00e4rz 2015 im 49m Rundfunkband seine regelm\u00e4\u00dfige Sendefolge aufnehmen. Die Sendungen erfolgen immer sonntags um 11 Uhr Lokalzeit (10 Uhr UTC) mit 100 kW Sendeleistung aus Wien-Moosbrunn und in einer Wiederholung montags\u2026","rel":"","context":"In &quot;Deutsch&quot;","block_context":{"text":"Deutsch","link":"https:\/\/www.achimbrueckner.de\/dxradio\/php\/wordpress\/?cat=1"},"img":{"alt_text":"","src":"","width":0,"height":0},"classes":[]}],"_links":{"self":[{"href":"https:\/\/www.achimbrueckner.de\/dxradio\/php\/wordpress\/index.php?rest_route=\/wp\/v2\/posts\/14583","targetHints":{"allow":["GET"]}}],"collection":[{"href":"https:\/\/www.achimbrueckner.de\/dxradio\/php\/wordpress\/index.php?rest_route=\/wp\/v2\/posts"}],"about":[{"href":"https:\/\/www.achimbrueckner.de\/dxradio\/php\/wordpress\/index.php?rest_route=\/wp\/v2\/types\/post"}],"author":[{"embeddable":true,"href":"https:\/\/www.achimbrueckner.de\/dxradio\/php\/wordpress\/index.php?rest_route=\/wp\/v2\/users\/1"}],"replies":[{"embeddable":true,"href":"https:\/\/www.achimbrueckner.de\/dxradio\/php\/wordpress\/index.php?rest_route=%2Fwp%2Fv2%2Fcomments&post=14583"}],"version-history":[{"count":0,"href":"https:\/\/www.achimbrueckner.de\/dxradio\/php\/wordpress\/index.php?rest_route=\/wp\/v2\/posts\/14583\/revisions"}],"wp:attachment":[{"href":"https:\/\/www.achimbrueckner.de\/dxradio\/php\/wordpress\/index.php?rest_route=%2Fwp%2Fv2%2Fmedia&parent=14583"}],"wp:term":[{"taxonomy":"category","embeddable":true,"href":"https:\/\/www.achimbrueckner.de\/dxradio\/php\/wordpress\/index.php?rest_route=%2Fwp%2Fv2%2Fcategories&post=14583"},{"taxonomy":"post_tag","embeddable":true,"href":"https:\/\/www.achimbrueckner.de\/dxradio\/php\/wordpress\/index.php?rest_route=%2Fwp%2Fv2%2Ftags&post=14583"}],"curies":[{"name":"wp","href":"https:\/\/api.w.org\/{rel}","templated":true}]}}