{"id":14750,"date":"2017-09-27T16:31:14","date_gmt":"2017-09-27T16:31:14","guid":{"rendered":"https:\/\/www.achimbrueckner.de\/dxradio\/php\/wordpress\/?p=14750"},"modified":"2017-09-27T16:31:14","modified_gmt":"2017-09-27T16:31:14","slug":"podcast-hype-als-turenoffner-fur-mehr-diversitat","status":"publish","type":"post","link":"https:\/\/www.achimbrueckner.de\/dxradio\/php\/wordpress\/?p=14750","title":{"rendered":"Podcast-Hype als T\u00fcren\u00f6ffner f\u00fcr mehr Diversit\u00e4t?"},"content":{"rendered":"<p><a href=\"http:\/\/www.deutschlandfunk.de\/medienlandschaft-podcast-hype-als-tuerenoeffner-fuer-mehr.807.de.html?dram:article_id=396782\" rel=\"noopener\" target=\"_blank\">http:\/\/www.deutschlandfunk.de\/medienlandschaft-podcast-hype-als-tuerenoeffner-fuer-mehr.807.de.html?dram:article_id=396782<\/a><\/p>\n","protected":false},"excerpt":{"rendered":"<p>http:\/\/www.deutschlandfunk.de\/medienlandschaft-podcast-hype-als-tuerenoeffner-fuer-mehr.807.de.html?dram:article_id=396782<\/p>\n","protected":false},"author":1,"featured_media":0,"comment_status":"open","ping_status":"open","sticky":false,"template":"","format":"standard","meta":{"_jetpack_memberships_contains_paid_content":false,"footnotes":"","jetpack_publicize_message":"","jetpack_publicize_feature_enabled":true,"jetpack_social_post_already_shared":true,"jetpack_social_options":{"image_generator_settings":{"template":"highway","default_image_id":0,"font":"","enabled":false},"version":2}},"categories":[1,15],"tags":[24,45],"class_list":["post-14750","post","type-post","status-publish","format-standard","hentry","category-deutsch","category-medien","tag-am","tag-medien"],"jetpack_publicize_connections":[],"jetpack_featured_media_url":"","jetpack_sharing_enabled":true,"jetpack_shortlink":"https:\/\/wp.me\/p5CDmr-3PU","jetpack-related-posts":[{"id":39154,"url":"https:\/\/www.achimbrueckner.de\/dxradio\/php\/wordpress\/?p=39154","url_meta":{"origin":14750,"position":0},"title":"Mehr als 52 Millionen Deutsche h\u00f6ren t\u00e4glich Radio :Zahl der Podcast-Nutzer w\u00e4chst weiter","author":"Administrator","date":"March 29, 2023","format":false,"excerpt":"https:\/\/www.tagesspiegel.de\/gesellschaft\/medien\/mehr-als-52-millionen-deutsche-horen-taglich-radio-zahl-der-podcast-nutzer-wachst-weiter-9580340.html","rel":"","context":"In &quot;Deutsch&quot;","block_context":{"text":"Deutsch","link":"https:\/\/www.achimbrueckner.de\/dxradio\/php\/wordpress\/?cat=1"},"img":{"alt_text":"","src":"","width":0,"height":0},"classes":[]},{"id":19420,"url":"https:\/\/www.achimbrueckner.de\/dxradio\/php\/wordpress\/?p=19420","url_meta":{"origin":14750,"position":1},"title":"&#8220;Unterleuten&#8221; als H\u00f6rspiel Alles Podcast oder was?","author":"Administrator","date":"October 4, 2018","format":false,"excerpt":"https:\/\/www.tagesspiegel.de\/medien\/unterleuten-als-hoerspiel-alles-podcast-oder-was\/23136472.html","rel":"","context":"In &quot;Deutsch&quot;","block_context":{"text":"Deutsch","link":"https:\/\/www.achimbrueckner.de\/dxradio\/php\/wordpress\/?cat=1"},"img":{"alt_text":"","src":"","width":0,"height":0},"classes":[]},{"id":237,"url":"https:\/\/www.achimbrueckner.de\/dxradio\/php\/wordpress\/?p=237","url_meta":{"origin":14750,"position":2},"title":"Medienmagazine als Podcast","author":"Administrator","date":"December 13, 2006","format":false,"excerpt":"Folgende Medienmagazine gibt es als Podcast zum download: B5 Aktuell Medienmagazin Radio Eins Medienmagazin DLF Markt und Medien Radio Q - Was mit Medien SR2 Medienwelt Quelle: ukwtv.de Radioforum","rel":"","context":"In &quot;links&quot;","block_context":{"text":"links","link":"https:\/\/www.achimbrueckner.de\/dxradio\/php\/wordpress\/?cat=7"},"img":{"alt_text":"","src":"","width":0,"height":0},"classes":[]},{"id":24202,"url":"https:\/\/www.achimbrueckner.de\/dxradio\/php\/wordpress\/?p=24202","url_meta":{"origin":14750,"position":3},"title":"Podcast-Hype geht an den meisten Deutschen vorbei","author":"Administrator","date":"August 12, 2019","format":false,"excerpt":"https:\/\/www.pressesprecher.com\/nachrichten\/podcast-hype-geht-den-meisten-deutschen-vorbei-137496793","rel":"","context":"In &quot;Deutsch&quot;","block_context":{"text":"Deutsch","link":"https:\/\/www.achimbrueckner.de\/dxradio\/php\/wordpress\/?cat=1"},"img":{"alt_text":"","src":"","width":0,"height":0},"classes":[]},{"id":29998,"url":"https:\/\/www.achimbrueckner.de\/dxradio\/php\/wordpress\/?p=29998","url_meta":{"origin":14750,"position":4},"title":"Medien-Hype im Lockdown: Zeitungen profitierten am wenigsten","author":"Administrator","date":"September 8, 2020","format":false,"excerpt":"http:\/\/www.kleinreport.ch\/news\/medien-hype-im-lockdown-zeitungen-profitierten-am-wenigsten-95361\/","rel":"","context":"In &quot;Deutsch&quot;","block_context":{"text":"Deutsch","link":"https:\/\/www.achimbrueckner.de\/dxradio\/php\/wordpress\/?cat=1"},"img":{"alt_text":"","src":"","width":0,"height":0},"classes":[]},{"id":21131,"url":"https:\/\/www.achimbrueckner.de\/dxradio\/php\/wordpress\/?p=21131","url_meta":{"origin":14750,"position":5},"title":"Der RBB will sich nicht vom Netflix-Hype paralysieren lassen","author":"Administrator","date":"January 25, 2019","format":false,"excerpt":"https:\/\/www.tagesspiegel.de\/gesellschaft\/medien\/reform-marathon-der-rbb-will-sich-nicht-vom-netflix-hype-paralysieren-lassen\/23906558.html","rel":"","context":"In &quot;Deutsch&quot;","block_context":{"text":"Deutsch","link":"https:\/\/www.achimbrueckner.de\/dxradio\/php\/wordpress\/?cat=1"},"img":{"alt_text":"","src":"","width":0,"height":0},"classes":[]}],"_links":{"self":[{"href":"https:\/\/www.achimbrueckner.de\/dxradio\/php\/wordpress\/index.php?rest_route=\/wp\/v2\/posts\/14750","targetHints":{"allow":["GET"]}}],"collection":[{"href":"https:\/\/www.achimbrueckner.de\/dxradio\/php\/wordpress\/index.php?rest_route=\/wp\/v2\/posts"}],"about":[{"href":"https:\/\/www.achimbrueckner.de\/dxradio\/php\/wordpress\/index.php?rest_route=\/wp\/v2\/types\/post"}],"author":[{"embeddable":true,"href":"https:\/\/www.achimbrueckner.de\/dxradio\/php\/wordpress\/index.php?rest_route=\/wp\/v2\/users\/1"}],"replies":[{"embeddable":true,"href":"https:\/\/www.achimbrueckner.de\/dxradio\/php\/wordpress\/index.php?rest_route=%2Fwp%2Fv2%2Fcomments&post=14750"}],"version-history":[{"count":0,"href":"https:\/\/www.achimbrueckner.de\/dxradio\/php\/wordpress\/index.php?rest_route=\/wp\/v2\/posts\/14750\/revisions"}],"wp:attachment":[{"href":"https:\/\/www.achimbrueckner.de\/dxradio\/php\/wordpress\/index.php?rest_route=%2Fwp%2Fv2%2Fmedia&parent=14750"}],"wp:term":[{"taxonomy":"category","embeddable":true,"href":"https:\/\/www.achimbrueckner.de\/dxradio\/php\/wordpress\/index.php?rest_route=%2Fwp%2Fv2%2Fcategories&post=14750"},{"taxonomy":"post_tag","embeddable":true,"href":"https:\/\/www.achimbrueckner.de\/dxradio\/php\/wordpress\/index.php?rest_route=%2Fwp%2Fv2%2Ftags&post=14750"}],"curies":[{"name":"wp","href":"https:\/\/api.w.org\/{rel}","templated":true}]}}