{"id":1482,"date":"2011-04-17T07:26:43","date_gmt":"2011-04-17T07:26:43","guid":{"rendered":"https:\/\/www.achimbrueckner.de\/dxradio\/php\/wordpress\/?p=1482"},"modified":"2011-04-17T07:26:43","modified_gmt":"2011-04-17T07:26:43","slug":"radio-6150-testing","status":"publish","type":"post","link":"https:\/\/www.achimbrueckner.de\/dxradio\/php\/wordpress\/?p=1482","title":{"rendered":"Radio 6150 testing"},"content":{"rendered":"<p>Guten Morgen,<\/p>\n<p>heute l\u00e4uft unser erster Test mit mittlerer Leistung.<\/p>\n<p>Start ca. 11.00 Uhr MESZ \/ 9.00 Uhr UTC.<br \/>\nQRG: 6150 kHz<\/p>\n<p>Empfangsberichte an<br \/>\nqsl@radio6150.de<br \/>\nsind sehr willkommen, und werden mit einer QSL-Karte best\u00e4tigt (wir bitten aber noch um ein wenig Geduld).<br \/>\nAudio-Files sind sehr hilfreich; wenn m\u00f6glich, bitte mitsenden.<\/p>\n<p>Wir bitten insbesondere um:<\/p>\n<p>a) Beurteilung der Modulation; Qualit\u00e4t \/ Klang und Lautst\u00e4rke<br \/>\nb) exakte Sendefrequenz (falls eine M\u00f6glichkeit zu genauen Messung besteht)<br \/>\nc) Vergleich mit unseren Low-Power-Tests (falls diese seinerzeit geh\u00f6rt wurden).<\/p>\n<p>Wir w\u00fcrden uns freuen, wenn unsere H\u00f6rer evtl. auch andere Hobbyfreunde informieren k\u00f6nnten, den Empfang zu versuchen und Berichte zu schicken!<\/p>\n<p>Danke!<\/p>\n<p>Good morning,<\/p>\n<p>today for the first time we&#8217;ll be running a test transmission with medium power.<\/p>\n<p>Starting around 9.00 h UTC = 11.00 h local time in Germany.<\/p>\n<p>QRG: 6150 kc<br \/>\nReception reports to<br \/>\nqsl@radio6150.de<br \/>\nare very welcome, and will be confirmed with our QSL card (but we ask for some patience).<br \/>\nAudio files are appreciated, if possible, please attach to the report.<\/p>\n<p>Especially we are interested in:<\/p>\n<p>a) Quality of modulation; loudness, sound;<br \/>\nb) exact frequency (if there is equipment for an exact metering)<br \/>\nc) Comparison with our low power tests (if one of those have been heard).<\/p>\n<p>We would be glad, if our listeners could inform some of their friends,<br \/>\nto try and send reports, too!<\/p>\n<p>Thank you! <\/p>\n","protected":false},"excerpt":{"rendered":"<p>Guten Morgen, heute l\u00e4uft unser erster Test mit mittlerer Leistung. Start ca. 11.00 Uhr MESZ \/ 9.00 Uhr UTC. QRG: 6150 kHz Empfangsberichte an qsl@radio6150.de sind sehr willkommen, und werden mit einer QSL-Karte best\u00e4tigt (wir bitten aber noch um ein wenig Geduld). Audio-Files sind sehr hilfreich; wenn m\u00f6glich, bitte mitsenden. Wir bitten insbesondere um: a) &hellip; <a href=\"https:\/\/www.achimbrueckner.de\/dxradio\/php\/wordpress\/?p=1482\" class=\"more-link\">Continue reading <span class=\"screen-reader-text\">Radio 6150 testing<\/span><\/a><\/p>\n","protected":false},"author":1,"featured_media":0,"comment_status":"open","ping_status":"open","sticky":false,"template":"","format":"standard","meta":{"_jetpack_memberships_contains_paid_content":false,"footnotes":"","jetpack_publicize_message":"","jetpack_publicize_feature_enabled":true,"jetpack_social_post_already_shared":false,"jetpack_social_options":{"image_generator_settings":{"template":"highway","default_image_id":0,"font":"","enabled":false},"version":2}},"categories":[1,3,2,4],"tags":[19,42,30,44],"class_list":["post-1482","post","type-post","status-publish","format-standard","hentry","category-deutsch","category-empfang","category-english","category-reception","tag-audio","tag-empfang","tag-qsl","tag-reception"],"jetpack_publicize_connections":[],"jetpack_featured_media_url":"","jetpack_sharing_enabled":true,"jetpack_shortlink":"https:\/\/wp.me\/p5CDmr-nU","jetpack-related-posts":[{"id":4242,"url":"https:\/\/www.achimbrueckner.de\/dxradio\/php\/wordpress\/?p=4242","url_meta":{"origin":1482,"position":0},"title":"Radio DARC Premiere 22. M\u00e4rz 2015 6070 Khz 1000 Utc","author":"Administrator","date":"March 19, 2015","format":false,"excerpt":"Liebe YLs und OMs. nun ist es bald so weit. \"RADIO DARC\" wird am kommenden Sonntag, den 22. M\u00e4rz 2015 im 49m Rundfunkband seine regelm\u00e4\u00dfige Sendefolge aufnehmen. Die Sendungen erfolgen immer sonntags um 11 Uhr Lokalzeit (10 Uhr UTC) mit 100 kW Sendeleistung aus Wien-Moosbrunn und in einer Wiederholung montags\u2026","rel":"","context":"In &quot;Deutsch&quot;","block_context":{"text":"Deutsch","link":"https:\/\/www.achimbrueckner.de\/dxradio\/php\/wordpress\/?cat=1"},"img":{"alt_text":"","src":"","width":0,"height":0},"classes":[]},{"id":4305,"url":"https:\/\/www.achimbrueckner.de\/dxradio\/php\/wordpress\/?p=4305","url_meta":{"origin":1482,"position":1},"title":"Radio 700 Spenden","author":"Administrator","date":"March 27, 2015","format":false,"excerpt":"Liebe Freunde der Kurzwelle, Seit 8 Jahren senden wir mit unseren im Vergleich zu den (ex)-staatlichen Gro\u00dfsendeanlagen bescheidenen Mitteln auf Kurzwelle. Was anfangs mit ein paar Stunden t\u00e4glich auf einer Frequenz begann hat sich mittlerweile zu einer \"oppulenteren Angelegenheit\" gemausert. Ab April 2015 strahlen wir w\u00f6chentlich 365 Stunden (gut 52\u2026","rel":"","context":"In &quot;Deutsch&quot;","block_context":{"text":"Deutsch","link":"https:\/\/www.achimbrueckner.de\/dxradio\/php\/wordpress\/?cat=1"},"img":{"alt_text":"","src":"","width":0,"height":0},"classes":[]},{"id":1825,"url":"https:\/\/www.achimbrueckner.de\/dxradio\/php\/wordpress\/?p=1825","url_meta":{"origin":1482,"position":2},"title":"Radio Nord 16 Oktober 2011","author":"Administrator","date":"October 14, 2011","format":false,"excerpt":"Hallo lieber Freund, F\u00f6rderer oder Radiokollege, an dieser Stelle nochmals ein herzliches Dankesch\u00f6n f\u00fcr deine Reaktion zu unserer Sendung vom 21. August 2011. NordAM geht am kommenden Wochenende in die dritte Runde - und vielleicht bist du ja wieder auf Kurzwelle 6005 kHz dabei? Wir w\u00fcrden uns freuen, dich und\u2026","rel":"","context":"In &quot;Deutsch&quot;","block_context":{"text":"Deutsch","link":"https:\/\/www.achimbrueckner.de\/dxradio\/php\/wordpress\/?cat=1"},"img":{"alt_text":"","src":"","width":0,"height":0},"classes":[]},{"id":34242,"url":"https:\/\/www.achimbrueckner.de\/dxradio\/php\/wordpress\/?p=34242","url_meta":{"origin":1482,"position":3},"title":"QSL-Karten des Ahrtal Radio auf 3985 kHz","author":"Administrator","date":"December 25, 2021","format":false,"excerpt":"Und so kommt man zu den begehrten QSL-Karten des Ahrtal Radio auf 3985 kHz: Die 86 QSLs sind limitiert, daher gibt es ein ausgekl\u00fcgeltes Punktesystem. Jede QSL hat eine laufende Nummer, die der Platzierung entspricht (QSL #1 mit der meisten Punktzahl, QSL #86 mit der niedrigsten Punktzahl) G\u00fcltige Empfangswege sind\u2026","rel":"","context":"In &quot;Deutsch&quot;","block_context":{"text":"Deutsch","link":"https:\/\/www.achimbrueckner.de\/dxradio\/php\/wordpress\/?cat=1"},"img":{"alt_text":"","src":"","width":0,"height":0},"classes":[]},{"id":2070,"url":"https:\/\/www.achimbrueckner.de\/dxradio\/php\/wordpress\/?p=2070","url_meta":{"origin":1482,"position":4},"title":"Nord AM 1 Januar 2012","author":"Administrator","date":"December 29, 2011","format":false,"excerpt":"Liebe H\u00f6rer, liebe Freunde, Zun\u00e4chst m\u00f6chten wir uns f\u00fcr die R\u00fcckmeldungen, Empfangsberichte und Anregungen zu unserer letzten Sendung vom Oktober dieses Jahres bedanken. Alle eingegangenen Berichte haben wir bereits vor einigen Wochen mit einer QSL-Karte best\u00e4tigt. Das Jahr 2011 neigt dich dem Ende zu - und uns war klar, dass\u2026","rel":"","context":"In &quot;Deutsch&quot;","block_context":{"text":"Deutsch","link":"https:\/\/www.achimbrueckner.de\/dxradio\/php\/wordpress\/?cat=1"},"img":{"alt_text":"","src":"","width":0,"height":0},"classes":[]},{"id":2348,"url":"https:\/\/www.achimbrueckner.de\/dxradio\/php\/wordpress\/?p=2348","url_meta":{"origin":1482,"position":5},"title":"Jubil\u00e4umscontest 20 Jahre Deutschsprachiger H\u00f6rerklub von Radio Tirana (RTHK)","author":"Administrator","date":"December 10, 2012","format":false,"excerpt":"Jubil\u00e4umscontest 20 Jahre Deutschsprachiger H\u00f6rerklub von Radio Tirana (RTHK) Der Kontest besteht aus drei Teilen: I Einem Vordruck f\u00fcr vier Empfangsberichte II Einem Fragebogen zu den Sendungen von Radio Tirana (2 Seiten) III Einem Quiz mit f\u00fcnf (leichten bis einfachen) Fragen \u00fcber Albanien Einige Hinweise dazu: Auf dem ersten Vordruck\u2026","rel":"","context":"In &quot;contests&quot;","block_context":{"text":"contests","link":"https:\/\/www.achimbrueckner.de\/dxradio\/php\/wordpress\/?cat=6"},"img":{"alt_text":"","src":"","width":0,"height":0},"classes":[]}],"_links":{"self":[{"href":"https:\/\/www.achimbrueckner.de\/dxradio\/php\/wordpress\/index.php?rest_route=\/wp\/v2\/posts\/1482","targetHints":{"allow":["GET"]}}],"collection":[{"href":"https:\/\/www.achimbrueckner.de\/dxradio\/php\/wordpress\/index.php?rest_route=\/wp\/v2\/posts"}],"about":[{"href":"https:\/\/www.achimbrueckner.de\/dxradio\/php\/wordpress\/index.php?rest_route=\/wp\/v2\/types\/post"}],"author":[{"embeddable":true,"href":"https:\/\/www.achimbrueckner.de\/dxradio\/php\/wordpress\/index.php?rest_route=\/wp\/v2\/users\/1"}],"replies":[{"embeddable":true,"href":"https:\/\/www.achimbrueckner.de\/dxradio\/php\/wordpress\/index.php?rest_route=%2Fwp%2Fv2%2Fcomments&post=1482"}],"version-history":[{"count":0,"href":"https:\/\/www.achimbrueckner.de\/dxradio\/php\/wordpress\/index.php?rest_route=\/wp\/v2\/posts\/1482\/revisions"}],"wp:attachment":[{"href":"https:\/\/www.achimbrueckner.de\/dxradio\/php\/wordpress\/index.php?rest_route=%2Fwp%2Fv2%2Fmedia&parent=1482"}],"wp:term":[{"taxonomy":"category","embeddable":true,"href":"https:\/\/www.achimbrueckner.de\/dxradio\/php\/wordpress\/index.php?rest_route=%2Fwp%2Fv2%2Fcategories&post=1482"},{"taxonomy":"post_tag","embeddable":true,"href":"https:\/\/www.achimbrueckner.de\/dxradio\/php\/wordpress\/index.php?rest_route=%2Fwp%2Fv2%2Ftags&post=1482"}],"curies":[{"name":"wp","href":"https:\/\/api.w.org\/{rel}","templated":true}]}}