{"id":1483,"date":"2011-04-18T11:32:27","date_gmt":"2011-04-18T11:32:27","guid":{"rendered":"https:\/\/www.achimbrueckner.de\/dxradio\/php\/wordpress\/?p=1483"},"modified":"2011-04-27T11:10:06","modified_gmt":"2011-04-27T11:10:06","slug":"neues-aus-dem-archiv","status":"publish","type":"post","link":"https:\/\/www.achimbrueckner.de\/dxradio\/php\/wordpress\/?p=1483","title":{"rendered":"Neues aus dem Archiv"},"content":{"rendered":"<p>Neu aus dem Archiv:<\/p>\n<p>Radio Trausnitz, AWN Landshut, Welle Untermain, Radio Z<\/p>\n<p>jeweils der Sendestart.<\/p>\n<p><a href=\"https:\/\/www.achimbrueckner.de\/dxradio\/audio\/160kbps\/\">Audiodateien 160kbps<\/a><\/p>\n","protected":false},"excerpt":{"rendered":"<p>Neu aus dem Archiv: Radio Trausnitz, AWN Landshut, Welle Untermain, Radio Z jeweils der Sendestart. Audiodateien 160kbps<\/p>\n","protected":false},"author":1,"featured_media":0,"comment_status":"open","ping_status":"open","sticky":false,"template":"","format":"standard","meta":{"_jetpack_memberships_contains_paid_content":false,"footnotes":"","jetpack_publicize_message":"","jetpack_publicize_feature_enabled":true,"jetpack_social_post_already_shared":false,"jetpack_social_options":{"image_generator_settings":{"template":"highway","default_image_id":0,"font":"","enabled":false},"version":2}},"categories":[13,12],"tags":[19],"class_list":["post-1483","post","type-post","status-publish","format-standard","hentry","category-download","category-updates","tag-audio"],"jetpack_publicize_connections":[],"jetpack_featured_media_url":"","jetpack_sharing_enabled":true,"jetpack_shortlink":"https:\/\/wp.me\/p5CDmr-nV","jetpack-related-posts":[{"id":3931,"url":"https:\/\/www.achimbrueckner.de\/dxradio\/php\/wordpress\/?p=3931","url_meta":{"origin":1483,"position":0},"title":"Sch\u00e4tze im Tonarchiv von Radio Vatikan So klingt Papst","author":"Administrator","date":"January 5, 2015","format":false,"excerpt":"http:\/\/www.spiegel.de\/einestages\/papst-stimmen-schaetze-aus-dem-archiv-von-radio-vatikan-a-1007638.html","rel":"","context":"In &quot;Deutsch&quot;","block_context":{"text":"Deutsch","link":"https:\/\/www.achimbrueckner.de\/dxradio\/php\/wordpress\/?cat=1"},"img":{"alt_text":"","src":"","width":0,"height":0},"classes":[]},{"id":32253,"url":"https:\/\/www.achimbrueckner.de\/dxradio\/php\/wordpress\/?p=32253","url_meta":{"origin":1483,"position":1},"title":"Wie funktioniert Fernsehen? (1965)","author":"Administrator","date":"March 12, 2021","format":false,"excerpt":"https:\/\/www.ardmediathek.de\/radiobremen\/video\/radio-bremen-retro-filme-aus-dem-archiv\/wie-funktioniert-fernsehen-1965\/radio-bremen-fernsehen\/","rel":"","context":"In &quot;Deutsch&quot;","block_context":{"text":"Deutsch","link":"https:\/\/www.achimbrueckner.de\/dxradio\/php\/wordpress\/?cat=1"},"img":{"alt_text":"","src":"","width":0,"height":0},"classes":[]},{"id":40776,"url":"https:\/\/www.achimbrueckner.de\/dxradio\/php\/wordpress\/?p=40776","url_meta":{"origin":1483,"position":2},"title":"30 Jahre Deutschlandradio","author":"Administrator","date":"January 6, 2024","format":false,"excerpt":"Aus drei wurde eins: 1994 entstand aus den Sendern RIAS und DS Kultur in Berlin sowie Deutschlandfunk in K\u00f6ln das \u00f6ffentlich-rechtliche Medienunternehmen Deutschlandradio. Am 1. Januar j\u00e4hrt sich der erste Sendetag zum 30. Mal. Alle Infos zum Jubil\u00e4um finden Sie hier: https:\/\/www.deutschlandradio.de\/30-jahre-100.html Eine knarzende Telefonleitung eines gefl\u00fcchteten Volkspolizisten, ein intimes\u2026","rel":"","context":"In &quot;Deutsch&quot;","block_context":{"text":"Deutsch","link":"https:\/\/www.achimbrueckner.de\/dxradio\/php\/wordpress\/?cat=1"},"img":{"alt_text":"","src":"","width":0,"height":0},"classes":[]},{"id":1852,"url":"https:\/\/www.achimbrueckner.de\/dxradio\/php\/wordpress\/?p=1852","url_meta":{"origin":1483,"position":3},"title":"QSL Kalender 2012","author":"Administrator","date":"October 27, 2011","format":false,"excerpt":"Hallo Freunde, wie allseits bekannt, gibt der Rhein-Main-Radio-Club zusammen mit dem ADDX-Archiv seit nunmehr 7 Jahren den QSL-Kalender heraus, einen Hochglanz-Wandkalender A4 mit seltenen und dekorativen QSL-Karten aus aller Welt. Im neuen QSL-Kalender 2012 haben wir u.a. ein Sch\u00e4tzchen abgedruckt, eine QSL-Karte von 1935 !!! Wer also einen Kalender haben\u2026","rel":"","context":"In &quot;Deutsch&quot;","block_context":{"text":"Deutsch","link":"https:\/\/www.achimbrueckner.de\/dxradio\/php\/wordpress\/?cat=1"},"img":{"alt_text":"","src":"","width":0,"height":0},"classes":[]},{"id":33219,"url":"https:\/\/www.achimbrueckner.de\/dxradio\/php\/wordpress\/?p=33219","url_meta":{"origin":1483,"position":4},"title":"Radio Andorra 7- August 2021 17-20 Utc 6180 Khz","author":"Administrator","date":"August 2, 2021","format":false,"excerpt":"Nach der Flut ist vor der Sendung. Zum 82. Geburtstag des Senders \"Radio Andorra\" haben wir zusammen mit dem Arxiu Nacional d'Andorra eine Sendung aus Sommer 1979 restauriert und wieder sendbar gemacht. Radioh\u00f6ren, wie vor 42 Jahren - am 07. August 2021. Hier unsere Pressemitteilung: \u201cF\u00fcr viele Radioh\u00f6rer in Europa\u2026","rel":"","context":"In &quot;Deutsch&quot;","block_context":{"text":"Deutsch","link":"https:\/\/www.achimbrueckner.de\/dxradio\/php\/wordpress\/?cat=1"},"img":{"alt_text":"","src":"","width":0,"height":0},"classes":[]},{"id":2356,"url":"https:\/\/www.achimbrueckner.de\/dxradio\/php\/wordpress\/?p=2356","url_meta":{"origin":1483,"position":5},"title":"ausgefallene und seltene QSLs im Kalender 2013","author":"Administrator","date":"December 17, 2012","format":false,"excerpt":"Hallo Freunde und DXer, seit einigen Jahren gibt der RMRC zusammen mit dem ADDX-Archiv einen exclusiven QSL-Kalender heraus mit sehr seltenen und dekorativen QSL-Karten aus aller Welt. Wir machen das als Radioclub Non Profit nur zur Unterst\u00fctzung des Rundfunkfernempfangs. Wer noch ein besonderes Weihnachtsgeschenk f\u00fcr einen Hobbyfreund sucht, der QSL-Kalender\u2026","rel":"","context":"In &quot;Deutsch&quot;","block_context":{"text":"Deutsch","link":"https:\/\/www.achimbrueckner.de\/dxradio\/php\/wordpress\/?cat=1"},"img":{"alt_text":"","src":"","width":0,"height":0},"classes":[]}],"_links":{"self":[{"href":"https:\/\/www.achimbrueckner.de\/dxradio\/php\/wordpress\/index.php?rest_route=\/wp\/v2\/posts\/1483","targetHints":{"allow":["GET"]}}],"collection":[{"href":"https:\/\/www.achimbrueckner.de\/dxradio\/php\/wordpress\/index.php?rest_route=\/wp\/v2\/posts"}],"about":[{"href":"https:\/\/www.achimbrueckner.de\/dxradio\/php\/wordpress\/index.php?rest_route=\/wp\/v2\/types\/post"}],"author":[{"embeddable":true,"href":"https:\/\/www.achimbrueckner.de\/dxradio\/php\/wordpress\/index.php?rest_route=\/wp\/v2\/users\/1"}],"replies":[{"embeddable":true,"href":"https:\/\/www.achimbrueckner.de\/dxradio\/php\/wordpress\/index.php?rest_route=%2Fwp%2Fv2%2Fcomments&post=1483"}],"version-history":[{"count":0,"href":"https:\/\/www.achimbrueckner.de\/dxradio\/php\/wordpress\/index.php?rest_route=\/wp\/v2\/posts\/1483\/revisions"}],"wp:attachment":[{"href":"https:\/\/www.achimbrueckner.de\/dxradio\/php\/wordpress\/index.php?rest_route=%2Fwp%2Fv2%2Fmedia&parent=1483"}],"wp:term":[{"taxonomy":"category","embeddable":true,"href":"https:\/\/www.achimbrueckner.de\/dxradio\/php\/wordpress\/index.php?rest_route=%2Fwp%2Fv2%2Fcategories&post=1483"},{"taxonomy":"post_tag","embeddable":true,"href":"https:\/\/www.achimbrueckner.de\/dxradio\/php\/wordpress\/index.php?rest_route=%2Fwp%2Fv2%2Ftags&post=1483"}],"curies":[{"name":"wp","href":"https:\/\/api.w.org\/{rel}","templated":true}]}}