{"id":1490,"date":"2011-04-21T13:25:48","date_gmt":"2011-04-21T13:25:48","guid":{"rendered":"https:\/\/www.achimbrueckner.de\/dxradio\/php\/wordpress\/?p=1490"},"modified":"2011-04-21T13:25:48","modified_gmt":"2011-04-21T13:25:48","slug":"ham-radio-2011","status":"publish","type":"post","link":"https:\/\/www.achimbrueckner.de\/dxradio\/php\/wordpress\/?p=1490","title":{"rendered":"Ham Radio 2011"},"content":{"rendered":"<p>vom 24. &#8211; 26.6.2011 findet die 36. Ausstellung &#8220;ham radio&#8221; in<br \/>\nFriedrichshafen statt:<\/p>\n<p><a href=\"http:\/\/www.hamradio-friedrichshafen.de\/\">http:\/\/www.hamradio-friedrichshafen.de\/<\/a><\/p>\n","protected":false},"excerpt":{"rendered":"<p>vom 24. &#8211; 26.6.2011 findet die 36. Ausstellung &#8220;ham radio&#8221; in Friedrichshafen statt: http:\/\/www.hamradio-friedrichshafen.de\/<\/p>\n","protected":false},"author":1,"featured_media":0,"comment_status":"open","ping_status":"open","sticky":false,"template":"","format":"standard","meta":{"_jetpack_memberships_contains_paid_content":false,"footnotes":"","jetpack_publicize_message":"","jetpack_publicize_feature_enabled":true,"jetpack_social_post_already_shared":false,"jetpack_social_options":{"image_generator_settings":{"template":"highway","default_image_id":0,"font":"","enabled":false},"version":2}},"categories":[5],"tags":[24],"class_list":["post-1490","post","type-post","status-publish","format-standard","hentry","category-camps","tag-am"],"jetpack_publicize_connections":[],"jetpack_featured_media_url":"","jetpack_sharing_enabled":true,"jetpack_shortlink":"https:\/\/wp.me\/p5CDmr-o2","jetpack-related-posts":[{"id":7826,"url":"https:\/\/www.achimbrueckner.de\/dxradio\/php\/wordpress\/?p=7826","url_meta":{"origin":1490,"position":0},"title":"HAM Radio 2017 (!) verschoben","author":"Administrator","date":"March 15, 2016","format":false,"excerpt":"Messe Friedrichshafen und DARC fixieren den Messetermin f\u00fcr 2017 \u2013 Funkamateure treffen sich vom 14. bis 16. Juli 2017 am Bodensee Neue Terminierung: Messe Ham Radio findet im Jahr 2017 im Juli in Friedrichshafen statt Friedrichshafen \u2013 Die Ham Radio zieht es in den Sommer. Die Veranstalter der Messe Friedrichshafen\u2026","rel":"","context":"In &quot;camps&quot;","block_context":{"text":"camps","link":"https:\/\/www.achimbrueckner.de\/dxradio\/php\/wordpress\/?cat=5"},"img":{"alt_text":"","src":"","width":0,"height":0},"classes":[]},{"id":330,"url":"https:\/\/www.achimbrueckner.de\/dxradio\/php\/wordpress\/?p=330","url_meta":{"origin":1490,"position":1},"title":"Ham Radio 2007","author":"Administrator","date":"May 29, 2007","format":false,"excerpt":"Vom 22. bis 24. Juni 2007 findet in Friedrichshafen die Ham-Radio statt. Sie ist die gr\u00f6\u00dfte europ\u00e4ische Amateurfunkmesse und DXer-Zusammenkunft. Info via dxbruelhart im Radioforum ukwtv.de","rel":"","context":"In &quot;camps&quot;","block_context":{"text":"camps","link":"https:\/\/www.achimbrueckner.de\/dxradio\/php\/wordpress\/?cat=5"},"img":{"alt_text":"","src":"","width":0,"height":0},"classes":[]},{"id":21454,"url":"https:\/\/www.achimbrueckner.de\/dxradio\/php\/wordpress\/?p=21454","url_meta":{"origin":1490,"position":2},"title":"HAM Radio 2019","author":"Administrator","date":"February 10, 2019","format":false,"excerpt":"Liebe A-DXer, Die HAM Radio 2019 findet vom 21.- 23. Juni 2019 in Friedrichshafen statt. Ich m\u00f6chte daher zeitgerecht informieren falls man die M\u00f6glichkeit nutzen m\u00f6chte der Messe, nein es ist ja lt. Messegesellschaft nun nur mehr eine \u201eAusstellung\u201c, einen Besuch abzustatten und rechtzeitig eine \u00dcbernachtungsm\u00f6glichkeit zu suchen. Da es\u2026","rel":"","context":"In &quot;camps&quot;","block_context":{"text":"camps","link":"https:\/\/www.achimbrueckner.de\/dxradio\/php\/wordpress\/?cat=5"},"img":{"alt_text":"","src":"","width":0,"height":0},"classes":[]},{"id":39674,"url":"https:\/\/www.achimbrueckner.de\/dxradio\/php\/wordpress\/?p=39674","url_meta":{"origin":1490,"position":3},"title":"Deutschlands bekanntester, bergsteigender Funkamateur Emil Bergmann zu Gast auf der Ham Radio vom 23. bis 25. Juni 2023","author":"Administrator","date":"June 17, 2023","format":false,"excerpt":"Deutschlands bekanntester, bergsteigender Funkamateur Emil Bergmann zu Gast auf der Ham Radio vom 23. bis 25. Juni 2023 Abenteuer Amateurfunk: Einmal um die ganze Welt mit Funkequipment 12.06.2023 | Emil Bergmann Friedrichshafen \u2013 Emil Bergmann, Alpinist, Extremkletterer und leidenschaftlicher Funkamateur hat vor wenigen Tagen seine j\u00fcngste Expedition beendet. Gemeinsam mit\u2026","rel":"","context":"In &quot;camps&quot;","block_context":{"text":"camps","link":"https:\/\/www.achimbrueckner.de\/dxradio\/php\/wordpress\/?cat=5"},"img":{"alt_text":"","src":"","width":0,"height":0},"classes":[]},{"id":4728,"url":"https:\/\/www.achimbrueckner.de\/dxradio\/php\/wordpress\/?p=4728","url_meta":{"origin":1490,"position":4},"title":"HAM Radio 26. &#8211; 28. Juni 2015 Programm","author":"Administrator","date":"May 26, 2015","format":false,"excerpt":"http:\/\/www.hamradio-friedrichshafen.de\/ham-de\/messeinformationen\/tagesprogramm.php Info via A-DX","rel":"","context":"In &quot;camps&quot;","block_context":{"text":"camps","link":"https:\/\/www.achimbrueckner.de\/dxradio\/php\/wordpress\/?cat=5"},"img":{"alt_text":"","src":"","width":0,"height":0},"classes":[]},{"id":4503,"url":"https:\/\/www.achimbrueckner.de\/dxradio\/php\/wordpress\/?p=4503","url_meta":{"origin":1490,"position":5},"title":"HAM Radio 26. bis 28. Juni 2015","author":"Administrator","date":"April 30, 2015","format":false,"excerpt":"http:\/\/www.hamradio-friedrichshafen.de","rel":"","context":"In &quot;camps&quot;","block_context":{"text":"camps","link":"https:\/\/www.achimbrueckner.de\/dxradio\/php\/wordpress\/?cat=5"},"img":{"alt_text":"","src":"","width":0,"height":0},"classes":[]}],"_links":{"self":[{"href":"https:\/\/www.achimbrueckner.de\/dxradio\/php\/wordpress\/index.php?rest_route=\/wp\/v2\/posts\/1490","targetHints":{"allow":["GET"]}}],"collection":[{"href":"https:\/\/www.achimbrueckner.de\/dxradio\/php\/wordpress\/index.php?rest_route=\/wp\/v2\/posts"}],"about":[{"href":"https:\/\/www.achimbrueckner.de\/dxradio\/php\/wordpress\/index.php?rest_route=\/wp\/v2\/types\/post"}],"author":[{"embeddable":true,"href":"https:\/\/www.achimbrueckner.de\/dxradio\/php\/wordpress\/index.php?rest_route=\/wp\/v2\/users\/1"}],"replies":[{"embeddable":true,"href":"https:\/\/www.achimbrueckner.de\/dxradio\/php\/wordpress\/index.php?rest_route=%2Fwp%2Fv2%2Fcomments&post=1490"}],"version-history":[{"count":0,"href":"https:\/\/www.achimbrueckner.de\/dxradio\/php\/wordpress\/index.php?rest_route=\/wp\/v2\/posts\/1490\/revisions"}],"wp:attachment":[{"href":"https:\/\/www.achimbrueckner.de\/dxradio\/php\/wordpress\/index.php?rest_route=%2Fwp%2Fv2%2Fmedia&parent=1490"}],"wp:term":[{"taxonomy":"category","embeddable":true,"href":"https:\/\/www.achimbrueckner.de\/dxradio\/php\/wordpress\/index.php?rest_route=%2Fwp%2Fv2%2Fcategories&post=1490"},{"taxonomy":"post_tag","embeddable":true,"href":"https:\/\/www.achimbrueckner.de\/dxradio\/php\/wordpress\/index.php?rest_route=%2Fwp%2Fv2%2Ftags&post=1490"}],"curies":[{"name":"wp","href":"https:\/\/api.w.org\/{rel}","templated":true}]}}