{"id":1495,"date":"2011-04-25T21:09:08","date_gmt":"2011-04-25T21:09:08","guid":{"rendered":"https:\/\/www.achimbrueckner.de\/dxradio\/php\/wordpress\/?p=1495"},"modified":"2011-04-25T21:09:08","modified_gmt":"2011-04-25T21:09:08","slug":"erf-radio-schaltet-zum-jahresende-seine-mittelwelle-ab-empfang-kunftig-uber-dab","status":"publish","type":"post","link":"https:\/\/www.achimbrueckner.de\/dxradio\/php\/wordpress\/?p=1495","title":{"rendered":"ERF Radio schaltet zum Jahresende seine Mittelwelle ab &#8211; Empfang k\u00fcnftig \u00fcber DAB+"},"content":{"rendered":"<p>ERF Radio schaltet zum Jahresende seine Mittelwelle ab &#8211; Empfang k\u00fcnftig \u00fcber DAB+<\/p>\n<p><a href=\"http:\/\/radiowoche.de\/meldungen\/1\/10450\/erf-radio-schaltet-zum-jahresende-seine-mittelwelle-ab-empfang-kuenftig-ueber-dab\/\">http:\/\/radiowoche.de\/meldungen\/1\/10450\/erf-radio-schaltet-zum-jahresende-seine-mittelwelle-ab-empfang-kuenftig-ueber-dab\/<\/a><\/p>\n","protected":false},"excerpt":{"rendered":"<p>ERF Radio schaltet zum Jahresende seine Mittelwelle ab &#8211; Empfang k\u00fcnftig \u00fcber DAB+ http:\/\/radiowoche.de\/meldungen\/1\/10450\/erf-radio-schaltet-zum-jahresende-seine-mittelwelle-ab-empfang-kuenftig-ueber-dab\/<\/p>\n","protected":false},"author":1,"featured_media":0,"comment_status":"open","ping_status":"open","sticky":false,"template":"","format":"standard","meta":{"_jetpack_memberships_contains_paid_content":false,"footnotes":"","jetpack_publicize_message":"","jetpack_publicize_feature_enabled":true,"jetpack_social_post_already_shared":false,"jetpack_social_options":{"image_generator_settings":{"template":"highway","default_image_id":0,"font":"","enabled":false},"version":2}},"categories":[1,3],"tags":[31,42],"class_list":["post-1495","post","type-post","status-publish","format-standard","hentry","category-deutsch","category-empfang","tag-dab","tag-empfang"],"jetpack_publicize_connections":[],"jetpack_featured_media_url":"","jetpack_sharing_enabled":true,"jetpack_shortlink":"https:\/\/wp.me\/p5CDmr-o7","jetpack-related-posts":[{"id":4183,"url":"https:\/\/www.achimbrueckner.de\/dxradio\/php\/wordpress\/?p=4183","url_meta":{"origin":1495,"position":0},"title":"Radioempfang: NDR schaltet seine Mittelwellensender ab","author":"Administrator","date":"March 6, 2015","format":false,"excerpt":"http:\/\/www.spiegel.de\/netzwelt\/web\/radio-ausstrahlung-am-montag-ist-beim-ndr-schluss-mit-mittelwelle-a-1011623.html#","rel":"","context":"In &quot;Deutsch&quot;","block_context":{"text":"Deutsch","link":"https:\/\/www.achimbrueckner.de\/dxradio\/php\/wordpress\/?cat=1"},"img":{"alt_text":"","src":"","width":0,"height":0},"classes":[]},{"id":3946,"url":"https:\/\/www.achimbrueckner.de\/dxradio\/php\/wordpress\/?p=3946","url_meta":{"origin":1495,"position":1},"title":"Radioempfang: NDR schaltet seine Mittelwellensender ab","author":"Administrator","date":"January 7, 2015","format":false,"excerpt":"http:\/\/www.spiegel.de\/netzwelt\/web\/radio-ausstrahlung-am-montag-ist-beim-ndr-schluss-mit-mittelwelle-a-1011623.html Info via A-DX","rel":"","context":"In &quot;Deutsch&quot;","block_context":{"text":"Deutsch","link":"https:\/\/www.achimbrueckner.de\/dxradio\/php\/wordpress\/?cat=1"},"img":{"alt_text":"","src":"","width":0,"height":0},"classes":[]},{"id":4874,"url":"https:\/\/www.achimbrueckner.de\/dxradio\/php\/wordpress\/?p=4874","url_meta":{"origin":1495,"position":2},"title":"ERF gibt neue Standorte zum Netzausbau f\u00fcr den digitalen Radioempfang (DAB+) bekannt","author":"Administrator","date":"June 11, 2015","format":false,"excerpt":"https:\/\/www.infosat.de\/radio\/erf-gibt-neue-standorte-zum-netzausbau-f-r-den-digitalen-radioempfang-dab-bekannt","rel":"","context":"In &quot;Deutsch&quot;","block_context":{"text":"Deutsch","link":"https:\/\/www.achimbrueckner.de\/dxradio\/php\/wordpress\/?cat=1"},"img":{"alt_text":"","src":"","width":0,"height":0},"classes":[]},{"id":799,"url":"https:\/\/www.achimbrueckner.de\/dxradio\/php\/wordpress\/?p=799","url_meta":{"origin":1495,"position":3},"title":"HR schaltet Mittelwelle ab","author":"Administrator","date":"December 28, 2009","format":false,"excerpt":"Der HR Hessische Rundfunk schaltet zum Jahresende die Mittelwelle 594 Khz ab. http:\/\/www.hr-online.de\/website\/derhr\/home\/presse_meldung_einzel.jsp?rubrik=4820&key=presse_lang_38504513 Info via Wellenforum","rel":"","context":"In &quot;Deutsch&quot;","block_context":{"text":"Deutsch","link":"https:\/\/www.achimbrueckner.de\/dxradio\/php\/wordpress\/?cat=1"},"img":{"alt_text":"","src":"","width":0,"height":0},"classes":[]},{"id":1517,"url":"https:\/\/www.achimbrueckner.de\/dxradio\/php\/wordpress\/?p=1517","url_meta":{"origin":1495,"position":4},"title":"ERF-Brosch\u00fcre zu DAB+-Empfang","author":"Administrator","date":"May 2, 2011","format":false,"excerpt":"ERF-Brosch\u00fcre zu DAB+-Empfang http:\/\/www.erf.de\/download\/pdf\/DABplus_Radioempfang.pdf Info via A-DX","rel":"","context":"In &quot;Deutsch&quot;","block_context":{"text":"Deutsch","link":"https:\/\/www.achimbrueckner.de\/dxradio\/php\/wordpress\/?cat=1"},"img":{"alt_text":"","src":"","width":0,"height":0},"classes":[]},{"id":1717,"url":"https:\/\/www.achimbrueckner.de\/dxradio\/php\/wordpress\/?p=1717","url_meta":{"origin":1495,"position":5},"title":"ERF Medien startet erfolgreich auf DAB+ &#8211; Digitales Radio wird Mittelwelle ersetzen","author":"Administrator","date":"August 1, 2011","format":false,"excerpt":"ERF Medien startet erfolgreich auf DAB+ - Digitales Radio wird Mittelwelle ersetzen http:\/\/www.radiowoche.de\/meldungen\/1\/10766\/erf-medien-startet-erfolgreich-auf-dabdigitales-radio-wird-mittelwelle-ersetzen\/","rel":"","context":"In &quot;Deutsch&quot;","block_context":{"text":"Deutsch","link":"https:\/\/www.achimbrueckner.de\/dxradio\/php\/wordpress\/?cat=1"},"img":{"alt_text":"","src":"","width":0,"height":0},"classes":[]}],"_links":{"self":[{"href":"https:\/\/www.achimbrueckner.de\/dxradio\/php\/wordpress\/index.php?rest_route=\/wp\/v2\/posts\/1495","targetHints":{"allow":["GET"]}}],"collection":[{"href":"https:\/\/www.achimbrueckner.de\/dxradio\/php\/wordpress\/index.php?rest_route=\/wp\/v2\/posts"}],"about":[{"href":"https:\/\/www.achimbrueckner.de\/dxradio\/php\/wordpress\/index.php?rest_route=\/wp\/v2\/types\/post"}],"author":[{"embeddable":true,"href":"https:\/\/www.achimbrueckner.de\/dxradio\/php\/wordpress\/index.php?rest_route=\/wp\/v2\/users\/1"}],"replies":[{"embeddable":true,"href":"https:\/\/www.achimbrueckner.de\/dxradio\/php\/wordpress\/index.php?rest_route=%2Fwp%2Fv2%2Fcomments&post=1495"}],"version-history":[{"count":0,"href":"https:\/\/www.achimbrueckner.de\/dxradio\/php\/wordpress\/index.php?rest_route=\/wp\/v2\/posts\/1495\/revisions"}],"wp:attachment":[{"href":"https:\/\/www.achimbrueckner.de\/dxradio\/php\/wordpress\/index.php?rest_route=%2Fwp%2Fv2%2Fmedia&parent=1495"}],"wp:term":[{"taxonomy":"category","embeddable":true,"href":"https:\/\/www.achimbrueckner.de\/dxradio\/php\/wordpress\/index.php?rest_route=%2Fwp%2Fv2%2Fcategories&post=1495"},{"taxonomy":"post_tag","embeddable":true,"href":"https:\/\/www.achimbrueckner.de\/dxradio\/php\/wordpress\/index.php?rest_route=%2Fwp%2Fv2%2Ftags&post=1495"}],"curies":[{"name":"wp","href":"https:\/\/api.w.org\/{rel}","templated":true}]}}