{"id":15014,"date":"2017-10-17T17:45:23","date_gmt":"2017-10-17T17:45:23","guid":{"rendered":"https:\/\/www.achimbrueckner.de\/dxradio\/php\/wordpress\/?p=15014"},"modified":"2017-10-17T17:45:23","modified_gmt":"2017-10-17T17:45:23","slug":"merge-fm-grust-aus-maskat","status":"publish","type":"post","link":"https:\/\/www.achimbrueckner.de\/dxradio\/php\/wordpress\/?p=15014","title":{"rendered":"Merge FM gr\u00fc\u00dft aus Maskat"},"content":{"rendered":"<p><a href=\"https:\/\/smartphonefan.wordpress.com\/2017\/10\/17\/merge-fm-gruesst-aus-maskat\/\" rel=\"noopener\" target=\"_blank\">https:\/\/smartphonefan.wordpress.com\/2017\/10\/17\/merge-fm-gruesst-aus-maskat\/<\/a><\/p>\n","protected":false},"excerpt":{"rendered":"<p>https:\/\/smartphonefan.wordpress.com\/2017\/10\/17\/merge-fm-gruesst-aus-maskat\/<\/p>\n","protected":false},"author":1,"featured_media":0,"comment_status":"open","ping_status":"open","sticky":false,"template":"","format":"standard","meta":{"_jetpack_memberships_contains_paid_content":false,"footnotes":"","jetpack_publicize_message":"","jetpack_publicize_feature_enabled":true,"jetpack_social_post_already_shared":true,"jetpack_social_options":{"image_generator_settings":{"template":"highway","default_image_id":0,"font":"","enabled":false},"version":2}},"categories":[1],"tags":[28],"class_list":["post-15014","post","type-post","status-publish","format-standard","hentry","category-deutsch","tag-fm"],"jetpack_publicize_connections":[],"jetpack_featured_media_url":"","jetpack_sharing_enabled":true,"jetpack_shortlink":"https:\/\/wp.me\/p5CDmr-3Ua","jetpack-related-posts":[{"id":12159,"url":"https:\/\/www.achimbrueckner.de\/dxradio\/php\/wordpress\/?p=12159","url_meta":{"origin":15014,"position":0},"title":"Oman FM: Professionelles Hitradio aus Muskat","author":"Administrator","date":"February 14, 2017","format":false,"excerpt":"https:\/\/smartphonefan.wordpress.com\/2017\/02\/13\/oman-fm-professionelles-hitradio-aus-muskat\/","rel":"","context":"In &quot;Deutsch&quot;","block_context":{"text":"Deutsch","link":"https:\/\/www.achimbrueckner.de\/dxradio\/php\/wordpress\/?cat=1"},"img":{"alt_text":"","src":"","width":0,"height":0},"classes":[]},{"id":5575,"url":"https:\/\/www.achimbrueckner.de\/dxradio\/php\/wordpress\/?p=5575","url_meta":{"origin":15014,"position":1},"title":"Sport1.fm d\u00fcnnt Programm weiter aus","author":"Administrator","date":"August 15, 2015","format":false,"excerpt":"https:\/\/smartphonefan.wordpress.com\/2015\/08\/15\/sport1-fm-duennt-programm-weiter-aus\/","rel":"","context":"In &quot;Deutsch&quot;","block_context":{"text":"Deutsch","link":"https:\/\/www.achimbrueckner.de\/dxradio\/php\/wordpress\/?cat=1"},"img":{"alt_text":"","src":"","width":0,"height":0},"classes":[]},{"id":30822,"url":"https:\/\/www.achimbrueckner.de\/dxradio\/php\/wordpress\/?p=30822","url_meta":{"origin":15014,"position":2},"title":"\u00dcberreichweiten: Madeira gr\u00fc\u00dft aus 540 Kilometern Entfernung","author":"Administrator","date":"November 17, 2020","format":false,"excerpt":"https:\/\/www.smartphonefan.de\/2020\/11\/17\/ueberreichweiten-madeira-gruesst-aus-540-kilometern-entfernung\/","rel":"","context":"In &quot;Deutsch&quot;","block_context":{"text":"Deutsch","link":"https:\/\/www.achimbrueckner.de\/dxradio\/php\/wordpress\/?cat=1"},"img":{"alt_text":"","src":"","width":0,"height":0},"classes":[]},{"id":13311,"url":"https:\/\/www.achimbrueckner.de\/dxradio\/php\/wordpress\/?p=13311","url_meta":{"origin":15014,"position":3},"title":"Sport1.fm hat sich verabschiedet","author":"Administrator","date":"May 31, 2017","format":false,"excerpt":"https:\/\/smartphonefan.wordpress.com\/2017\/05\/31\/sport1-fm-hat-sich-verabschiedet\/","rel":"","context":"In &quot;Deutsch&quot;","block_context":{"text":"Deutsch","link":"https:\/\/www.achimbrueckner.de\/dxradio\/php\/wordpress\/?cat=1"},"img":{"alt_text":"","src":"","width":0,"height":0},"classes":[]},{"id":30397,"url":"https:\/\/www.achimbrueckner.de\/dxradio\/php\/wordpress\/?p=30397","url_meta":{"origin":15014,"position":4},"title":"Aus Jacc FM wird Nova 103.5","author":"Administrator","date":"October 13, 2020","format":false,"excerpt":"https:\/\/www.smartphonefan.de\/2020\/10\/13\/aus-jacc-fm-wird-nova-103-5\/","rel":"","context":"In &quot;Deutsch&quot;","block_context":{"text":"Deutsch","link":"https:\/\/www.achimbrueckner.de\/dxradio\/php\/wordpress\/?cat=1"},"img":{"alt_text":"","src":"","width":0,"height":0},"classes":[]},{"id":25730,"url":"https:\/\/www.achimbrueckner.de\/dxradio\/php\/wordpress\/?p=25730","url_meta":{"origin":15014,"position":5},"title":"Radio aus Mexiko f\u00fcr Kalifornien: Auf Max FM folgte Willy FM","author":"Administrator","date":"November 10, 2019","format":false,"excerpt":"https:\/\/www.smartphonefan.de\/2019\/11\/10\/radio-von-mexiko-nach-kalifornien-auf-max-fm-folgt-willy-fm\/","rel":"","context":"In &quot;Deutsch&quot;","block_context":{"text":"Deutsch","link":"https:\/\/www.achimbrueckner.de\/dxradio\/php\/wordpress\/?cat=1"},"img":{"alt_text":"","src":"","width":0,"height":0},"classes":[]}],"_links":{"self":[{"href":"https:\/\/www.achimbrueckner.de\/dxradio\/php\/wordpress\/index.php?rest_route=\/wp\/v2\/posts\/15014","targetHints":{"allow":["GET"]}}],"collection":[{"href":"https:\/\/www.achimbrueckner.de\/dxradio\/php\/wordpress\/index.php?rest_route=\/wp\/v2\/posts"}],"about":[{"href":"https:\/\/www.achimbrueckner.de\/dxradio\/php\/wordpress\/index.php?rest_route=\/wp\/v2\/types\/post"}],"author":[{"embeddable":true,"href":"https:\/\/www.achimbrueckner.de\/dxradio\/php\/wordpress\/index.php?rest_route=\/wp\/v2\/users\/1"}],"replies":[{"embeddable":true,"href":"https:\/\/www.achimbrueckner.de\/dxradio\/php\/wordpress\/index.php?rest_route=%2Fwp%2Fv2%2Fcomments&post=15014"}],"version-history":[{"count":0,"href":"https:\/\/www.achimbrueckner.de\/dxradio\/php\/wordpress\/index.php?rest_route=\/wp\/v2\/posts\/15014\/revisions"}],"wp:attachment":[{"href":"https:\/\/www.achimbrueckner.de\/dxradio\/php\/wordpress\/index.php?rest_route=%2Fwp%2Fv2%2Fmedia&parent=15014"}],"wp:term":[{"taxonomy":"category","embeddable":true,"href":"https:\/\/www.achimbrueckner.de\/dxradio\/php\/wordpress\/index.php?rest_route=%2Fwp%2Fv2%2Fcategories&post=15014"},{"taxonomy":"post_tag","embeddable":true,"href":"https:\/\/www.achimbrueckner.de\/dxradio\/php\/wordpress\/index.php?rest_route=%2Fwp%2Fv2%2Ftags&post=15014"}],"curies":[{"name":"wp","href":"https:\/\/api.w.org\/{rel}","templated":true}]}}