{"id":15016,"date":"2017-10-18T15:19:46","date_gmt":"2017-10-18T15:19:46","guid":{"rendered":"https:\/\/www.achimbrueckner.de\/dxradio\/php\/wordpress\/?p=15016"},"modified":"2017-10-18T15:19:47","modified_gmt":"2017-10-18T15:19:47","slug":"verborgene-perlen-einer-radiokonferenz","status":"publish","type":"post","link":"https:\/\/www.achimbrueckner.de\/dxradio\/php\/wordpress\/?p=15016","title":{"rendered":"Verborgene Perlen einer Radiokonferenz"},"content":{"rendered":"<p><a href=\"http:\/\/www.radioszene.de\/114219\/radio-alive-2017-radiokonferenz.html\" rel=\"noopener\" target=\"_blank\">http:\/\/www.radioszene.de\/114219\/radio-alive-2017-radiokonferenz.html<\/a><\/p>\n","protected":false},"excerpt":{"rendered":"<p>http:\/\/www.radioszene.de\/114219\/radio-alive-2017-radiokonferenz.html<\/p>\n","protected":false},"author":1,"featured_media":0,"comment_status":"open","ping_status":"open","sticky":false,"template":"","format":"standard","meta":{"_jetpack_memberships_contains_paid_content":false,"footnotes":"","jetpack_publicize_message":"","jetpack_publicize_feature_enabled":true,"jetpack_social_post_already_shared":true,"jetpack_social_options":{"image_generator_settings":{"template":"highway","default_image_id":0,"font":"","enabled":false},"version":2}},"categories":[1,16],"tags":[41],"class_list":["post-15016","post","type-post","status-publish","format-standard","hentry","category-deutsch","category-radioszene","tag-radioszene"],"jetpack_publicize_connections":[],"jetpack_featured_media_url":"","jetpack_sharing_enabled":true,"jetpack_shortlink":"https:\/\/wp.me\/p5CDmr-3Uc","jetpack-related-posts":[{"id":14766,"url":"https:\/\/www.achimbrueckner.de\/dxradio\/php\/wordpress\/?p=14766","url_meta":{"origin":15016,"position":0},"title":"50 Jahre Radio 1: Still alive \u2013 and kicking","author":"Administrator","date":"September 28, 2017","format":false,"excerpt":"http:\/\/www.radioszene.de\/113398\/50-jahre-bbc-radio-1.html","rel":"","context":"In &quot;Deutsch&quot;","block_context":{"text":"Deutsch","link":"https:\/\/www.achimbrueckner.de\/dxradio\/php\/wordpress\/?cat=1"},"img":{"alt_text":"","src":"","width":0,"height":0},"classes":[]},{"id":4990,"url":"https:\/\/www.achimbrueckner.de\/dxradio\/php\/wordpress\/?p=4990","url_meta":{"origin":15016,"position":1},"title":"10 Jahre Radio \u00fcber UMTS: \u201eF\u00fcr uns war es der Beginn einer neuen \u00c4ra f\u00fcr den H\u00f6rfunk\u201c","author":"Administrator","date":"June 23, 2015","format":false,"excerpt":"http:\/\/www.radioszene.de\/81087\/10-jahre-radio-ueber-umts-fuer-uns-war-es-der-beginn-einer-neuen-aera-fuer-den-hoerfunk.html","rel":"","context":"In &quot;Deutsch&quot;","block_context":{"text":"Deutsch","link":"https:\/\/www.achimbrueckner.de\/dxradio\/php\/wordpress\/?cat=1"},"img":{"alt_text":"","src":"","width":0,"height":0},"classes":[]},{"id":16922,"url":"https:\/\/www.achimbrueckner.de\/dxradio\/php\/wordpress\/?p=16922","url_meta":{"origin":15016,"position":2},"title":"Klaus Schunk: \u201cWir stehen vor einer Renaissance des Contents\u201d","author":"Administrator","date":"March 15, 2018","format":false,"excerpt":"http:\/\/www.radioszene.de\/119650\/klaus-schunk-30-jahre-radio-regenbogen.html","rel":"","context":"In &quot;Deutsch&quot;","block_context":{"text":"Deutsch","link":"https:\/\/www.achimbrueckner.de\/dxradio\/php\/wordpress\/?cat=1"},"img":{"alt_text":"","src":"","width":0,"height":0},"classes":[]},{"id":12698,"url":"https:\/\/www.achimbrueckner.de\/dxradio\/php\/wordpress\/?p=12698","url_meta":{"origin":15016,"position":3},"title":"Hinter den Kulissen einer Morningshow mit Facebook Live","author":"Administrator","date":"March 31, 2017","format":false,"excerpt":"http:\/\/www.radioszene.de\/103179\/radio-morningshow-hinter-den-kulissen-facebook-live.html","rel":"","context":"In &quot;Deutsch&quot;","block_context":{"text":"Deutsch","link":"https:\/\/www.achimbrueckner.de\/dxradio\/php\/wordpress\/?cat=1"},"img":{"alt_text":"","src":"","width":0,"height":0},"classes":[]},{"id":12132,"url":"https:\/\/www.achimbrueckner.de\/dxradio\/php\/wordpress\/?p=12132","url_meta":{"origin":15016,"position":4},"title":"World Radio Day 2017: \u201cRadio is You!\u201d","author":"Administrator","date":"February 13, 2017","format":false,"excerpt":"http:\/\/www.radioszene.de\/101057\/world-radio-day-radio-is-you.html","rel":"","context":"In &quot;Deutsch&quot;","block_context":{"text":"Deutsch","link":"https:\/\/www.achimbrueckner.de\/dxradio\/php\/wordpress\/?cat=1"},"img":{"alt_text":"","src":"","width":0,"height":0},"classes":[]},{"id":13684,"url":"https:\/\/www.achimbrueckner.de\/dxradio\/php\/wordpress\/?p=13684","url_meta":{"origin":15016,"position":5},"title":"ma 2017 Radio II: Konstant hohes Reichweiten-Niveau","author":"Administrator","date":"July 11, 2017","format":false,"excerpt":"http:\/\/www.radioszene.de\/107894\/ma-2017-radio-2.html","rel":"","context":"In &quot;Deutsch&quot;","block_context":{"text":"Deutsch","link":"https:\/\/www.achimbrueckner.de\/dxradio\/php\/wordpress\/?cat=1"},"img":{"alt_text":"","src":"","width":0,"height":0},"classes":[]}],"_links":{"self":[{"href":"https:\/\/www.achimbrueckner.de\/dxradio\/php\/wordpress\/index.php?rest_route=\/wp\/v2\/posts\/15016","targetHints":{"allow":["GET"]}}],"collection":[{"href":"https:\/\/www.achimbrueckner.de\/dxradio\/php\/wordpress\/index.php?rest_route=\/wp\/v2\/posts"}],"about":[{"href":"https:\/\/www.achimbrueckner.de\/dxradio\/php\/wordpress\/index.php?rest_route=\/wp\/v2\/types\/post"}],"author":[{"embeddable":true,"href":"https:\/\/www.achimbrueckner.de\/dxradio\/php\/wordpress\/index.php?rest_route=\/wp\/v2\/users\/1"}],"replies":[{"embeddable":true,"href":"https:\/\/www.achimbrueckner.de\/dxradio\/php\/wordpress\/index.php?rest_route=%2Fwp%2Fv2%2Fcomments&post=15016"}],"version-history":[{"count":0,"href":"https:\/\/www.achimbrueckner.de\/dxradio\/php\/wordpress\/index.php?rest_route=\/wp\/v2\/posts\/15016\/revisions"}],"wp:attachment":[{"href":"https:\/\/www.achimbrueckner.de\/dxradio\/php\/wordpress\/index.php?rest_route=%2Fwp%2Fv2%2Fmedia&parent=15016"}],"wp:term":[{"taxonomy":"category","embeddable":true,"href":"https:\/\/www.achimbrueckner.de\/dxradio\/php\/wordpress\/index.php?rest_route=%2Fwp%2Fv2%2Fcategories&post=15016"},{"taxonomy":"post_tag","embeddable":true,"href":"https:\/\/www.achimbrueckner.de\/dxradio\/php\/wordpress\/index.php?rest_route=%2Fwp%2Fv2%2Ftags&post=15016"}],"curies":[{"name":"wp","href":"https:\/\/api.w.org\/{rel}","templated":true}]}}