{"id":15562,"date":"2017-11-18T14:24:10","date_gmt":"2017-11-18T14:24:10","guid":{"rendered":"https:\/\/www.achimbrueckner.de\/dxradio\/php\/wordpress\/?p=15562"},"modified":"2017-11-18T14:31:48","modified_gmt":"2017-11-18T14:31:48","slug":"radio-klein-paris-international-6070-khz-17-dezember-2017","status":"publish","type":"post","link":"https:\/\/www.achimbrueckner.de\/dxradio\/php\/wordpress\/?p=15562","title":{"rendered":"Radio Klein Paris International 6070 Khz 17. Dezember 2017"},"content":{"rendered":"<p>Hallo Radiofreunde,<br \/>\nnach l\u00e4ngerer Pause ist am 17.Dezember 2017 zwischen 12:00 und 13:00 UTC auf 6070 khz wieder ein Programm von Radio Klein Paris International zu h\u00f6ren. Auf Grund der grossen Resonanz zum Thema DXing in der DDR in der letzten Sendung widmet sich auch dieses Programm nochmals diesem Thema.<br \/>\nAlle H\u00f6rer die im Anschluss einen Empfangsbericht per Brief an die Adresse FM Kompakt c\/o Thomas Kircher, Welschstra\u00dfe 11, 74080 Heilbronn Deutschland schicken und 1,40 \u20ac in Briefmarken beilegen nehmen an der FMK-Jahresverlosung teil. Hauptpreis ist das Buch &#8220;Piratensender&#8221; von Wolf-Dieter Roth. Alle Einsender eines Empfangsberichtes erhalten nat\u00fcrlich eine QSL-Karte.<br \/>\nEs w\u00e4re sch\u00f6n wenn ihr diese Sendung in euren DX-Programmen ank\u00fcndigen w\u00fcrdet.<br \/>\nEs gr\u00fc\u00dft<br \/>\nKuno<br \/>\n<a href=\"http:\/\/fmkompakt.de\" rel=\"noopener\" target=\"_blank\">http:\/\/fmkompakt.de<\/a><\/p>\n","protected":false},"excerpt":{"rendered":"<p>Hallo Radiofreunde, nach l\u00e4ngerer Pause ist am 17.Dezember 2017 zwischen 12:00 und 13:00 UTC auf 6070 khz wieder ein Programm von Radio Klein Paris International zu h\u00f6ren. Auf Grund der grossen Resonanz zum Thema DXing in der DDR in der letzten Sendung widmet sich auch dieses Programm nochmals diesem Thema. Alle H\u00f6rer die im Anschluss &hellip; <a href=\"https:\/\/www.achimbrueckner.de\/dxradio\/php\/wordpress\/?p=15562\" class=\"more-link\">Continue reading <span class=\"screen-reader-text\">Radio Klein Paris International 6070 Khz 17. Dezember 2017<\/span><\/a><\/p>\n","protected":false},"author":1,"featured_media":0,"comment_status":"open","ping_status":"open","sticky":false,"template":"","format":"standard","meta":{"_jetpack_memberships_contains_paid_content":false,"footnotes":"","jetpack_publicize_message":"","jetpack_publicize_feature_enabled":true,"jetpack_social_post_already_shared":true,"jetpack_social_options":{"image_generator_settings":{"template":"highway","default_image_id":0,"font":"","enabled":false},"version":2}},"categories":[1,14,3],"tags":[24,40,42,28,30],"class_list":["post-15562","post","type-post","status-publish","format-standard","hentry","category-deutsch","category-dx","category-empfang","tag-am","tag-dx","tag-empfang","tag-fm","tag-qsl"],"jetpack_publicize_connections":[],"jetpack_featured_media_url":"","jetpack_sharing_enabled":true,"jetpack_shortlink":"https:\/\/wp.me\/p5CDmr-430","jetpack-related-posts":[{"id":34200,"url":"https:\/\/www.achimbrueckner.de\/dxradio\/php\/wordpress\/?p=34200","url_meta":{"origin":15562,"position":0},"title":"FMK Weihnachten 2021","author":"Administrator","date":"December 18, 2021","format":false,"excerpt":"Hallo liebe Radiofreunde, es wird dieses Jahr keinen DX-Marathon geben an dem sich FM Kompakt bzw. Radio Klein Paris beteiligen. Trotzdem habe ich mir etwas, einen kleinen Kontest, \u00fcberlegt. FM Kompakt hat in den Programmen von Partnerstationen jeweils einen Gru\u00df platziert und auch Musikw\u00fcnsche ge\u00e4u\u00dfert. Schaltet bitte folgende Programme ein\u2026","rel":"","context":"In &quot;Deutsch&quot;","block_context":{"text":"Deutsch","link":"https:\/\/www.achimbrueckner.de\/dxradio\/php\/wordpress\/?cat=1"},"img":{"alt_text":"","src":"","width":0,"height":0},"classes":[]},{"id":12354,"url":"https:\/\/www.achimbrueckner.de\/dxradio\/php\/wordpress\/?p=12354","url_meta":{"origin":15562,"position":1},"title":"100. Sendung Radio DARC","author":"Administrator","date":"March 2, 2017","format":false,"excerpt":"Liebe YLs und OMs, am kommenden Sonntag,den 05. M\u00e4rz 2017 ist es soweit, die 100. Sendung von RADIO DARC geht \u00fcber die Antennen. Urspr\u00fcnglich als eine Serie von Sondersendungen anl\u00e4sslich des 65. Gr\u00fcndungsjubil\u00e4ums des Deutschen Amateur Radio Clubs e,V, gedacht, haben sich unsere w\u00f6chentlichen DX-Magazine zu einer festen Gr\u00f6\u00dfe entwickelt.\u2026","rel":"","context":"In &quot;Deutsch&quot;","block_context":{"text":"Deutsch","link":"https:\/\/www.achimbrueckner.de\/dxradio\/php\/wordpress\/?cat=1"},"img":{"alt_text":"","src":"","width":0,"height":0},"classes":[]},{"id":9026,"url":"https:\/\/www.achimbrueckner.de\/dxradio\/php\/wordpress\/?p=9026","url_meta":{"origin":15562,"position":2},"title":"Radio Klein Paris International Sonntag den 21.08.2016 von 19:00-20:00 UTC via 6070 khz","author":"Administrator","date":"August 4, 2016","format":false,"excerpt":"H\u00f6rtipp: Der \"Macher\" von FM Kompakt im Radio geht wieder mit Radio Klein Paris on Air: Radio Klein Paris International Sonntag den 21.08.2016 von 19:00-20:00 UTC via 6070 khz (channel292) Themen der Sendung Umrahmung mit Musik aus Mecklenburg-Vorpommern H\u00f6rerpost Kunos-Radiothek mit einem Portr\u00e4t der Radio DDR Ferienwelle aus Rostock und\u2026","rel":"","context":"In &quot;Deutsch&quot;","block_context":{"text":"Deutsch","link":"https:\/\/www.achimbrueckner.de\/dxradio\/php\/wordpress\/?cat=1"},"img":{"alt_text":"","src":"","width":0,"height":0},"classes":[]},{"id":10099,"url":"https:\/\/www.achimbrueckner.de\/dxradio\/php\/wordpress\/?p=10099","url_meta":{"origin":15562,"position":3},"title":"80 Jahre Radio Prag \u2013 Sondersendung auf Kurzwelle","author":"Administrator","date":"August 26, 2016","format":false,"excerpt":"Am Mittwoch, den 31.08.2016, feiert Radio Prag seinen 80. Geburtstag. Der Shortwaveservice und einige Spender (Danke!), denen Radio Prag ebenfalls sehr am Herzen liegt, bringen den tschechischen Auslandsdienst an diesem Tag zur\u00fcck auf Kurzwelle \u2013 und zwar voraussichtlich zu folgenden Zeiten: 1630-1700 UTC on 9535 kHz towards 42\u00b0 Russia (Russisch)*\u2026","rel":"","context":"In &quot;Deutsch&quot;","block_context":{"text":"Deutsch","link":"https:\/\/www.achimbrueckner.de\/dxradio\/php\/wordpress\/?cat=1"},"img":{"alt_text":"","src":"","width":0,"height":0},"classes":[]},{"id":31237,"url":"https:\/\/www.achimbrueckner.de\/dxradio\/php\/wordpress\/?p=31237","url_meta":{"origin":15562,"position":4},"title":"SDXF Weihnachtssendung 2020","author":"Administrator","date":"December 18, 2020","format":false,"excerpt":"SDXFs Wochenendprogramm auf Kurzwelle Auch in diesem Jahr bietet der schwedische DX-Verband w\u00e4hrend der Weihnachts- und Neujahrsferien eine spezielle Kurzwellensendung an. Das 60-min\u00fctige Programm wurde von dem bekannten G\u00f6ran Lindemark zusammengestellt und enth\u00e4lt unter anderem ein exklusives Interview mit George Wood \u00fcber seine Zeit bei Radio Sweden. Wir h\u00f6ren auch\u2026","rel":"","context":"In &quot;Deutsch&quot;","block_context":{"text":"Deutsch","link":"https:\/\/www.achimbrueckner.de\/dxradio\/php\/wordpress\/?cat=1"},"img":{"alt_text":"","src":"","width":0,"height":0},"classes":[]},{"id":12838,"url":"https:\/\/www.achimbrueckner.de\/dxradio\/php\/wordpress\/?p=12838","url_meta":{"origin":15562,"position":5},"title":"Kurzwellen-Sondersendungen von der 24. IARU-Region 1-Konferenz","author":"Administrator","date":"April 13, 2017","format":false,"excerpt":"RADIO DARC berichtet in Kurzwellen-Sondersendungen von der 24. IARU-Region 1-Konferenz aus Landshut Vom 16. bis 22. September 2017 findet in Landshut bei M\u00fcnchen die IARU-Region-1-Konferenz statt. Deutschland war 1958 das letzte Mal Gastgeber dieser Veranstaltung der Internationalen Amateur-Radio-Union. 130 Delegierte von vielen der 96 Mitgliedsverb\u00e4nden werden dort Fragen rund um\u2026","rel":"","context":"In &quot;Deutsch&quot;","block_context":{"text":"Deutsch","link":"https:\/\/www.achimbrueckner.de\/dxradio\/php\/wordpress\/?cat=1"},"img":{"alt_text":"","src":"","width":0,"height":0},"classes":[]}],"_links":{"self":[{"href":"https:\/\/www.achimbrueckner.de\/dxradio\/php\/wordpress\/index.php?rest_route=\/wp\/v2\/posts\/15562","targetHints":{"allow":["GET"]}}],"collection":[{"href":"https:\/\/www.achimbrueckner.de\/dxradio\/php\/wordpress\/index.php?rest_route=\/wp\/v2\/posts"}],"about":[{"href":"https:\/\/www.achimbrueckner.de\/dxradio\/php\/wordpress\/index.php?rest_route=\/wp\/v2\/types\/post"}],"author":[{"embeddable":true,"href":"https:\/\/www.achimbrueckner.de\/dxradio\/php\/wordpress\/index.php?rest_route=\/wp\/v2\/users\/1"}],"replies":[{"embeddable":true,"href":"https:\/\/www.achimbrueckner.de\/dxradio\/php\/wordpress\/index.php?rest_route=%2Fwp%2Fv2%2Fcomments&post=15562"}],"version-history":[{"count":0,"href":"https:\/\/www.achimbrueckner.de\/dxradio\/php\/wordpress\/index.php?rest_route=\/wp\/v2\/posts\/15562\/revisions"}],"wp:attachment":[{"href":"https:\/\/www.achimbrueckner.de\/dxradio\/php\/wordpress\/index.php?rest_route=%2Fwp%2Fv2%2Fmedia&parent=15562"}],"wp:term":[{"taxonomy":"category","embeddable":true,"href":"https:\/\/www.achimbrueckner.de\/dxradio\/php\/wordpress\/index.php?rest_route=%2Fwp%2Fv2%2Fcategories&post=15562"},{"taxonomy":"post_tag","embeddable":true,"href":"https:\/\/www.achimbrueckner.de\/dxradio\/php\/wordpress\/index.php?rest_route=%2Fwp%2Fv2%2Ftags&post=15562"}],"curies":[{"name":"wp","href":"https:\/\/api.w.org\/{rel}","templated":true}]}}