{"id":15607,"date":"2017-11-21T16:25:29","date_gmt":"2017-11-21T16:25:29","guid":{"rendered":"https:\/\/www.achimbrueckner.de\/dxradio\/php\/wordpress\/?p=15607"},"modified":"2017-11-21T16:25:29","modified_gmt":"2017-11-21T16:25:29","slug":"reform-von-ard-und-zdf-nrw-medienstaatssekretar-fordert-moglichst-klares-verbot-der-presseahnlichkeit","status":"publish","type":"post","link":"https:\/\/www.achimbrueckner.de\/dxradio\/php\/wordpress\/?p=15607","title":{"rendered":"Reform von ARD und ZDF: NRW-Medienstaatssekret\u00e4r fordert \u201em\u00f6glichst klares Verbot der Presse\u00e4hnlichkeit\u201c"},"content":{"rendered":"<p><a href=\"http:\/\/meedia.de\/2017\/11\/21\/reform-von-ard-und-zdf-nrw-medienminister-fordert-moeglichst-klares-verbot-der-presseaehnlichkeit\/\" rel=\"noopener\" target=\"_blank\">http:\/\/meedia.de\/2017\/11\/21\/reform-von-ard-und-zdf-nrw-medienminister-fordert-moeglichst-klares-verbot-der-presseaehnlichkeit\/<\/a><\/p>\n","protected":false},"excerpt":{"rendered":"<p>http:\/\/meedia.de\/2017\/11\/21\/reform-von-ard-und-zdf-nrw-medienminister-fordert-moeglichst-klares-verbot-der-presseaehnlichkeit\/<\/p>\n","protected":false},"author":1,"featured_media":0,"comment_status":"open","ping_status":"open","sticky":false,"template":"","format":"standard","meta":{"_jetpack_memberships_contains_paid_content":false,"footnotes":"","jetpack_publicize_message":"","jetpack_publicize_feature_enabled":true,"jetpack_social_post_already_shared":true,"jetpack_social_options":{"image_generator_settings":{"template":"highway","default_image_id":0,"font":"","enabled":false},"version":2}},"categories":[1,15],"tags":[45],"class_list":["post-15607","post","type-post","status-publish","format-standard","hentry","category-deutsch","category-medien","tag-medien"],"jetpack_publicize_connections":[],"jetpack_featured_media_url":"","jetpack_sharing_enabled":true,"jetpack_shortlink":"https:\/\/wp.me\/p5CDmr-43J","jetpack-related-posts":[{"id":32290,"url":"https:\/\/www.achimbrueckner.de\/dxradio\/php\/wordpress\/?p=32290","url_meta":{"origin":15607,"position":0},"title":"REFORM VON ARD UND ZDF: Worauf wollen wir verzichten?","author":"Administrator","date":"March 17, 2021","format":false,"excerpt":"https:\/\/www.faz.net\/aktuell\/feuilleton\/medien\/ein-vorschlag-zur-reform-von-ard-und-zdf-17247973.html","rel":"","context":"In &quot;Deutsch&quot;","block_context":{"text":"Deutsch","link":"https:\/\/www.achimbrueckner.de\/dxradio\/php\/wordpress\/?cat=1"},"img":{"alt_text":"","src":"","width":0,"height":0},"classes":[]},{"id":15857,"url":"https:\/\/www.achimbrueckner.de\/dxradio\/php\/wordpress\/?p=15857","url_meta":{"origin":15607,"position":1},"title":"VDZ-Pr\u00e4sident fordert Schranken f\u00fcr Netzaktivit\u00e4ten von ARD und ZDF","author":"Administrator","date":"December 10, 2017","format":false,"excerpt":"https:\/\/www.heise.de\/newsticker\/meldung\/VDZ-Praesident-fordert-Schranken-fuer-Netzaktivitaeten-von-ARD-und-ZDF-3914842.html","rel":"","context":"In &quot;Deutsch&quot;","block_context":{"text":"Deutsch","link":"https:\/\/www.achimbrueckner.de\/dxradio\/php\/wordpress\/?cat=1"},"img":{"alt_text":"","src":"","width":0,"height":0},"classes":[]},{"id":41799,"url":"https:\/\/www.achimbrueckner.de\/dxradio\/php\/wordpress\/?p=41799","url_meta":{"origin":15607,"position":2},"title":"Reform des \u00d6RR: Was ARD und ZDF nicht ver\u00e4ndern wollen","author":"Administrator","date":"October 14, 2024","format":false,"excerpt":"https:\/\/www.faz.net\/aktuell\/feuilleton\/medien\/ard-und-zdf-lehnen-rundfunk-reformplaene-der-laender-ab-110044847.html","rel":"","context":"In &quot;Deutsch&quot;","block_context":{"text":"Deutsch","link":"https:\/\/www.achimbrueckner.de\/dxradio\/php\/wordpress\/?cat=1"},"img":{"alt_text":"","src":"","width":0,"height":0},"classes":[]},{"id":27735,"url":"https:\/\/www.achimbrueckner.de\/dxradio\/php\/wordpress\/?p=27735","url_meta":{"origin":15607,"position":3},"title":"Filmverb\u00e4nde fordern Verbot von Dreharbeiten","author":"Administrator","date":"March 24, 2020","format":false,"excerpt":"https:\/\/www1.wdr.de\/kultur\/kulturnachrichten\/dreharbeiten-coronavirus-produzenteverband-film-und-medienverband-nrw-100.html","rel":"","context":"In &quot;Deutsch&quot;","block_context":{"text":"Deutsch","link":"https:\/\/www.achimbrueckner.de\/dxradio\/php\/wordpress\/?cat=1"},"img":{"alt_text":"","src":"","width":0,"height":0},"classes":[]},{"id":3680,"url":"https:\/\/www.achimbrueckner.de\/dxradio\/php\/wordpress\/?p=3680","url_meta":{"origin":15607,"position":4},"title":"Jugendkanal von ARD und ZDF nur online","author":"Administrator","date":"October 17, 2014","format":false,"excerpt":"http:\/\/www.sueddeutsche.de\/medien\/konferenz-der-ministerpraesidenten-jugendkanal-von-ard-und-zdf-nur-online-1.2178400 Ein weiterer Artikel dazu auf heise: http:\/\/www.heise.de\/newsticker\/meldung\/ARD-und-ZDF-sollen-Online-Angebot-fuer-Jugendliche-entwickeln-2427266.html","rel":"","context":"In &quot;Deutsch&quot;","block_context":{"text":"Deutsch","link":"https:\/\/www.achimbrueckner.de\/dxradio\/php\/wordpress\/?cat=1"},"img":{"alt_text":"","src":"","width":0,"height":0},"classes":[]},{"id":32841,"url":"https:\/\/www.achimbrueckner.de\/dxradio\/php\/wordpress\/?p=32841","url_meta":{"origin":15607,"position":5},"title":"Medienstaatsvertrag: &#8220;Gro\u00dfer Wurf&#8221; f\u00fcr ARD und ZDF?","author":"Administrator","date":"June 8, 2021","format":false,"excerpt":"https:\/\/www.teltarif.de\/reform-medienstaatsvertrag-ard-zdf-digitalsender\/news\/84731.html","rel":"","context":"In &quot;Deutsch&quot;","block_context":{"text":"Deutsch","link":"https:\/\/www.achimbrueckner.de\/dxradio\/php\/wordpress\/?cat=1"},"img":{"alt_text":"","src":"","width":0,"height":0},"classes":[]}],"_links":{"self":[{"href":"https:\/\/www.achimbrueckner.de\/dxradio\/php\/wordpress\/index.php?rest_route=\/wp\/v2\/posts\/15607","targetHints":{"allow":["GET"]}}],"collection":[{"href":"https:\/\/www.achimbrueckner.de\/dxradio\/php\/wordpress\/index.php?rest_route=\/wp\/v2\/posts"}],"about":[{"href":"https:\/\/www.achimbrueckner.de\/dxradio\/php\/wordpress\/index.php?rest_route=\/wp\/v2\/types\/post"}],"author":[{"embeddable":true,"href":"https:\/\/www.achimbrueckner.de\/dxradio\/php\/wordpress\/index.php?rest_route=\/wp\/v2\/users\/1"}],"replies":[{"embeddable":true,"href":"https:\/\/www.achimbrueckner.de\/dxradio\/php\/wordpress\/index.php?rest_route=%2Fwp%2Fv2%2Fcomments&post=15607"}],"version-history":[{"count":0,"href":"https:\/\/www.achimbrueckner.de\/dxradio\/php\/wordpress\/index.php?rest_route=\/wp\/v2\/posts\/15607\/revisions"}],"wp:attachment":[{"href":"https:\/\/www.achimbrueckner.de\/dxradio\/php\/wordpress\/index.php?rest_route=%2Fwp%2Fv2%2Fmedia&parent=15607"}],"wp:term":[{"taxonomy":"category","embeddable":true,"href":"https:\/\/www.achimbrueckner.de\/dxradio\/php\/wordpress\/index.php?rest_route=%2Fwp%2Fv2%2Fcategories&post=15607"},{"taxonomy":"post_tag","embeddable":true,"href":"https:\/\/www.achimbrueckner.de\/dxradio\/php\/wordpress\/index.php?rest_route=%2Fwp%2Fv2%2Ftags&post=15607"}],"curies":[{"name":"wp","href":"https:\/\/api.w.org\/{rel}","templated":true}]}}