{"id":15612,"date":"2017-11-21T18:12:30","date_gmt":"2017-11-21T18:12:30","guid":{"rendered":"https:\/\/www.achimbrueckner.de\/dxradio\/php\/wordpress\/?p=15612"},"modified":"2017-11-21T18:12:30","modified_gmt":"2017-11-21T18:12:30","slug":"lfk-neue-digitalstrategie-fur-das-private-radio-notig","status":"publish","type":"post","link":"https:\/\/www.achimbrueckner.de\/dxradio\/php\/wordpress\/?p=15612","title":{"rendered":"LFK: Neue Digitalstrategie f\u00fcr das private Radio n\u00f6tig"},"content":{"rendered":"<p><a href=\"https:\/\/www.infosat.de\/technik\/lfk-neue-digitalstrategie-f-r-das-private-radio-n-tig\" rel=\"noopener\" target=\"_blank\">https:\/\/www.infosat.de\/technik\/lfk-neue-digitalstrategie-f-r-das-private-radio-n-tig<\/a><\/p>\n","protected":false},"excerpt":{"rendered":"<p>https:\/\/www.infosat.de\/technik\/lfk-neue-digitalstrategie-f-r-das-private-radio-n-tig<\/p>\n","protected":false},"author":1,"featured_media":0,"comment_status":"open","ping_status":"open","sticky":false,"template":"","format":"standard","meta":{"_jetpack_memberships_contains_paid_content":false,"footnotes":"","jetpack_publicize_message":"","jetpack_publicize_feature_enabled":true,"jetpack_social_post_already_shared":true,"jetpack_social_options":{"image_generator_settings":{"template":"highway","default_image_id":0,"font":"","enabled":false},"version":2}},"categories":[1],"tags":[],"class_list":["post-15612","post","type-post","status-publish","format-standard","hentry","category-deutsch"],"jetpack_publicize_connections":[],"jetpack_featured_media_url":"","jetpack_sharing_enabled":true,"jetpack_shortlink":"https:\/\/wp.me\/p5CDmr-43O","jetpack-related-posts":[{"id":10856,"url":"https:\/\/www.achimbrueckner.de\/dxradio\/php\/wordpress\/?p=10856","url_meta":{"origin":15612,"position":0},"title":"Medientage M\u00fcnchen 2016: Reality-Check f\u00fcr das Radio der Zukunft","author":"Administrator","date":"October 27, 2016","format":false,"excerpt":"https:\/\/www.infosat.de\/technik\/medientage-m-nchen-2016-reality-check-f-r-das-radio-der-zukunft","rel":"","context":"In &quot;Deutsch&quot;","block_context":{"text":"Deutsch","link":"https:\/\/www.achimbrueckner.de\/dxradio\/php\/wordpress\/?cat=1"},"img":{"alt_text":"","src":"","width":0,"height":0},"classes":[]},{"id":34134,"url":"https:\/\/www.achimbrueckner.de\/dxradio\/php\/wordpress\/?p=34134","url_meta":{"origin":15612,"position":1},"title":"TLM erteilt gr\u00fcnes Licht f\u00fcr drei neue H\u00f6rfunk-Angebote in Th\u00fcringen","author":"Administrator","date":"December 8, 2021","format":false,"excerpt":"https:\/\/www.infosat.de\/radio\/tlm-erteilt-gr-nes-licht-f-r-drei-neue-h-rfunk-angebote-th-ringen","rel":"","context":"In &quot;Deutsch&quot;","block_context":{"text":"Deutsch","link":"https:\/\/www.achimbrueckner.de\/dxradio\/php\/wordpress\/?cat=1"},"img":{"alt_text":"","src":"","width":0,"height":0},"classes":[]},{"id":4874,"url":"https:\/\/www.achimbrueckner.de\/dxradio\/php\/wordpress\/?p=4874","url_meta":{"origin":15612,"position":2},"title":"ERF gibt neue Standorte zum Netzausbau f\u00fcr den digitalen Radioempfang (DAB+) bekannt","author":"Administrator","date":"June 11, 2015","format":false,"excerpt":"https:\/\/www.infosat.de\/radio\/erf-gibt-neue-standorte-zum-netzausbau-f-r-den-digitalen-radioempfang-dab-bekannt","rel":"","context":"In &quot;Deutsch&quot;","block_context":{"text":"Deutsch","link":"https:\/\/www.achimbrueckner.de\/dxradio\/php\/wordpress\/?cat=1"},"img":{"alt_text":"","src":"","width":0,"height":0},"classes":[]},{"id":23950,"url":"https:\/\/www.achimbrueckner.de\/dxradio\/php\/wordpress\/?p=23950","url_meta":{"origin":15612,"position":3},"title":"Umfrage: Fast jeder nutzt auch noch das Radio f\u00fcr Stauinfos","author":"Administrator","date":"July 24, 2019","format":false,"excerpt":"https:\/\/www.infosat.de\/entertainment\/umfrage-fast-jeder-nutzt-auch-noch-das-radio-f-r-stauinfos","rel":"","context":"In &quot;Deutsch&quot;","block_context":{"text":"Deutsch","link":"https:\/\/www.achimbrueckner.de\/dxradio\/php\/wordpress\/?cat=1"},"img":{"alt_text":"","src":"","width":0,"height":0},"classes":[]},{"id":10249,"url":"https:\/\/www.achimbrueckner.de\/dxradio\/php\/wordpress\/?p=10249","url_meta":{"origin":15612,"position":4},"title":"Zukunft des Radios: Multinormchips in alle neue Radio-Empfangsger\u00e4te gefordert","author":"Administrator","date":"September 5, 2016","format":false,"excerpt":"https:\/\/www.infosat.de\/technik\/zukunft-des-radios-multinormchips-alle-neue-radio-empfangsger-te-gefordert","rel":"","context":"In &quot;Deutsch&quot;","block_context":{"text":"Deutsch","link":"https:\/\/www.achimbrueckner.de\/dxradio\/php\/wordpress\/?cat=1"},"img":{"alt_text":"","src":"","width":0,"height":0},"classes":[]},{"id":7801,"url":"https:\/\/www.achimbrueckner.de\/dxradio\/php\/wordpress\/?p=7801","url_meta":{"origin":15612,"position":5},"title":"Softwarepaket f\u00fcr Autoradios mit Digital Radio DRM von Fraunhofer IIS","author":"Administrator","date":"March 10, 2016","format":false,"excerpt":"https:\/\/www.infosat.de\/technik\/softwarepaket-f-r-autoradios-mit-digital-radio-drm-von-fraunhofer-iis","rel":"","context":"In &quot;Deutsch&quot;","block_context":{"text":"Deutsch","link":"https:\/\/www.achimbrueckner.de\/dxradio\/php\/wordpress\/?cat=1"},"img":{"alt_text":"","src":"","width":0,"height":0},"classes":[]}],"_links":{"self":[{"href":"https:\/\/www.achimbrueckner.de\/dxradio\/php\/wordpress\/index.php?rest_route=\/wp\/v2\/posts\/15612","targetHints":{"allow":["GET"]}}],"collection":[{"href":"https:\/\/www.achimbrueckner.de\/dxradio\/php\/wordpress\/index.php?rest_route=\/wp\/v2\/posts"}],"about":[{"href":"https:\/\/www.achimbrueckner.de\/dxradio\/php\/wordpress\/index.php?rest_route=\/wp\/v2\/types\/post"}],"author":[{"embeddable":true,"href":"https:\/\/www.achimbrueckner.de\/dxradio\/php\/wordpress\/index.php?rest_route=\/wp\/v2\/users\/1"}],"replies":[{"embeddable":true,"href":"https:\/\/www.achimbrueckner.de\/dxradio\/php\/wordpress\/index.php?rest_route=%2Fwp%2Fv2%2Fcomments&post=15612"}],"version-history":[{"count":0,"href":"https:\/\/www.achimbrueckner.de\/dxradio\/php\/wordpress\/index.php?rest_route=\/wp\/v2\/posts\/15612\/revisions"}],"wp:attachment":[{"href":"https:\/\/www.achimbrueckner.de\/dxradio\/php\/wordpress\/index.php?rest_route=%2Fwp%2Fv2%2Fmedia&parent=15612"}],"wp:term":[{"taxonomy":"category","embeddable":true,"href":"https:\/\/www.achimbrueckner.de\/dxradio\/php\/wordpress\/index.php?rest_route=%2Fwp%2Fv2%2Fcategories&post=15612"},{"taxonomy":"post_tag","embeddable":true,"href":"https:\/\/www.achimbrueckner.de\/dxradio\/php\/wordpress\/index.php?rest_route=%2Fwp%2Fv2%2Ftags&post=15612"}],"curies":[{"name":"wp","href":"https:\/\/api.w.org\/{rel}","templated":true}]}}