{"id":15637,"date":"2017-11-25T11:57:43","date_gmt":"2017-11-25T11:57:43","guid":{"rendered":"https:\/\/www.achimbrueckner.de\/dxradio\/php\/wordpress\/?p=15637"},"modified":"2017-11-25T11:57:43","modified_gmt":"2017-11-25T11:57:43","slug":"am-27-november-ist-schulradiotag","status":"publish","type":"post","link":"https:\/\/www.achimbrueckner.de\/dxradio\/php\/wordpress\/?p=15637","title":{"rendered":"Am 27. November ist Schulradiotag"},"content":{"rendered":"<p><a href=\"https:\/\/www.ots.at\/presseaussendung\/OTS_20171123_OTS0056\/am-27-november-ist-schulradiotag\" rel=\"noopener\" target=\"_blank\">https:\/\/www.ots.at\/presseaussendung\/OTS_20171123_OTS0056\/am-27-november-ist-schulradiotag<\/a><\/p>\n","protected":false},"excerpt":{"rendered":"<p>https:\/\/www.ots.at\/presseaussendung\/OTS_20171123_OTS0056\/am-27-november-ist-schulradiotag<\/p>\n","protected":false},"author":1,"featured_media":0,"comment_status":"open","ping_status":"open","sticky":false,"template":"","format":"standard","meta":{"_jetpack_memberships_contains_paid_content":false,"footnotes":"","jetpack_publicize_message":"","jetpack_publicize_feature_enabled":true,"jetpack_social_post_already_shared":true,"jetpack_social_options":{"image_generator_settings":{"template":"highway","default_image_id":0,"font":"","enabled":false},"version":2}},"categories":[1],"tags":[24],"class_list":["post-15637","post","type-post","status-publish","format-standard","hentry","category-deutsch","tag-am"],"jetpack_publicize_connections":[],"jetpack_featured_media_url":"","jetpack_sharing_enabled":true,"jetpack_shortlink":"https:\/\/wp.me\/p5CDmr-44d","jetpack-related-posts":[{"id":27254,"url":"https:\/\/www.achimbrueckner.de\/dxradio\/php\/wordpress\/?p=27254","url_meta":{"origin":15637,"position":0},"title":"13. Februar ist Weltradiotag: Die Freien Radios feiern mit einem Spezialprogramm","author":"Administrator","date":"February 20, 2020","format":false,"excerpt":"https:\/\/www.ots.at\/presseaussendung\/OTS_20200212_OTS0119\/13-februar-ist-weltradiotag-die-freien-radios-feiern-mit-einem-spezialprogramm","rel":"","context":"In &quot;Deutsch&quot;","block_context":{"text":"Deutsch","link":"https:\/\/www.achimbrueckner.de\/dxradio\/php\/wordpress\/?cat=1"},"img":{"alt_text":"","src":"","width":0,"height":0},"classes":[]},{"id":26073,"url":"https:\/\/www.achimbrueckner.de\/dxradio\/php\/wordpress\/?p=26073","url_meta":{"origin":15637,"position":1},"title":"Sch\u00fcler vom Gymnasium Oberpullendorf gestalteten Schulradiotag mit","author":"Administrator","date":"December 6, 2019","format":false,"excerpt":"https:\/\/www.meinbezirk.at\/oberpullendorf\/c-lokales\/schueler-vom-gymnasium-oberpullendorf-gestalteten-schulradiotag-mit_a3796995","rel":"","context":"In &quot;Deutsch&quot;","block_context":{"text":"Deutsch","link":"https:\/\/www.achimbrueckner.de\/dxradio\/php\/wordpress\/?cat=1"},"img":{"alt_text":"","src":"","width":0,"height":0},"classes":[]},{"id":16545,"url":"https:\/\/www.achimbrueckner.de\/dxradio\/php\/wordpress\/?p=16545","url_meta":{"origin":15637,"position":2},"title":"10. Schulradiotag der BLM in Traunstein","author":"Administrator","date":"February 17, 2018","format":false,"excerpt":"https:\/\/www.chiemgau24.de\/chiemgau\/traunstein\/landkreis-traunstein-ort55635\/landkreis-traunstein-schulen-sendung-schulradiotag-9619874.html","rel":"","context":"In &quot;Deutsch&quot;","block_context":{"text":"Deutsch","link":"https:\/\/www.achimbrueckner.de\/dxradio\/php\/wordpress\/?cat=1"},"img":{"alt_text":"","src":"","width":0,"height":0},"classes":[]},{"id":14945,"url":"https:\/\/www.achimbrueckner.de\/dxradio\/php\/wordpress\/?p=14945","url_meta":{"origin":15637,"position":3},"title":"\u201eRadio statt Schule\u201c &#8211; BLM-Schulradiotag-Specials bei den Medientagen M\u00fcnchen","author":"Administrator","date":"October 11, 2017","format":false,"excerpt":"https:\/\/www.infosat.de\/entertainment\/radio-statt-schule-blm-schulradiotag-specials-bei-den-medientagen-m-nchen","rel":"","context":"In &quot;Deutsch&quot;","block_context":{"text":"Deutsch","link":"https:\/\/www.achimbrueckner.de\/dxradio\/php\/wordpress\/?cat=1"},"img":{"alt_text":"","src":"","width":0,"height":0},"classes":[]},{"id":18958,"url":"https:\/\/www.achimbrueckner.de\/dxradio\/php\/wordpress\/?p=18958","url_meta":{"origin":15637,"position":4},"title":"\u00d6VSV warnt vor einer Marginalisierung des Amateurfunks auf Spielzeug-Niveau","author":"Administrator","date":"August 29, 2018","format":false,"excerpt":"https:\/\/www.ots.at\/presseaussendung\/OTS_20180828_OTS0081\/oevsv-warnt-vor-einer-marginalisierung-des-amateurfunks-auf-spielzeug-niveau-bild","rel":"","context":"In &quot;Deutsch&quot;","block_context":{"text":"Deutsch","link":"https:\/\/www.achimbrueckner.de\/dxradio\/php\/wordpress\/?cat=1"},"img":{"alt_text":"","src":"","width":0,"height":0},"classes":[]},{"id":20406,"url":"https:\/\/www.achimbrueckner.de\/dxradio\/php\/wordpress\/?p=20406","url_meta":{"origin":15637,"position":5},"title":"Die Anliegen des Amateurfunks werden geh\u00f6rt &#8211; \u00d6VSV begr\u00fc\u00dft Zusammenarbeit mit BMVIT","author":"Administrator","date":"December 14, 2018","format":false,"excerpt":"https:\/\/www.ots.at\/presseaussendung\/OTS_20181213_OTS0011\/die-anliegen-des-amateurfunks-werden-gehoert-oevsv-begruesst-zusammenarbeit-mit-bmvit","rel":"","context":"In &quot;Deutsch&quot;","block_context":{"text":"Deutsch","link":"https:\/\/www.achimbrueckner.de\/dxradio\/php\/wordpress\/?cat=1"},"img":{"alt_text":"","src":"","width":0,"height":0},"classes":[]}],"_links":{"self":[{"href":"https:\/\/www.achimbrueckner.de\/dxradio\/php\/wordpress\/index.php?rest_route=\/wp\/v2\/posts\/15637","targetHints":{"allow":["GET"]}}],"collection":[{"href":"https:\/\/www.achimbrueckner.de\/dxradio\/php\/wordpress\/index.php?rest_route=\/wp\/v2\/posts"}],"about":[{"href":"https:\/\/www.achimbrueckner.de\/dxradio\/php\/wordpress\/index.php?rest_route=\/wp\/v2\/types\/post"}],"author":[{"embeddable":true,"href":"https:\/\/www.achimbrueckner.de\/dxradio\/php\/wordpress\/index.php?rest_route=\/wp\/v2\/users\/1"}],"replies":[{"embeddable":true,"href":"https:\/\/www.achimbrueckner.de\/dxradio\/php\/wordpress\/index.php?rest_route=%2Fwp%2Fv2%2Fcomments&post=15637"}],"version-history":[{"count":0,"href":"https:\/\/www.achimbrueckner.de\/dxradio\/php\/wordpress\/index.php?rest_route=\/wp\/v2\/posts\/15637\/revisions"}],"wp:attachment":[{"href":"https:\/\/www.achimbrueckner.de\/dxradio\/php\/wordpress\/index.php?rest_route=%2Fwp%2Fv2%2Fmedia&parent=15637"}],"wp:term":[{"taxonomy":"category","embeddable":true,"href":"https:\/\/www.achimbrueckner.de\/dxradio\/php\/wordpress\/index.php?rest_route=%2Fwp%2Fv2%2Fcategories&post=15637"},{"taxonomy":"post_tag","embeddable":true,"href":"https:\/\/www.achimbrueckner.de\/dxradio\/php\/wordpress\/index.php?rest_route=%2Fwp%2Fv2%2Ftags&post=15637"}],"curies":[{"name":"wp","href":"https:\/\/api.w.org\/{rel}","templated":true}]}}