{"id":15645,"date":"2017-11-25T12:19:33","date_gmt":"2017-11-25T12:19:33","guid":{"rendered":"https:\/\/www.achimbrueckner.de\/dxradio\/php\/wordpress\/?p=15645"},"modified":"2017-11-25T12:19:33","modified_gmt":"2017-11-25T12:19:33","slug":"markos-medienpodcast-326-der-weg-zum-radio-das-braucht-du","status":"publish","type":"post","link":"https:\/\/www.achimbrueckner.de\/dxradio\/php\/wordpress\/?p=15645","title":{"rendered":"markos-medienpodcast-326: Der Weg zum Radio: Das braucht Du"},"content":{"rendered":"<p><a href=\"https:\/\/www.podcast.de\/episode\/367012496\/markos-medienpodcast-326%3A+Der+Weg+zum+Radio%3A+Das+braucht+Du\/\" rel=\"noopener\" target=\"_blank\">https:\/\/www.podcast.de\/episode\/367012496\/markos-medienpodcast-326%3A+Der+Weg+zum+Radio%3A+Das+braucht+Du\/<\/a><\/p>\n","protected":false},"excerpt":{"rendered":"<p>https:\/\/www.podcast.de\/episode\/367012496\/markos-medienpodcast-326%3A+Der+Weg+zum+Radio%3A+Das+braucht+Du\/<\/p>\n","protected":false},"author":1,"featured_media":0,"comment_status":"open","ping_status":"open","sticky":false,"template":"","format":"standard","meta":{"_jetpack_memberships_contains_paid_content":false,"footnotes":"","jetpack_publicize_message":"","jetpack_publicize_feature_enabled":true,"jetpack_social_post_already_shared":true,"jetpack_social_options":{"image_generator_settings":{"template":"highway","default_image_id":0,"font":"","enabled":false},"version":2}},"categories":[1,15],"tags":[45],"class_list":["post-15645","post","type-post","status-publish","format-standard","hentry","category-deutsch","category-medien","tag-medien"],"jetpack_publicize_connections":[],"jetpack_featured_media_url":"","jetpack_sharing_enabled":true,"jetpack_shortlink":"https:\/\/wp.me\/p5CDmr-44l","jetpack-related-posts":[{"id":8021,"url":"https:\/\/www.achimbrueckner.de\/dxradio\/php\/wordpress\/?p=8021","url_meta":{"origin":15645,"position":0},"title":"Markos Medien-Podcast Der kritische Medienkommentar","author":"Administrator","date":"April 11, 2016","format":false,"excerpt":"http:\/\/markos-medienpodcast.podspot.de\/","rel":"","context":"In &quot;Deutsch&quot;","block_context":{"text":"Deutsch","link":"https:\/\/www.achimbrueckner.de\/dxradio\/php\/wordpress\/?cat=1"},"img":{"alt_text":"","src":"","width":0,"height":0},"classes":[]},{"id":17383,"url":"https:\/\/www.achimbrueckner.de\/dxradio\/php\/wordpress\/?p=17383","url_meta":{"origin":15645,"position":1},"title":"Medienkritik: Radio braucht Distanz zum Fernsehen","author":"Administrator","date":"April 17, 2018","format":false,"excerpt":"https:\/\/nzzas.nzz.ch\/meinungen\/medienkritik-radio-braucht-distanz-zum-fernsehen-ld.1377416?reduced=true","rel":"","context":"In &quot;Deutsch&quot;","block_context":{"text":"Deutsch","link":"https:\/\/www.achimbrueckner.de\/dxradio\/php\/wordpress\/?cat=1"},"img":{"alt_text":"","src":"","width":0,"height":0},"classes":[]},{"id":15138,"url":"https:\/\/www.achimbrueckner.de\/dxradio\/php\/wordpress\/?p=15138","url_meta":{"origin":15645,"position":2},"title":"M\u00fcnchner Medientage: Der schwierige Weg zum Journalismus der Zukunft","author":"Administrator","date":"October 25, 2017","format":false,"excerpt":"https:\/\/www.heise.de\/newsticker\/meldung\/Muenchner-Medientage-Der-schwierige-Weg-zum-Journalismus-der-Zukunft-3872618.html","rel":"","context":"In &quot;Deutsch&quot;","block_context":{"text":"Deutsch","link":"https:\/\/www.achimbrueckner.de\/dxradio\/php\/wordpress\/?cat=1"},"img":{"alt_text":"","src":"","width":0,"height":0},"classes":[]},{"id":15144,"url":"https:\/\/www.achimbrueckner.de\/dxradio\/php\/wordpress\/?p=15144","url_meta":{"origin":15645,"position":3},"title":"Warum Radio das Netz braucht","author":"Administrator","date":"October 26, 2017","format":false,"excerpt":"https:\/\/www.wuv.de\/medien\/warum_radio_das_netz_braucht","rel":"","context":"In &quot;Deutsch&quot;","block_context":{"text":"Deutsch","link":"https:\/\/www.achimbrueckner.de\/dxradio\/php\/wordpress\/?cat=1"},"img":{"alt_text":"","src":"","width":0,"height":0},"classes":[]},{"id":8542,"url":"https:\/\/www.achimbrueckner.de\/dxradio\/php\/wordpress\/?p=8542","url_meta":{"origin":15645,"position":4},"title":"Das digitale Radio braucht einen fairen Wettbewerb","author":"Administrator","date":"June 19, 2016","format":false,"excerpt":"http:\/\/www.faz.net\/aktuell\/feuilleton\/medien\/faire-bedingungen-fuer-den-digitalen-radiomarkt-14287222.html","rel":"","context":"In &quot;Deutsch&quot;","block_context":{"text":"Deutsch","link":"https:\/\/www.achimbrueckner.de\/dxradio\/php\/wordpress\/?cat=1"},"img":{"alt_text":"","src":"","width":0,"height":0},"classes":[]},{"id":24824,"url":"https:\/\/www.achimbrueckner.de\/dxradio\/php\/wordpress\/?p=24824","url_meta":{"origin":15645,"position":5},"title":"Der m\u00fchsame Weg, das Rundfunk-Ged\u00e4chtnis zug\u00e4nglich zu machen","author":"Administrator","date":"September 17, 2019","format":false,"excerpt":"https:\/\/uebermedien.de\/41717\/der-muehsame-weg-das-rundfunk-gedaechtnis-zugaenglich-zu-machen\/","rel":"","context":"In &quot;Deutsch&quot;","block_context":{"text":"Deutsch","link":"https:\/\/www.achimbrueckner.de\/dxradio\/php\/wordpress\/?cat=1"},"img":{"alt_text":"","src":"","width":0,"height":0},"classes":[]}],"_links":{"self":[{"href":"https:\/\/www.achimbrueckner.de\/dxradio\/php\/wordpress\/index.php?rest_route=\/wp\/v2\/posts\/15645","targetHints":{"allow":["GET"]}}],"collection":[{"href":"https:\/\/www.achimbrueckner.de\/dxradio\/php\/wordpress\/index.php?rest_route=\/wp\/v2\/posts"}],"about":[{"href":"https:\/\/www.achimbrueckner.de\/dxradio\/php\/wordpress\/index.php?rest_route=\/wp\/v2\/types\/post"}],"author":[{"embeddable":true,"href":"https:\/\/www.achimbrueckner.de\/dxradio\/php\/wordpress\/index.php?rest_route=\/wp\/v2\/users\/1"}],"replies":[{"embeddable":true,"href":"https:\/\/www.achimbrueckner.de\/dxradio\/php\/wordpress\/index.php?rest_route=%2Fwp%2Fv2%2Fcomments&post=15645"}],"version-history":[{"count":0,"href":"https:\/\/www.achimbrueckner.de\/dxradio\/php\/wordpress\/index.php?rest_route=\/wp\/v2\/posts\/15645\/revisions"}],"wp:attachment":[{"href":"https:\/\/www.achimbrueckner.de\/dxradio\/php\/wordpress\/index.php?rest_route=%2Fwp%2Fv2%2Fmedia&parent=15645"}],"wp:term":[{"taxonomy":"category","embeddable":true,"href":"https:\/\/www.achimbrueckner.de\/dxradio\/php\/wordpress\/index.php?rest_route=%2Fwp%2Fv2%2Fcategories&post=15645"},{"taxonomy":"post_tag","embeddable":true,"href":"https:\/\/www.achimbrueckner.de\/dxradio\/php\/wordpress\/index.php?rest_route=%2Fwp%2Fv2%2Ftags&post=15645"}],"curies":[{"name":"wp","href":"https:\/\/api.w.org\/{rel}","templated":true}]}}