{"id":15652,"date":"2017-11-25T12:34:22","date_gmt":"2017-11-25T12:34:22","guid":{"rendered":"https:\/\/www.achimbrueckner.de\/dxradio\/php\/wordpress\/?p=15652"},"modified":"2017-11-25T12:34:22","modified_gmt":"2017-11-25T12:34:22","slug":"horjuwelen-aus-massenhausen-in-feinstem-waldecker-platt","status":"publish","type":"post","link":"https:\/\/www.achimbrueckner.de\/dxradio\/php\/wordpress\/?p=15652","title":{"rendered":"H\u00f6rjuwelen aus Massenhausen in feinstem Waldecker Platt"},"content":{"rendered":"<p><a href=\"https:\/\/www.wlz-online.de\/waldeck\/bad-arolsen\/hoerjuwelen-fuer-radio-aus-massenhausen-in-feinstem-waldecker-platt-9385116.html\" rel=\"noopener\" target=\"_blank\">https:\/\/www.wlz-online.de\/waldeck\/bad-arolsen\/hoerjuwelen-fuer-radio-aus-massenhausen-in-feinstem-waldecker-platt-9385116.html<\/a><\/p>\n","protected":false},"excerpt":{"rendered":"<p>https:\/\/www.wlz-online.de\/waldeck\/bad-arolsen\/hoerjuwelen-fuer-radio-aus-massenhausen-in-feinstem-waldecker-platt-9385116.html<\/p>\n","protected":false},"author":1,"featured_media":0,"comment_status":"open","ping_status":"open","sticky":false,"template":"","format":"standard","meta":{"_jetpack_memberships_contains_paid_content":false,"footnotes":"","jetpack_publicize_message":"","jetpack_publicize_feature_enabled":true,"jetpack_social_post_already_shared":true,"jetpack_social_options":{"image_generator_settings":{"template":"highway","default_image_id":0,"font":"","enabled":false},"version":2}},"categories":[1],"tags":[],"class_list":["post-15652","post","type-post","status-publish","format-standard","hentry","category-deutsch"],"jetpack_publicize_connections":[],"jetpack_featured_media_url":"","jetpack_sharing_enabled":true,"jetpack_shortlink":"https:\/\/wp.me\/p5CDmr-44s","jetpack-related-posts":[{"id":34184,"url":"https:\/\/www.achimbrueckner.de\/dxradio\/php\/wordpress\/?p=34184","url_meta":{"origin":15652,"position":0},"title":"Interview zu Telegram \u201eNetzsperren und Rausschmiss aus den App-Stores \u2013 das ist mir zu platt\u201c","author":"Administrator","date":"December 16, 2021","format":false,"excerpt":"https:\/\/netzpolitik.org\/2021\/interview-zu-telegram-netzsperren-und-rausschmiss-aus-den-app-stores-das-ist-mir-zu-platt\/","rel":"","context":"In &quot;Deutsch&quot;","block_context":{"text":"Deutsch","link":"https:\/\/www.achimbrueckner.de\/dxradio\/php\/wordpress\/?cat=1"},"img":{"alt_text":"","src":"","width":0,"height":0},"classes":[]},{"id":25998,"url":"https:\/\/www.achimbrueckner.de\/dxradio\/php\/wordpress\/?p=25998","url_meta":{"origin":15652,"position":1},"title":"Platt-Radio f\u00f6r un vun junge L\u00fc\u00fcd","author":"Administrator","date":"November 28, 2019","format":false,"excerpt":"https:\/\/www.ndr.de\/kultur\/norddeutsche_sprache\/plattdeutsch\/Platt-Radio-foer-un-vun-junge-Lueued,plattradio128.html","rel":"","context":"In &quot;Deutsch&quot;","block_context":{"text":"Deutsch","link":"https:\/\/www.achimbrueckner.de\/dxradio\/php\/wordpress\/?cat=1"},"img":{"alt_text":"","src":"","width":0,"height":0},"classes":[]},{"id":25083,"url":"https:\/\/www.achimbrueckner.de\/dxradio\/php\/wordpress\/?p=25083","url_meta":{"origin":15652,"position":2},"title":"Workshop &#8211; Radio auf Platt f\u00fcr junge Leute","author":"Administrator","date":"October 3, 2019","format":false,"excerpt":"https:\/\/www.ndr.de\/wellenord\/sendungen\/plattdeutsch\/Workshop-Radio-auf-Platt-fuer-junge-Leute,plattworkshop100.html","rel":"","context":"In &quot;Deutsch&quot;","block_context":{"text":"Deutsch","link":"https:\/\/www.achimbrueckner.de\/dxradio\/php\/wordpress\/?cat=1"},"img":{"alt_text":"","src":"","width":0,"height":0},"classes":[]},{"id":17897,"url":"https:\/\/www.achimbrueckner.de\/dxradio\/php\/wordpress\/?p=17897","url_meta":{"origin":15652,"position":3},"title":"Lahauser Landwirt h\u00e4lt Radio-Andachten sowie Gottesdienste op Platt","author":"Administrator","date":"May 23, 2018","format":false,"excerpt":"https:\/\/www.kreiszeitung.de\/lokales\/diepholz\/weyhe-ort54198\/lahauser-landwirt-haelt-radio-andachten-sowie-gottesdienste-platt-9891254.html","rel":"","context":"In &quot;Deutsch&quot;","block_context":{"text":"Deutsch","link":"https:\/\/www.achimbrueckner.de\/dxradio\/php\/wordpress\/?cat=1"},"img":{"alt_text":"","src":"","width":0,"height":0},"classes":[]},{"id":16697,"url":"https:\/\/www.achimbrueckner.de\/dxradio\/php\/wordpress\/?p=16697","url_meta":{"origin":15652,"position":4},"title":"Drahtlos aus K\u00f6nigs Wusterhausen &#8211; Als die Langwelle entdeckt wurde","author":"Administrator","date":"March 1, 2018","format":false,"excerpt":"10. M\u00e4rz 2018 Deutschlandfunk Kultur 05:05 Uhr Aus den Archivenaufnehmen Drahtlos aus K\u00f6nigs Wusterhausen - Als die Langwelle entdeckt wurde Aus der Kinderstube des Rundfunks in Deutschland DLF 1973 http:\/\/www.deutschlandfunkkultur.de\/aus-den-archiven.1260.de.html","rel":"","context":"In &quot;Deutsch&quot;","block_context":{"text":"Deutsch","link":"https:\/\/www.achimbrueckner.de\/dxradio\/php\/wordpress\/?cat=1"},"img":{"alt_text":"","src":"","width":0,"height":0},"classes":[]},{"id":26162,"url":"https:\/\/www.achimbrueckner.de\/dxradio\/php\/wordpress\/?p=26162","url_meta":{"origin":15652,"position":5},"title":"Samsung steigt aus Produktion von LCD-Panels aus","author":"Administrator","date":"December 13, 2019","format":false,"excerpt":"https:\/\/www.digitalfernsehen.de\/news\/technik\/video\/samsung-steigt-aus-produktion-von-lcd-panels-aus-550858\/","rel":"","context":"In &quot;Deutsch&quot;","block_context":{"text":"Deutsch","link":"https:\/\/www.achimbrueckner.de\/dxradio\/php\/wordpress\/?cat=1"},"img":{"alt_text":"","src":"","width":0,"height":0},"classes":[]}],"_links":{"self":[{"href":"https:\/\/www.achimbrueckner.de\/dxradio\/php\/wordpress\/index.php?rest_route=\/wp\/v2\/posts\/15652","targetHints":{"allow":["GET"]}}],"collection":[{"href":"https:\/\/www.achimbrueckner.de\/dxradio\/php\/wordpress\/index.php?rest_route=\/wp\/v2\/posts"}],"about":[{"href":"https:\/\/www.achimbrueckner.de\/dxradio\/php\/wordpress\/index.php?rest_route=\/wp\/v2\/types\/post"}],"author":[{"embeddable":true,"href":"https:\/\/www.achimbrueckner.de\/dxradio\/php\/wordpress\/index.php?rest_route=\/wp\/v2\/users\/1"}],"replies":[{"embeddable":true,"href":"https:\/\/www.achimbrueckner.de\/dxradio\/php\/wordpress\/index.php?rest_route=%2Fwp%2Fv2%2Fcomments&post=15652"}],"version-history":[{"count":0,"href":"https:\/\/www.achimbrueckner.de\/dxradio\/php\/wordpress\/index.php?rest_route=\/wp\/v2\/posts\/15652\/revisions"}],"wp:attachment":[{"href":"https:\/\/www.achimbrueckner.de\/dxradio\/php\/wordpress\/index.php?rest_route=%2Fwp%2Fv2%2Fmedia&parent=15652"}],"wp:term":[{"taxonomy":"category","embeddable":true,"href":"https:\/\/www.achimbrueckner.de\/dxradio\/php\/wordpress\/index.php?rest_route=%2Fwp%2Fv2%2Fcategories&post=15652"},{"taxonomy":"post_tag","embeddable":true,"href":"https:\/\/www.achimbrueckner.de\/dxradio\/php\/wordpress\/index.php?rest_route=%2Fwp%2Fv2%2Ftags&post=15652"}],"curies":[{"name":"wp","href":"https:\/\/api.w.org\/{rel}","templated":true}]}}