{"id":15656,"date":"2017-11-25T19:54:16","date_gmt":"2017-11-25T19:54:16","guid":{"rendered":"https:\/\/www.achimbrueckner.de\/dxradio\/php\/wordpress\/?p=15656"},"modified":"2017-11-25T19:54:16","modified_gmt":"2017-11-25T19:54:16","slug":"amtlich-geforderte-zuversicht-so-wird-das-nix-mit-der-digitalisierung","status":"publish","type":"post","link":"https:\/\/www.achimbrueckner.de\/dxradio\/php\/wordpress\/?p=15656","title":{"rendered":"Amtlich geforderte Zuversicht: So wird das nix mit der Digitalisierung"},"content":{"rendered":"<p><a href=\"https:\/\/www.watson.ch\/!739897025?utm_medium=earned&#038;utm_source=twitter&#038;utm_campaign=share-tracking\" rel=\"noopener\" target=\"_blank\">https:\/\/www.watson.ch\/!739897025<\/a><\/p>\n","protected":false},"excerpt":{"rendered":"<p>https:\/\/www.watson.ch\/!739897025<\/p>\n","protected":false},"author":1,"featured_media":0,"comment_status":"open","ping_status":"open","sticky":false,"template":"","format":"standard","meta":{"_jetpack_memberships_contains_paid_content":false,"footnotes":"","jetpack_publicize_message":"","jetpack_publicize_feature_enabled":true,"jetpack_social_post_already_shared":true,"jetpack_social_options":{"image_generator_settings":{"template":"highway","default_image_id":0,"font":"","enabled":false},"version":2}},"categories":[1],"tags":[24],"class_list":["post-15656","post","type-post","status-publish","format-standard","hentry","category-deutsch","tag-am"],"jetpack_publicize_connections":[],"jetpack_featured_media_url":"","jetpack_sharing_enabled":true,"jetpack_shortlink":"https:\/\/wp.me\/p5CDmr-44w","jetpack-related-posts":[{"id":30736,"url":"https:\/\/www.achimbrueckner.de\/dxradio\/php\/wordpress\/?p=30736","url_meta":{"origin":15656,"position":0},"title":"Digitalisierung meets Radio: So entwickelt sich das Radio der Zukunft","author":"Administrator","date":"November 7, 2020","format":false,"excerpt":"https:\/\/www.radiowoche.de\/digitalisierung-meets-radio-so-entwickelt-sich-das-radio-der-zukunft\/","rel":"","context":"In &quot;Deutsch&quot;","block_context":{"text":"Deutsch","link":"https:\/\/www.achimbrueckner.de\/dxradio\/php\/wordpress\/?cat=1"},"img":{"alt_text":"","src":"","width":0,"height":0},"classes":[]},{"id":19351,"url":"https:\/\/www.achimbrueckner.de\/dxradio\/php\/wordpress\/?p=19351","url_meta":{"origin":15656,"position":1},"title":"Projekt Deutsche Amateurfunkgeschichte \u2013 heute f\u00fcr morgen erz\u00e4hlt","author":"Administrator","date":"September 29, 2018","format":false,"excerpt":"Projekt Deutsche Amateurfunkgeschichte \u2013 heute f\u00fcr morgen erz\u00e4hlt 90 Jahre nach der Gr\u00fcndung gibt es noch immer keine repr\u00e4sentative Chronik des Amateurfunks in Deutschland. Die bisherigen und durchaus verdienstvollen Darstellungen sind vergriffen, l\u00fcckenhaft oder nicht ausreichend faktengesichert. Auch unser eigenes 2002-2009 erstelltes Angebot, umfangreich wie kein anderes, ist nicht mehr\u2026","rel":"","context":"In &quot;Deutsch&quot;","block_context":{"text":"Deutsch","link":"https:\/\/www.achimbrueckner.de\/dxradio\/php\/wordpress\/?cat=1"},"img":{"alt_text":"","src":"","width":0,"height":0},"classes":[]},{"id":2756,"url":"https:\/\/www.achimbrueckner.de\/dxradio\/php\/wordpress\/?p=2756","url_meta":{"origin":15656,"position":2},"title":"Der \u00abamtlich bewilligte St\u00f6rsender\u00bb feiert Geburtstag","author":"Administrator","date":"November 13, 2013","format":false,"excerpt":"http:\/\/www.srf.ch\/news\/panorama\/der-amtlich-bewilligte-stoersender-feiert-geburtstag","rel":"","context":"In &quot;Deutsch&quot;","block_context":{"text":"Deutsch","link":"https:\/\/www.achimbrueckner.de\/dxradio\/php\/wordpress\/?cat=1"},"img":{"alt_text":"","src":"","width":0,"height":0},"classes":[]},{"id":32028,"url":"https:\/\/www.achimbrueckner.de\/dxradio\/php\/wordpress\/?p=32028","url_meta":{"origin":15656,"position":3},"title":"Satzentrale 28. Februar 2021","author":"Administrator","date":"February 18, 2021","format":false,"excerpt":"Die SATzentrale (https:\/\/www.satzentrale.de) feiert in diesem Jahr ihr 20-j\u00e4hriges Bestehen. In einer Sondersendung blickt das Satelliten- und Medienportal auf seine Anf\u00e4nge zur\u00fcck und wirft einen Blick in die Zukunft. Das Special l\u00e4uft am 28. Februar 2021 um 13 Uhr auf der Kurzwellenfrequenz 6070 kHz. Der Empfang wird mit einer e-QSL\u2026","rel":"","context":"In &quot;Deutsch&quot;","block_context":{"text":"Deutsch","link":"https:\/\/www.achimbrueckner.de\/dxradio\/php\/wordpress\/?cat=1"},"img":{"alt_text":"","src":"","width":0,"height":0},"classes":[]},{"id":16888,"url":"https:\/\/www.achimbrueckner.de\/dxradio\/php\/wordpress\/?p=16888","url_meta":{"origin":15656,"position":4},"title":"Mit der Digitalisierung Schritt halten","author":"Administrator","date":"March 13, 2018","format":false,"excerpt":"https:\/\/www.berchtesgadener-anzeiger.de\/startseite_artikel,-mit-der-digitalisierung-schritt-halten-_arid,395496.html","rel":"","context":"In &quot;Deutsch&quot;","block_context":{"text":"Deutsch","link":"https:\/\/www.achimbrueckner.de\/dxradio\/php\/wordpress\/?cat=1"},"img":{"alt_text":"","src":"","width":0,"height":0},"classes":[]},{"id":41981,"url":"https:\/\/www.achimbrueckner.de\/dxradio\/php\/wordpress\/?p=41981","url_meta":{"origin":15656,"position":5},"title":"RADIO DARC sendet ab 2025 aus England","author":"Administrator","date":"November 26, 2024","format":false,"excerpt":"RADIO DARC sendet ab 2025 aus England Fast 10 Jahre lang hat RADIO DARC f\u00fcr seine Kurzwellen-Ausstrahlungen am Sonntag vormittag den ORS-Sender in Moosbrunn bei Wien genutzt. Am Jahresende soll nun damit Schluss sein, die Anlage wird stillgelegt. Alle Versuche einer Rettung schlugen fehl, der \u00d6sterreichische Rundfunk will das angeblich\u2026","rel":"","context":"In &quot;Deutsch&quot;","block_context":{"text":"Deutsch","link":"https:\/\/www.achimbrueckner.de\/dxradio\/php\/wordpress\/?cat=1"},"img":{"alt_text":"","src":"","width":0,"height":0},"classes":[]}],"_links":{"self":[{"href":"https:\/\/www.achimbrueckner.de\/dxradio\/php\/wordpress\/index.php?rest_route=\/wp\/v2\/posts\/15656","targetHints":{"allow":["GET"]}}],"collection":[{"href":"https:\/\/www.achimbrueckner.de\/dxradio\/php\/wordpress\/index.php?rest_route=\/wp\/v2\/posts"}],"about":[{"href":"https:\/\/www.achimbrueckner.de\/dxradio\/php\/wordpress\/index.php?rest_route=\/wp\/v2\/types\/post"}],"author":[{"embeddable":true,"href":"https:\/\/www.achimbrueckner.de\/dxradio\/php\/wordpress\/index.php?rest_route=\/wp\/v2\/users\/1"}],"replies":[{"embeddable":true,"href":"https:\/\/www.achimbrueckner.de\/dxradio\/php\/wordpress\/index.php?rest_route=%2Fwp%2Fv2%2Fcomments&post=15656"}],"version-history":[{"count":0,"href":"https:\/\/www.achimbrueckner.de\/dxradio\/php\/wordpress\/index.php?rest_route=\/wp\/v2\/posts\/15656\/revisions"}],"wp:attachment":[{"href":"https:\/\/www.achimbrueckner.de\/dxradio\/php\/wordpress\/index.php?rest_route=%2Fwp%2Fv2%2Fmedia&parent=15656"}],"wp:term":[{"taxonomy":"category","embeddable":true,"href":"https:\/\/www.achimbrueckner.de\/dxradio\/php\/wordpress\/index.php?rest_route=%2Fwp%2Fv2%2Fcategories&post=15656"},{"taxonomy":"post_tag","embeddable":true,"href":"https:\/\/www.achimbrueckner.de\/dxradio\/php\/wordpress\/index.php?rest_route=%2Fwp%2Fv2%2Ftags&post=15656"}],"curies":[{"name":"wp","href":"https:\/\/api.w.org\/{rel}","templated":true}]}}