{"id":15672,"date":"2017-11-28T16:20:53","date_gmt":"2017-11-28T16:20:53","guid":{"rendered":"https:\/\/www.achimbrueckner.de\/dxradio\/php\/wordpress\/?p=15672"},"modified":"2017-11-28T16:20:53","modified_gmt":"2017-11-28T16:20:53","slug":"athesia-ubernimmt-50-prozent-der-funkhaus-sudtirol-gmbh","status":"publish","type":"post","link":"https:\/\/www.achimbrueckner.de\/dxradio\/php\/wordpress\/?p=15672","title":{"rendered":"Athesia \u00fcbernimmt 50 Prozent der Funkhaus S\u00fcdtirol GmbH"},"content":{"rendered":"<p><a href=\"http:\/\/derstandard.at\/2000068586447\/Athesia-uebernimmt-50-Prozent-der-Funkhaus-Suedtirol-GmbH\" rel=\"noopener\" target=\"_blank\">http:\/\/derstandard.at\/2000068586447\/Athesia-uebernimmt-50-Prozent-der-Funkhaus-Suedtirol-GmbH<\/a><\/p>\n","protected":false},"excerpt":{"rendered":"<p>http:\/\/derstandard.at\/2000068586447\/Athesia-uebernimmt-50-Prozent-der-Funkhaus-Suedtirol-GmbH<\/p>\n","protected":false},"author":1,"featured_media":0,"comment_status":"open","ping_status":"open","sticky":false,"template":"","format":"standard","meta":{"_jetpack_memberships_contains_paid_content":false,"footnotes":"","jetpack_publicize_message":"","jetpack_publicize_feature_enabled":true,"jetpack_social_post_already_shared":true,"jetpack_social_options":{"image_generator_settings":{"template":"highway","default_image_id":0,"font":"","enabled":false},"version":2}},"categories":[1],"tags":[],"class_list":["post-15672","post","type-post","status-publish","format-standard","hentry","category-deutsch"],"jetpack_publicize_connections":[],"jetpack_featured_media_url":"","jetpack_sharing_enabled":true,"jetpack_shortlink":"https:\/\/wp.me\/p5CDmr-44M","jetpack-related-posts":[{"id":1604,"url":"https:\/\/www.achimbrueckner.de\/dxradio\/php\/wordpress\/?p=1604","url_meta":{"origin":15672,"position":0},"title":"WDR \u00f6ffnet Funkhaus und Studios in der 3. K\u00f6lner Nacht der Technik","author":"Administrator","date":"June 17, 2011","format":false,"excerpt":"WDR \u00f6ffnet Funkhaus und Studios in der 3. K\u00f6lner Nacht der Technik http:\/\/www.radiowoche.de\/meldungen\/1\/10617\/wdr-oeffnet-funkhaus-und-studios-in-der-3koelner-nacht-der-technik\/","rel":"","context":"In &quot;Deutsch&quot;","block_context":{"text":"Deutsch","link":"https:\/\/www.achimbrueckner.de\/dxradio\/php\/wordpress\/?cat=1"},"img":{"alt_text":"","src":"","width":0,"height":0},"classes":[]},{"id":7869,"url":"https:\/\/www.achimbrueckner.de\/dxradio\/php\/wordpress\/?p=7869","url_meta":{"origin":15672,"position":1},"title":"20.000 Kubikmeter Stahl und Beton: K\u00f6lner Funkhaus vor der Sprengung  20.000 Kubikmeter Stahl und Beton: K\u00f6lner Funkhaus vor der Sprengung","author":"Administrator","date":"March 20, 2016","format":false,"excerpt":"http:\/\/www.aachener-zeitung.de\/lokales\/region\/20000-kubikmeter-stahl-und-beton-koelner-funkhaus-vor-der-sprengung-1.1320302","rel":"","context":"In &quot;Deutsch&quot;","block_context":{"text":"Deutsch","link":"https:\/\/www.achimbrueckner.de\/dxradio\/php\/wordpress\/?cat=1"},"img":{"alt_text":"","src":"","width":0,"height":0},"classes":[]},{"id":24387,"url":"https:\/\/www.achimbrueckner.de\/dxradio\/php\/wordpress\/?p=24387","url_meta":{"origin":15672,"position":2},"title":"Stadtf\u00fchrung zum Funkhaus-Gel\u00e4nde in der Nalepastra\u00dfe","author":"Administrator","date":"August 21, 2019","format":false,"excerpt":"https:\/\/www.berliner-woche.de\/charlottenburg\/c-kultur\/stadtfuehrung-zum-funkhaus-gelaende-in-der-nalepastrasse_a227860","rel":"","context":"In &quot;Deutsch&quot;","block_context":{"text":"Deutsch","link":"https:\/\/www.achimbrueckner.de\/dxradio\/php\/wordpress\/?cat=1"},"img":{"alt_text":"","src":"","width":0,"height":0},"classes":[]},{"id":31652,"url":"https:\/\/www.achimbrueckner.de\/dxradio\/php\/wordpress\/?p=31652","url_meta":{"origin":15672,"position":3},"title":"Baustelle der Superlative So wird das ehemalige Funkhaus der Deutschen Welle zerlegt","author":"Administrator","date":"January 13, 2021","format":false,"excerpt":"https:\/\/www.ksta.de\/koeln\/baustelle-der-superlative-so-wird-das-ehemalige-funkhaus-der-deutschen-welle-zerlegt-33610044?cb=1610547497851","rel":"","context":"In &quot;Deutsch&quot;","block_context":{"text":"Deutsch","link":"https:\/\/www.achimbrueckner.de\/dxradio\/php\/wordpress\/?cat=1"},"img":{"alt_text":"","src":"","width":0,"height":0},"classes":[]},{"id":4872,"url":"https:\/\/www.achimbrueckner.de\/dxradio\/php\/wordpress\/?p=4872","url_meta":{"origin":15672,"position":4},"title":"DDR-Funkhaus an der Nalepastra\u00dfe hat neuen Eigent\u00fcmer","author":"Administrator","date":"June 11, 2015","format":false,"excerpt":"http:\/\/www.morgenpost.de\/printarchiv\/berlin\/article142300145\/DDR-Funkhaus-an-der-Nalepastrasse-hat-neuen-Eigentuemer.html","rel":"","context":"In &quot;Deutsch&quot;","block_context":{"text":"Deutsch","link":"https:\/\/www.achimbrueckner.de\/dxradio\/php\/wordpress\/?cat=1"},"img":{"alt_text":"","src":"","width":0,"height":0},"classes":[]},{"id":24465,"url":"https:\/\/www.achimbrueckner.de\/dxradio\/php\/wordpress\/?p=24465","url_meta":{"origin":15672,"position":5},"title":"Tag der offenen T\u00fcr im Funkhaus K\u00f6ln","author":"Administrator","date":"August 25, 2019","format":false,"excerpt":"https:\/\/www.deutschlandradio.de\/tag-der-offenen-tuer-im-funkhaus-koeln.451.de.html?drem%3Aevent_id=1847","rel":"","context":"In &quot;Deutsch&quot;","block_context":{"text":"Deutsch","link":"https:\/\/www.achimbrueckner.de\/dxradio\/php\/wordpress\/?cat=1"},"img":{"alt_text":"","src":"","width":0,"height":0},"classes":[]}],"_links":{"self":[{"href":"https:\/\/www.achimbrueckner.de\/dxradio\/php\/wordpress\/index.php?rest_route=\/wp\/v2\/posts\/15672","targetHints":{"allow":["GET"]}}],"collection":[{"href":"https:\/\/www.achimbrueckner.de\/dxradio\/php\/wordpress\/index.php?rest_route=\/wp\/v2\/posts"}],"about":[{"href":"https:\/\/www.achimbrueckner.de\/dxradio\/php\/wordpress\/index.php?rest_route=\/wp\/v2\/types\/post"}],"author":[{"embeddable":true,"href":"https:\/\/www.achimbrueckner.de\/dxradio\/php\/wordpress\/index.php?rest_route=\/wp\/v2\/users\/1"}],"replies":[{"embeddable":true,"href":"https:\/\/www.achimbrueckner.de\/dxradio\/php\/wordpress\/index.php?rest_route=%2Fwp%2Fv2%2Fcomments&post=15672"}],"version-history":[{"count":0,"href":"https:\/\/www.achimbrueckner.de\/dxradio\/php\/wordpress\/index.php?rest_route=\/wp\/v2\/posts\/15672\/revisions"}],"wp:attachment":[{"href":"https:\/\/www.achimbrueckner.de\/dxradio\/php\/wordpress\/index.php?rest_route=%2Fwp%2Fv2%2Fmedia&parent=15672"}],"wp:term":[{"taxonomy":"category","embeddable":true,"href":"https:\/\/www.achimbrueckner.de\/dxradio\/php\/wordpress\/index.php?rest_route=%2Fwp%2Fv2%2Fcategories&post=15672"},{"taxonomy":"post_tag","embeddable":true,"href":"https:\/\/www.achimbrueckner.de\/dxradio\/php\/wordpress\/index.php?rest_route=%2Fwp%2Fv2%2Ftags&post=15672"}],"curies":[{"name":"wp","href":"https:\/\/api.w.org\/{rel}","templated":true}]}}