{"id":15719,"date":"2017-12-01T22:13:42","date_gmt":"2017-12-01T22:13:42","guid":{"rendered":"https:\/\/www.achimbrueckner.de\/dxradio\/php\/wordpress\/?p=15719"},"modified":"2017-12-01T22:13:42","modified_gmt":"2017-12-01T22:13:42","slug":"dokufunk-adventkalender-2017","status":"publish","type":"post","link":"https:\/\/www.achimbrueckner.de\/dxradio\/php\/wordpress\/?p=15719","title":{"rendered":"DokuFunk Adventkalender 2017"},"content":{"rendered":"<p>Das DokuFunk-Team will Euch Besuchern der Homepage die Zeit bis zum Weihnachtsfest schmackhaft machen und bringt jeden Tag aufs Neue Sch\u00e4tze aus dem Fundus des Archivs. Seid also gespannt, was sich hinter jedem T\u00fcrchen des DokuFunk-Adventkalender verbirgt. Und so viel sei schon einmal verraten, es wird Hams genauso erfreuen wie Rundfunkbegeisterte und bringt wahre Schmankerl zum Vorschein.<\/p>\n<p><a href=\"http:\/\/dokufunk.org\/\" rel=\"noopener\" target=\"_blank\">http:\/\/dokufunk.org\/<\/a><\/p>\n<p>Info via <a href=\"http:\/\/www.ratzer.at\" rel=\"noopener\" target=\"_blank\">A-DX<\/a><\/p>\n","protected":false},"excerpt":{"rendered":"<p>Das DokuFunk-Team will Euch Besuchern der Homepage die Zeit bis zum Weihnachtsfest schmackhaft machen und bringt jeden Tag aufs Neue Sch\u00e4tze aus dem Fundus des Archivs. Seid also gespannt, was sich hinter jedem T\u00fcrchen des DokuFunk-Adventkalender verbirgt. Und so viel sei schon einmal verraten, es wird Hams genauso erfreuen wie Rundfunkbegeisterte und bringt wahre Schmankerl &hellip; <a href=\"https:\/\/www.achimbrueckner.de\/dxradio\/php\/wordpress\/?p=15719\" class=\"more-link\">Continue reading <span class=\"screen-reader-text\">DokuFunk Adventkalender 2017<\/span><\/a><\/p>\n","protected":false},"author":1,"featured_media":0,"comment_status":"open","ping_status":"open","sticky":false,"template":"","format":"standard","meta":{"_jetpack_memberships_contains_paid_content":false,"footnotes":"","jetpack_publicize_message":"","jetpack_publicize_feature_enabled":true,"jetpack_social_post_already_shared":true,"jetpack_social_options":{"image_generator_settings":{"template":"highway","default_image_id":0,"font":"","enabled":false},"version":2}},"categories":[1,14],"tags":[24,40],"class_list":["post-15719","post","type-post","status-publish","format-standard","hentry","category-deutsch","category-dx","tag-am","tag-dx"],"jetpack_publicize_connections":[],"jetpack_featured_media_url":"","jetpack_sharing_enabled":true,"jetpack_shortlink":"https:\/\/wp.me\/p5CDmr-45x","jetpack-related-posts":[{"id":30947,"url":"https:\/\/www.achimbrueckner.de\/dxradio\/php\/wordpress\/?p=30947","url_meta":{"origin":15719,"position":0},"title":"DokuFunk-Adventkalender 2020 \ud83c\udf84\ud83c\udf84\ud83c\udf84 Jeden Tag ein St\u00fcck Geschichte aus dem Dokumentationsarchiv Funk","author":"Administrator","date":"December 4, 2020","format":false,"excerpt":"http:\/\/www.dokufunk.org\/","rel":"","context":"In &quot;Deutsch&quot;","block_context":{"text":"Deutsch","link":"https:\/\/www.achimbrueckner.de\/dxradio\/php\/wordpress\/?cat=1"},"img":{"alt_text":"","src":"","width":0,"height":0},"classes":[]},{"id":5005,"url":"https:\/\/www.achimbrueckner.de\/dxradio\/php\/wordpress\/?p=5005","url_meta":{"origin":15719,"position":1},"title":"Ham Radio Messe: H\u00f6rertreffen R\u00d6I \/ Freundestreffen DokuFunk","author":"Administrator","date":"June 24, 2015","format":false,"excerpt":"R\u00d6I, DokuFunk und die A-DX Mailingliste laden alle SWLs und Kurzwellenfreunde zum H\u00f6rertreffen R\u00d6I \/ Freundestreffen DokuFunk mit einem Vortrag zum Thema \"Amateurfunk aus dem Orbit\" von Wolf Harranth, OE1WHC und einem Streifzug zum Thema Kurzwelle, Technik und Klubs herzlich ein. Neben dem Vortrag von Wolf wollen wir die Gelegenheit\u2026","rel":"","context":"In &quot;camps&quot;","block_context":{"text":"camps","link":"https:\/\/www.achimbrueckner.de\/dxradio\/php\/wordpress\/?cat=5"},"img":{"alt_text":"","src":"","width":0,"height":0},"classes":[]},{"id":8535,"url":"https:\/\/www.achimbrueckner.de\/dxradio\/php\/wordpress\/?p=8535","url_meta":{"origin":15719,"position":2},"title":"Einladung zum H\u00f6rertreffen R\u00d6I \/ Freundestreffen DokuFunk \/ A-DX Treffen","author":"Administrator","date":"June 18, 2016","format":false,"excerpt":"Einladung zum H\u00f6rertreffen R\u00d6I \/ Freundestreffen DokuFunk \/ A-DX Treffen auf der HAM RADIO in Friedrichshafen. Samstag, 25.06.2016, 12 Uhr auf der HAM Radio Messe - Konferenz-Zentrum West, Raum Liechtenstein. \"Amateurfunk unter, auf und \u00fcber der Erde\" ist der Vortrag von Wolf Harranth. Danach wird Christoph Ratzer von \"Analogen Fernempfang\u2026","rel":"","context":"In &quot;camps&quot;","block_context":{"text":"camps","link":"https:\/\/www.achimbrueckner.de\/dxradio\/php\/wordpress\/?cat=5"},"img":{"alt_text":"","src":"","width":0,"height":0},"classes":[]},{"id":36443,"url":"https:\/\/www.achimbrueckner.de\/dxradio\/php\/wordpress\/?p=36443","url_meta":{"origin":15719,"position":3},"title":"Friedrichshafen: ORF- und DokuFunk-Freundestreffen + ROI-H\u00f6rertreffen","author":"Administrator","date":"May 31, 2022","format":false,"excerpt":"Ein guter Treffpunkt auf der HAM RADIO: Samstag, 25. Juni, 12 Uhr, Raum Liechtenstein ORF- und DokuFunk-Freundestreffen + ROI-H\u00f6rertreffen - Radio \u00d6sterreich International Ein- und Ausblick, in Gedenken an Wolf Harranth, OE1WHC Paulina Petri, OE1YPP Info via A-DX","rel":"","context":"In &quot;camps&quot;","block_context":{"text":"camps","link":"https:\/\/www.achimbrueckner.de\/dxradio\/php\/wordpress\/?cat=5"},"img":{"alt_text":"","src":"","width":0,"height":0},"classes":[]},{"id":2338,"url":"https:\/\/www.achimbrueckner.de\/dxradio\/php\/wordpress\/?p=2338","url_meta":{"origin":15719,"position":4},"title":"TV-Beitrag Dokufunk","author":"Administrator","date":"November 15, 2012","format":false,"excerpt":"TV-Beitrag Dokufunk http:\/\/www.youtube.com\/watch?v=PMGySf3L9Y8&feature=related Info via A-DX","rel":"","context":"In &quot;Deutsch&quot;","block_context":{"text":"Deutsch","link":"https:\/\/www.achimbrueckner.de\/dxradio\/php\/wordpress\/?cat=1"},"img":{"alt_text":"","src":"","width":0,"height":0},"classes":[]},{"id":2146,"url":"https:\/\/www.achimbrueckner.de\/dxradio\/php\/wordpress\/?p=2146","url_meta":{"origin":15719,"position":5},"title":"Beitrag \u00fcber DokuFunk (Link)","author":"Administrator","date":"February 12, 2012","format":false,"excerpt":"ORF-TV - Beitrag \u00fcber DokuFunk (Link) http:\/\/youtu.be\/G1gnKxM2HsQ Info via A-DX","rel":"","context":"In &quot;Deutsch&quot;","block_context":{"text":"Deutsch","link":"https:\/\/www.achimbrueckner.de\/dxradio\/php\/wordpress\/?cat=1"},"img":{"alt_text":"","src":"","width":0,"height":0},"classes":[]}],"_links":{"self":[{"href":"https:\/\/www.achimbrueckner.de\/dxradio\/php\/wordpress\/index.php?rest_route=\/wp\/v2\/posts\/15719","targetHints":{"allow":["GET"]}}],"collection":[{"href":"https:\/\/www.achimbrueckner.de\/dxradio\/php\/wordpress\/index.php?rest_route=\/wp\/v2\/posts"}],"about":[{"href":"https:\/\/www.achimbrueckner.de\/dxradio\/php\/wordpress\/index.php?rest_route=\/wp\/v2\/types\/post"}],"author":[{"embeddable":true,"href":"https:\/\/www.achimbrueckner.de\/dxradio\/php\/wordpress\/index.php?rest_route=\/wp\/v2\/users\/1"}],"replies":[{"embeddable":true,"href":"https:\/\/www.achimbrueckner.de\/dxradio\/php\/wordpress\/index.php?rest_route=%2Fwp%2Fv2%2Fcomments&post=15719"}],"version-history":[{"count":0,"href":"https:\/\/www.achimbrueckner.de\/dxradio\/php\/wordpress\/index.php?rest_route=\/wp\/v2\/posts\/15719\/revisions"}],"wp:attachment":[{"href":"https:\/\/www.achimbrueckner.de\/dxradio\/php\/wordpress\/index.php?rest_route=%2Fwp%2Fv2%2Fmedia&parent=15719"}],"wp:term":[{"taxonomy":"category","embeddable":true,"href":"https:\/\/www.achimbrueckner.de\/dxradio\/php\/wordpress\/index.php?rest_route=%2Fwp%2Fv2%2Fcategories&post=15719"},{"taxonomy":"post_tag","embeddable":true,"href":"https:\/\/www.achimbrueckner.de\/dxradio\/php\/wordpress\/index.php?rest_route=%2Fwp%2Fv2%2Ftags&post=15719"}],"curies":[{"name":"wp","href":"https:\/\/api.w.org\/{rel}","templated":true}]}}