{"id":1589,"date":"2011-06-06T15:27:34","date_gmt":"2011-06-06T15:27:34","guid":{"rendered":"https:\/\/www.achimbrueckner.de\/dxradio\/php\/wordpress\/?p=1589"},"modified":"2011-06-06T15:27:34","modified_gmt":"2011-06-06T15:27:34","slug":"wieso-300-millionen-radios-abschalten","status":"publish","type":"post","link":"https:\/\/www.achimbrueckner.de\/dxradio\/php\/wordpress\/?p=1589","title":{"rendered":"&#8220;Wieso 300 Millionen Radios abschalten?&#8221;"},"content":{"rendered":"<p>Digitaler H\u00f6rfunk &#8211; &#8220;Wieso 300 Millionen Radios abschalten?&#8221;<\/p>\n<p><a href=\"http:\/\/www.tagesspiegel.de\/medien\/wieso-300-millionen-radios-abschalten\/4254148.html\">http:\/\/www.tagesspiegel.de\/medien\/wieso-300-millionen-radios-abschalten\/4254148.html<\/a><\/p>\n","protected":false},"excerpt":{"rendered":"<p>Digitaler H\u00f6rfunk &#8211; &#8220;Wieso 300 Millionen Radios abschalten?&#8221; http:\/\/www.tagesspiegel.de\/medien\/wieso-300-millionen-radios-abschalten\/4254148.html<\/p>\n","protected":false},"author":1,"featured_media":0,"comment_status":"open","ping_status":"open","sticky":false,"template":"","format":"standard","meta":{"_jetpack_memberships_contains_paid_content":false,"footnotes":"","jetpack_publicize_message":"","jetpack_publicize_feature_enabled":true,"jetpack_social_post_already_shared":false,"jetpack_social_options":{"image_generator_settings":{"template":"highway","default_image_id":0,"font":"","enabled":false},"version":2}},"categories":[1],"tags":[25,45],"class_list":["post-1589","post","type-post","status-publish","format-standard","hentry","category-deutsch","tag-horfunk","tag-medien"],"jetpack_publicize_connections":[],"jetpack_featured_media_url":"","jetpack_sharing_enabled":true,"jetpack_shortlink":"https:\/\/wp.me\/p5CDmr-pD","jetpack-related-posts":[{"id":18102,"url":"https:\/\/www.achimbrueckner.de\/dxradio\/php\/wordpress\/?p=18102","url_meta":{"origin":1589,"position":0},"title":"Liberalisierung des H\u00f6rfunks  Im Juli k\u00f6nnten f\u00fcr 28 Millionen H\u00f6rer die Radios verstummen","author":"Administrator","date":"June 8, 2018","format":false,"excerpt":"http:\/\/www.sueddeutsche.de\/medien\/liberalisierung-des-hoerfunks-im-juli-koennten-fuer-millionen-hoerer-die-radios-verstummen-1.4004731","rel":"","context":"In &quot;Deutsch&quot;","block_context":{"text":"Deutsch","link":"https:\/\/www.achimbrueckner.de\/dxradio\/php\/wordpress\/?cat=1"},"img":{"alt_text":"","src":"","width":0,"height":0},"classes":[]},{"id":16336,"url":"https:\/\/www.achimbrueckner.de\/dxradio\/php\/wordpress\/?p=16336","url_meta":{"origin":1589,"position":1},"title":"Designierte GroKo will UKW-H\u00f6rfunk in Deutschland zugunsten von DAB+ abschalten","author":"Administrator","date":"February 1, 2018","format":false,"excerpt":"http:\/\/www.satnews.de\/mlesen.php?id=4dc411319a57daa5f795858e30ee8642","rel":"","context":"In &quot;Deutsch&quot;","block_context":{"text":"Deutsch","link":"https:\/\/www.achimbrueckner.de\/dxradio\/php\/wordpress\/?cat=1"},"img":{"alt_text":"","src":"","width":0,"height":0},"classes":[]},{"id":5055,"url":"https:\/\/www.achimbrueckner.de\/dxradio\/php\/wordpress\/?p=5055","url_meta":{"origin":1589,"position":2},"title":"Schweden und Niederlande wollen UKW-H\u00f6rfunk nicht abschalten","author":"Administrator","date":"June 30, 2015","format":false,"excerpt":"http:\/\/www.teltarif.de\/dab-dab-plus-digitalradio-multimedia\/news\/60186.html","rel":"","context":"In &quot;Deutsch&quot;","block_context":{"text":"Deutsch","link":"https:\/\/www.achimbrueckner.de\/dxradio\/php\/wordpress\/?cat=1"},"img":{"alt_text":"","src":"","width":0,"height":0},"classes":[]},{"id":33019,"url":"https:\/\/www.achimbrueckner.de\/dxradio\/php\/wordpress\/?p=33019","url_meta":{"origin":1589,"position":3},"title":"UKW: Sachsen will analogen H\u00f6rfunk nicht abschalten","author":"Administrator","date":"July 7, 2021","format":false,"excerpt":"https:\/\/www.teltarif.de\/ukw-sachsen-dab-plus-radio\/news\/85056.html","rel":"","context":"In &quot;Deutsch&quot;","block_context":{"text":"Deutsch","link":"https:\/\/www.achimbrueckner.de\/dxradio\/php\/wordpress\/?cat=1"},"img":{"alt_text":"","src":"","width":0,"height":0},"classes":[]},{"id":13223,"url":"https:\/\/www.achimbrueckner.de\/dxradio\/php\/wordpress\/?p=13223","url_meta":{"origin":1589,"position":4},"title":"Radio Einmal richtig abschalten","author":"Administrator","date":"May 21, 2017","format":false,"excerpt":"http:\/\/www.sueddeutsche.de\/medien\/radio-einmal-richtig-abschalten-1.3511544","rel":"","context":"In &quot;Deutsch&quot;","block_context":{"text":"Deutsch","link":"https:\/\/www.achimbrueckner.de\/dxradio\/php\/wordpress\/?cat=1"},"img":{"alt_text":"","src":"","width":0,"height":0},"classes":[]},{"id":12673,"url":"https:\/\/www.achimbrueckner.de\/dxradio\/php\/wordpress\/?p=12673","url_meta":{"origin":1589,"position":5},"title":"\u201eNicht abschalten, sondern zuh\u00f6ren\u201c","author":"Administrator","date":"March 30, 2017","format":false,"excerpt":"http:\/\/www.general-anzeiger-bonn.de\/news\/kultur-und-medien\/%E2%80%9ENicht-abschalten-sondern-zuh%C3%B6ren%E2%80%9C-article3519195.html","rel":"","context":"In &quot;Deutsch&quot;","block_context":{"text":"Deutsch","link":"https:\/\/www.achimbrueckner.de\/dxradio\/php\/wordpress\/?cat=1"},"img":{"alt_text":"","src":"","width":0,"height":0},"classes":[]}],"_links":{"self":[{"href":"https:\/\/www.achimbrueckner.de\/dxradio\/php\/wordpress\/index.php?rest_route=\/wp\/v2\/posts\/1589","targetHints":{"allow":["GET"]}}],"collection":[{"href":"https:\/\/www.achimbrueckner.de\/dxradio\/php\/wordpress\/index.php?rest_route=\/wp\/v2\/posts"}],"about":[{"href":"https:\/\/www.achimbrueckner.de\/dxradio\/php\/wordpress\/index.php?rest_route=\/wp\/v2\/types\/post"}],"author":[{"embeddable":true,"href":"https:\/\/www.achimbrueckner.de\/dxradio\/php\/wordpress\/index.php?rest_route=\/wp\/v2\/users\/1"}],"replies":[{"embeddable":true,"href":"https:\/\/www.achimbrueckner.de\/dxradio\/php\/wordpress\/index.php?rest_route=%2Fwp%2Fv2%2Fcomments&post=1589"}],"version-history":[{"count":0,"href":"https:\/\/www.achimbrueckner.de\/dxradio\/php\/wordpress\/index.php?rest_route=\/wp\/v2\/posts\/1589\/revisions"}],"wp:attachment":[{"href":"https:\/\/www.achimbrueckner.de\/dxradio\/php\/wordpress\/index.php?rest_route=%2Fwp%2Fv2%2Fmedia&parent=1589"}],"wp:term":[{"taxonomy":"category","embeddable":true,"href":"https:\/\/www.achimbrueckner.de\/dxradio\/php\/wordpress\/index.php?rest_route=%2Fwp%2Fv2%2Fcategories&post=1589"},{"taxonomy":"post_tag","embeddable":true,"href":"https:\/\/www.achimbrueckner.de\/dxradio\/php\/wordpress\/index.php?rest_route=%2Fwp%2Fv2%2Ftags&post=1589"}],"curies":[{"name":"wp","href":"https:\/\/api.w.org\/{rel}","templated":true}]}}