{"id":16107,"date":"2018-01-04T19:23:28","date_gmt":"2018-01-04T19:23:28","guid":{"rendered":"https:\/\/www.achimbrueckner.de\/dxradio\/php\/wordpress\/?p=16107"},"modified":"2018-01-04T19:23:28","modified_gmt":"2018-01-04T19:23:28","slug":"69-medien-wurden-2017-in-venezuela-geschlossen","status":"publish","type":"post","link":"https:\/\/www.achimbrueckner.de\/dxradio\/php\/wordpress\/?p=16107","title":{"rendered":"69 Medien wurden 2017 in Venezuela geschlossen"},"content":{"rendered":"<p><a href=\"https:\/\/businessmonkeynews.com\/de\/de\/69-medien-wurden-2017-in-venezuela-geschlossen\/\" rel=\"noopener\" target=\"_blank\">https:\/\/businessmonkeynews.com\/de\/de\/69-medien-wurden-2017-in-venezuela-geschlossen\/<\/a><\/p>\n","protected":false},"excerpt":{"rendered":"<p>https:\/\/businessmonkeynews.com\/de\/de\/69-medien-wurden-2017-in-venezuela-geschlossen\/<\/p>\n","protected":false},"author":1,"featured_media":0,"comment_status":"open","ping_status":"open","sticky":false,"template":"","format":"standard","meta":{"_jetpack_memberships_contains_paid_content":false,"footnotes":"","jetpack_publicize_message":"","jetpack_publicize_feature_enabled":true,"jetpack_social_post_already_shared":true,"jetpack_social_options":{"image_generator_settings":{"template":"highway","default_image_id":0,"font":"","enabled":false},"version":2}},"categories":[1,15],"tags":[45],"class_list":["post-16107","post","type-post","status-publish","format-standard","hentry","category-deutsch","category-medien","tag-medien"],"jetpack_publicize_connections":[],"jetpack_featured_media_url":"","jetpack_sharing_enabled":true,"jetpack_shortlink":"https:\/\/wp.me\/p5CDmr-4bN","jetpack-related-posts":[{"id":25617,"url":"https:\/\/www.achimbrueckner.de\/dxradio\/php\/wordpress\/?p=25617","url_meta":{"origin":16107,"position":0},"title":"Kurzwellenstation in Palau geschlossen","author":"Administrator","date":"November 2, 2019","format":false,"excerpt":"https:\/\/www.radioeins.de\/programm\/sendungen\/medienmagazin\/radio_news\/beitraege\/2019\/world_harvest_radio.html","rel":"","context":"In &quot;Deutsch&quot;","block_context":{"text":"Deutsch","link":"https:\/\/www.achimbrueckner.de\/dxradio\/php\/wordpress\/?cat=1"},"img":{"alt_text":"","src":"","width":0,"height":0},"classes":[]},{"id":20636,"url":"https:\/\/www.achimbrueckner.de\/dxradio\/php\/wordpress\/?p=20636","url_meta":{"origin":16107,"position":1},"title":"Traurige Bilanz 2018 &#8211; 94 Journalisten und Medienschaffende wurden get\u00f6tet","author":"Administrator","date":"December 31, 2018","format":false,"excerpt":"https:\/\/www.srf.ch\/news\/international\/traurige-bilanz-2018-94-journalisten-und-medienschaffende-wurden-getoetet","rel":"","context":"In &quot;Deutsch&quot;","block_context":{"text":"Deutsch","link":"https:\/\/www.achimbrueckner.de\/dxradio\/php\/wordpress\/?cat=1"},"img":{"alt_text":"","src":"","width":0,"height":0},"classes":[]},{"id":21430,"url":"https:\/\/www.achimbrueckner.de\/dxradio\/php\/wordpress\/?p=21430","url_meta":{"origin":16107,"position":2},"title":"Medien in Venezuela \u201eFake News versetzen die Menschen in Dauerstress\u201c","author":"Administrator","date":"February 9, 2019","format":false,"excerpt":"https:\/\/www.deutschlandfunkkultur.de\/medien-in-venezuela-fake-news-versetzen-die-menschen-in.1264.de.html?dram:article_id=440627","rel":"","context":"In &quot;Deutsch&quot;","block_context":{"text":"Deutsch","link":"https:\/\/www.achimbrueckner.de\/dxradio\/php\/wordpress\/?cat=1"},"img":{"alt_text":"","src":"","width":0,"height":0},"classes":[]},{"id":20390,"url":"https:\/\/www.achimbrueckner.de\/dxradio\/php\/wordpress\/?p=20390","url_meta":{"origin":16107,"position":3},"title":"Alle Medien k\u00e4mpfen ums Geld und bauen Ressourcen ab, aber jeder entwickelt&#8230;","author":"Administrator","date":"December 13, 2018","format":false,"excerpt":"Unbegreiflich: Alle Medien k\u00e4mpfen ums Geld und bauen Ressourcen ab, aber jeder entwickelt... - eine eigene App - ein eigenes CMS - eine eigene Paywall - einen eigenen Player - ein eigenes Infografik-Tool W\u00fcrden wir Technologie gemeinsam l\u00f6sen, bliebe mehr Geld f\u00fcr Journalismus. Info via Twitter","rel":"","context":"In &quot;Deutsch&quot;","block_context":{"text":"Deutsch","link":"https:\/\/www.achimbrueckner.de\/dxradio\/php\/wordpress\/?cat=1"},"img":{"alt_text":"","src":"","width":0,"height":0},"classes":[]},{"id":15441,"url":"https:\/\/www.achimbrueckner.de\/dxradio\/php\/wordpress\/?p=15441","url_meta":{"origin":16107,"position":4},"title":"Venezuela versch\u00e4rft Mediengesetz gegen &#8220;Anstiftung zu Hass&#8221;","author":"Administrator","date":"November 10, 2017","format":false,"excerpt":"https:\/\/www.derstandard.de\/story\/2000067493543\/venezuela-verschaerft-mediengesetz-gegen-anstiftung-zu-hass","rel":"","context":"In &quot;Deutsch&quot;","block_context":{"text":"Deutsch","link":"https:\/\/www.achimbrueckner.de\/dxradio\/php\/wordpress\/?cat=1"},"img":{"alt_text":"","src":"","width":0,"height":0},"classes":[]},{"id":4507,"url":"https:\/\/www.achimbrueckner.de\/dxradio\/php\/wordpress\/?p=4507","url_meta":{"origin":16107,"position":5},"title":"Burundi Reporter ohne Grenzen verurteilt Medienzensur","author":"Administrator","date":"April 30, 2015","format":false,"excerpt":"http:\/\/www.epo.de\/index.php?option=com_content&view=article&id=11406:burundi-reporter-ohne-grenzen-verurteilt-medienzensur&catid=27&Itemid=69","rel":"","context":"In &quot;Deutsch&quot;","block_context":{"text":"Deutsch","link":"https:\/\/www.achimbrueckner.de\/dxradio\/php\/wordpress\/?cat=1"},"img":{"alt_text":"","src":"","width":0,"height":0},"classes":[]}],"_links":{"self":[{"href":"https:\/\/www.achimbrueckner.de\/dxradio\/php\/wordpress\/index.php?rest_route=\/wp\/v2\/posts\/16107","targetHints":{"allow":["GET"]}}],"collection":[{"href":"https:\/\/www.achimbrueckner.de\/dxradio\/php\/wordpress\/index.php?rest_route=\/wp\/v2\/posts"}],"about":[{"href":"https:\/\/www.achimbrueckner.de\/dxradio\/php\/wordpress\/index.php?rest_route=\/wp\/v2\/types\/post"}],"author":[{"embeddable":true,"href":"https:\/\/www.achimbrueckner.de\/dxradio\/php\/wordpress\/index.php?rest_route=\/wp\/v2\/users\/1"}],"replies":[{"embeddable":true,"href":"https:\/\/www.achimbrueckner.de\/dxradio\/php\/wordpress\/index.php?rest_route=%2Fwp%2Fv2%2Fcomments&post=16107"}],"version-history":[{"count":0,"href":"https:\/\/www.achimbrueckner.de\/dxradio\/php\/wordpress\/index.php?rest_route=\/wp\/v2\/posts\/16107\/revisions"}],"wp:attachment":[{"href":"https:\/\/www.achimbrueckner.de\/dxradio\/php\/wordpress\/index.php?rest_route=%2Fwp%2Fv2%2Fmedia&parent=16107"}],"wp:term":[{"taxonomy":"category","embeddable":true,"href":"https:\/\/www.achimbrueckner.de\/dxradio\/php\/wordpress\/index.php?rest_route=%2Fwp%2Fv2%2Fcategories&post=16107"},{"taxonomy":"post_tag","embeddable":true,"href":"https:\/\/www.achimbrueckner.de\/dxradio\/php\/wordpress\/index.php?rest_route=%2Fwp%2Fv2%2Ftags&post=16107"}],"curies":[{"name":"wp","href":"https:\/\/api.w.org\/{rel}","templated":true}]}}