{"id":16194,"date":"2018-01-18T15:33:57","date_gmt":"2018-01-18T15:33:57","guid":{"rendered":"https:\/\/www.achimbrueckner.de\/dxradio\/php\/wordpress\/?p=16194"},"modified":"2018-01-18T15:33:57","modified_gmt":"2018-01-18T15:33:57","slug":"vor-50-jahren-erschloss-die-post-den-arber-zur-fernseh-ubertragung","status":"publish","type":"post","link":"https:\/\/www.achimbrueckner.de\/dxradio\/php\/wordpress\/?p=16194","title":{"rendered":"Vor 50 Jahren erschloss die Post den Arber zur Fernseh-\u00dcbertragung"},"content":{"rendered":"<p><a href=\"http:\/\/www.idowa.de\/inhalt.grosser-arber-vor-50-jahren-erschloss-die-post-den-arber-zur-fernseh-uebertragung.f00cc90e-6d0d-4616-b0ab-956319e1ddcf.html\" rel=\"noopener\" target=\"_blank\">http:\/\/www.idowa.de\/inhalt.grosser-arber-vor-50-jahren-erschloss-die-post-den-arber-zur-fernseh-uebertragung.f00cc90e-6d0d-4616-b0ab-956319e1ddcf.html<\/a><\/p>\n","protected":false},"excerpt":{"rendered":"<p>http:\/\/www.idowa.de\/inhalt.grosser-arber-vor-50-jahren-erschloss-die-post-den-arber-zur-fernseh-uebertragung.f00cc90e-6d0d-4616-b0ab-956319e1ddcf.html<\/p>\n","protected":false},"author":1,"featured_media":0,"comment_status":"open","ping_status":"open","sticky":false,"template":"","format":"standard","meta":{"_jetpack_memberships_contains_paid_content":false,"footnotes":"","jetpack_publicize_message":"","jetpack_publicize_feature_enabled":true,"jetpack_social_post_already_shared":true,"jetpack_social_options":{"image_generator_settings":{"template":"highway","default_image_id":0,"font":"","enabled":false},"version":2}},"categories":[1],"tags":[],"class_list":["post-16194","post","type-post","status-publish","format-standard","hentry","category-deutsch"],"jetpack_publicize_connections":[],"jetpack_featured_media_url":"","jetpack_sharing_enabled":true,"jetpack_shortlink":"https:\/\/wp.me\/p5CDmr-4dc","jetpack-related-posts":[{"id":24635,"url":"https:\/\/www.achimbrueckner.de\/dxradio\/php\/wordpress\/?p=24635","url_meta":{"origin":16194,"position":0},"title":"Mehr Pixel und Kan\u00e4le: Die Fernseh-Trends der IFA","author":"Administrator","date":"September 5, 2019","format":false,"excerpt":"https:\/\/www.infosat.de\/entertainment\/mehr-pixel-und-kan-le-die-fernseh-trends-der-ifa","rel":"","context":"In &quot;Deutsch&quot;","block_context":{"text":"Deutsch","link":"https:\/\/www.achimbrueckner.de\/dxradio\/php\/wordpress\/?cat=1"},"img":{"alt_text":"","src":"","width":0,"height":0},"classes":[]},{"id":6920,"url":"https:\/\/www.achimbrueckner.de\/dxradio\/php\/wordpress\/?p=6920","url_meta":{"origin":16194,"position":1},"title":"Radio-H\u00f6rer verweigert \u201eFernseh-Steuer\u201c","author":"Administrator","date":"December 17, 2015","format":false,"excerpt":"http:\/\/www.sz-online.de\/sachsen\/radio-hoerer-verweigert-fernseh-steuer-3276924.html","rel":"","context":"In &quot;Deutsch&quot;","block_context":{"text":"Deutsch","link":"https:\/\/www.achimbrueckner.de\/dxradio\/php\/wordpress\/?cat=1"},"img":{"alt_text":"","src":"","width":0,"height":0},"classes":[]},{"id":22473,"url":"https:\/\/www.achimbrueckner.de\/dxradio\/php\/wordpress\/?p=22473","url_meta":{"origin":16194,"position":2},"title":"Fernseh- und H\u00f6rfunkprogramme bald leichter grenz\u00fcberscheitend zug\u00e4nglich","author":"Administrator","date":"March 29, 2019","format":false,"excerpt":"https:\/\/www.infosat.de\/digitale-welt\/fernseh-und-h-rfunkprogramme-bald-leichter-grenz-berscheitend-zug-nglich","rel":"","context":"In &quot;Deutsch&quot;","block_context":{"text":"Deutsch","link":"https:\/\/www.achimbrueckner.de\/dxradio\/php\/wordpress\/?cat=1"},"img":{"alt_text":"","src":"","width":0,"height":0},"classes":[]},{"id":26994,"url":"https:\/\/www.achimbrueckner.de\/dxradio\/php\/wordpress\/?p=26994","url_meta":{"origin":16194,"position":3},"title":"Vom Radio zu GZSZ: Ex-MDR-Moderatorin gastiert in beliebter Fernseh-Soap","author":"Administrator","date":"February 3, 2020","format":false,"excerpt":"https:\/\/www.mz-web.de\/halle-saale\/vom-radio-zu-gzsz-ex-mdr-moderatorin-gastiert-in-beliebter-fernseh-soap-33826938","rel":"","context":"In &quot;Deutsch&quot;","block_context":{"text":"Deutsch","link":"https:\/\/www.achimbrueckner.de\/dxradio\/php\/wordpress\/?cat=1"},"img":{"alt_text":"","src":"","width":0,"height":0},"classes":[]},{"id":32847,"url":"https:\/\/www.achimbrueckner.de\/dxradio\/php\/wordpress\/?p=32847","url_meta":{"origin":16194,"position":4},"title":"&#8220;Die L\u00fccke im Fernseh-Journalismus ist der Journalismus&#8221;","author":"Administrator","date":"June 9, 2021","format":false,"excerpt":"https:\/\/www.dwdl.de\/nachrichten\/83108\/die_luecke_im_fernsehjournalismus_ist_der_journalismus\/","rel":"","context":"In &quot;Deutsch&quot;","block_context":{"text":"Deutsch","link":"https:\/\/www.achimbrueckner.de\/dxradio\/php\/wordpress\/?cat=1"},"img":{"alt_text":"","src":"","width":0,"height":0},"classes":[]},{"id":16046,"url":"https:\/\/www.achimbrueckner.de\/dxradio\/php\/wordpress\/?p=16046","url_meta":{"origin":16194,"position":5},"title":"Guten Rutsch Happy New Year 2018","author":"Administrator","date":"December 30, 2017","format":false,"excerpt":"Guten Rutsch ins neue Jahr. In 2017 wurde vor allem der Cloud-upload des Radioarchivs in Angriff genommen. Zur Zeit sind die DVDs bis Nummer 1500 und ab Nummer 2250 erreichbar, sowie die CDs bis Nummer 520. Dabei stellten sich vereinzelt Lesefehler heraus, was bei den teils 20 Jahre alten CDs\u2026","rel":"","context":"In &quot;Deutsch&quot;","block_context":{"text":"Deutsch","link":"https:\/\/www.achimbrueckner.de\/dxradio\/php\/wordpress\/?cat=1"},"img":{"alt_text":"","src":"","width":0,"height":0},"classes":[]}],"_links":{"self":[{"href":"https:\/\/www.achimbrueckner.de\/dxradio\/php\/wordpress\/index.php?rest_route=\/wp\/v2\/posts\/16194","targetHints":{"allow":["GET"]}}],"collection":[{"href":"https:\/\/www.achimbrueckner.de\/dxradio\/php\/wordpress\/index.php?rest_route=\/wp\/v2\/posts"}],"about":[{"href":"https:\/\/www.achimbrueckner.de\/dxradio\/php\/wordpress\/index.php?rest_route=\/wp\/v2\/types\/post"}],"author":[{"embeddable":true,"href":"https:\/\/www.achimbrueckner.de\/dxradio\/php\/wordpress\/index.php?rest_route=\/wp\/v2\/users\/1"}],"replies":[{"embeddable":true,"href":"https:\/\/www.achimbrueckner.de\/dxradio\/php\/wordpress\/index.php?rest_route=%2Fwp%2Fv2%2Fcomments&post=16194"}],"version-history":[{"count":0,"href":"https:\/\/www.achimbrueckner.de\/dxradio\/php\/wordpress\/index.php?rest_route=\/wp\/v2\/posts\/16194\/revisions"}],"wp:attachment":[{"href":"https:\/\/www.achimbrueckner.de\/dxradio\/php\/wordpress\/index.php?rest_route=%2Fwp%2Fv2%2Fmedia&parent=16194"}],"wp:term":[{"taxonomy":"category","embeddable":true,"href":"https:\/\/www.achimbrueckner.de\/dxradio\/php\/wordpress\/index.php?rest_route=%2Fwp%2Fv2%2Fcategories&post=16194"},{"taxonomy":"post_tag","embeddable":true,"href":"https:\/\/www.achimbrueckner.de\/dxradio\/php\/wordpress\/index.php?rest_route=%2Fwp%2Fv2%2Ftags&post=16194"}],"curies":[{"name":"wp","href":"https:\/\/api.w.org\/{rel}","templated":true}]}}