{"id":16426,"date":"2018-02-08T20:29:54","date_gmt":"2018-02-08T20:29:54","guid":{"rendered":"https:\/\/www.achimbrueckner.de\/dxradio\/php\/wordpress\/?p=16426"},"modified":"2018-02-08T20:29:54","modified_gmt":"2018-02-08T20:29:54","slug":"das-radio-ist-gelebte-solidaritat","status":"publish","type":"post","link":"https:\/\/www.achimbrueckner.de\/dxradio\/php\/wordpress\/?p=16426","title":{"rendered":"Das Radio ist gelebte Solidarit\u00e4t"},"content":{"rendered":"<p><a href=\"http:\/\/www.zeit.de\/kultur\/2018-02\/oeffentlicher-rundfunk-schweiz-abschaffung-volksentscheid-10nach8\" rel=\"noopener\" target=\"_blank\">http:\/\/www.zeit.de\/kultur\/2018-02\/oeffentlicher-rundfunk-schweiz-abschaffung-volksentscheid-10nach8<\/a><\/p>\n","protected":false},"excerpt":{"rendered":"<p>http:\/\/www.zeit.de\/kultur\/2018-02\/oeffentlicher-rundfunk-schweiz-abschaffung-volksentscheid-10nach8<\/p>\n","protected":false},"author":1,"featured_media":0,"comment_status":"open","ping_status":"open","sticky":false,"template":"","format":"standard","meta":{"_jetpack_memberships_contains_paid_content":false,"footnotes":"","jetpack_publicize_message":"","jetpack_publicize_feature_enabled":true,"jetpack_social_post_already_shared":true,"jetpack_social_options":{"image_generator_settings":{"template":"highway","default_image_id":0,"font":"","enabled":false},"version":2}},"categories":[1],"tags":[],"class_list":["post-16426","post","type-post","status-publish","format-standard","hentry","category-deutsch"],"jetpack_publicize_connections":[],"jetpack_featured_media_url":"","jetpack_sharing_enabled":true,"jetpack_shortlink":"https:\/\/wp.me\/p5CDmr-4gW","jetpack-related-posts":[{"id":15464,"url":"https:\/\/www.achimbrueckner.de\/dxradio\/php\/wordpress\/?p=15464","url_meta":{"origin":16426,"position":0},"title":"\u00d6ffentlicher Rundfunk in der Schweiz : Der gro\u00dfe Umbruch","author":"Administrator","date":"November 11, 2017","format":false,"excerpt":"www.zeit.de\/2017\/46\/oeffentlicher-rundfunk-schweiz-abschaffung-volksinitiative\/komplettansicht","rel":"","context":"In &quot;Deutsch&quot;","block_context":{"text":"Deutsch","link":"https:\/\/www.achimbrueckner.de\/dxradio\/php\/wordpress\/?cat=1"},"img":{"alt_text":"","src":"","width":0,"height":0},"classes":[]},{"id":16614,"url":"https:\/\/www.achimbrueckner.de\/dxradio\/php\/wordpress\/?p=16614","url_meta":{"origin":16426,"position":1},"title":"\u00d6ffentlicher Rundfunk : Zerst\u00f6rt, was euch st\u00f6rt","author":"Administrator","date":"February 23, 2018","format":false,"excerpt":"http:\/\/www.zeit.de\/2018\/09\/oeffentlicher-rundfunk-oesterreich-schweiz-rechte-parteien","rel":"","context":"In &quot;Deutsch&quot;","block_context":{"text":"Deutsch","link":"https:\/\/www.achimbrueckner.de\/dxradio\/php\/wordpress\/?cat=1"},"img":{"alt_text":"","src":"","width":0,"height":0},"classes":[]},{"id":15104,"url":"https:\/\/www.achimbrueckner.de\/dxradio\/php\/wordpress\/?p=15104","url_meta":{"origin":16426,"position":2},"title":"Schweiz: \u00d6ffentlicher Rundfunk unter Beschuss","author":"Administrator","date":"October 23, 2017","format":false,"excerpt":"http:\/\/www.ndr.de\/fernsehen\/sendungen\/zapp\/Schweiz-Oeffentlicher-Rundfunk-unter-Beschuss,zapp10972.html","rel":"","context":"In &quot;Deutsch&quot;","block_context":{"text":"Deutsch","link":"https:\/\/www.achimbrueckner.de\/dxradio\/php\/wordpress\/?cat=1"},"img":{"alt_text":"","src":"","width":0,"height":0},"classes":[]},{"id":16748,"url":"https:\/\/www.achimbrueckner.de\/dxradio\/php\/wordpress\/?p=16748","url_meta":{"origin":16426,"position":3},"title":"Hochrechnung Schweizer stimmen gegen Abschaffung des \u00f6ffentlichen Rundfunk","author":"Administrator","date":"March 4, 2018","format":false,"excerpt":"http:\/\/www.spiegel.de\/kultur\/tv\/schweizer-stimmen-offenbar-gegen-abschaffung-der-rundfunkgebuehr-a-1196391.html","rel":"","context":"In &quot;Deutsch&quot;","block_context":{"text":"Deutsch","link":"https:\/\/www.achimbrueckner.de\/dxradio\/php\/wordpress\/?cat=1"},"img":{"alt_text":"","src":"","width":0,"height":0},"classes":[]},{"id":16328,"url":"https:\/\/www.achimbrueckner.de\/dxradio\/php\/wordpress\/?p=16328","url_meta":{"origin":16426,"position":4},"title":"Die Mediatheken gef\u00e4hrden die Filmwirtschaft","author":"Administrator","date":"January 31, 2018","format":false,"excerpt":"http:\/\/www.zeit.de\/kultur\/film\/2018-01\/oeffentlich-rechtlicher-rundfunk-mediatheken-filmwirtschaft","rel":"","context":"In &quot;Deutsch&quot;","block_context":{"text":"Deutsch","link":"https:\/\/www.achimbrueckner.de\/dxradio\/php\/wordpress\/?cat=1"},"img":{"alt_text":"","src":"","width":0,"height":0},"classes":[]},{"id":9941,"url":"https:\/\/www.achimbrueckner.de\/dxradio\/php\/wordpress\/?p=9941","url_meta":{"origin":16426,"position":5},"title":"Schweiz: Bundesrat gegen Abschaffung der Radio- und TV-Geb\u00fchren","author":"Administrator","date":"August 17, 2016","format":false,"excerpt":"http:\/\/www.nzz.ch\/schweiz\/medien-bundesrat-gegen-abschaffung-der-radio-und-tv-gebuehren-ld.111501","rel":"","context":"In &quot;Deutsch&quot;","block_context":{"text":"Deutsch","link":"https:\/\/www.achimbrueckner.de\/dxradio\/php\/wordpress\/?cat=1"},"img":{"alt_text":"","src":"","width":0,"height":0},"classes":[]}],"_links":{"self":[{"href":"https:\/\/www.achimbrueckner.de\/dxradio\/php\/wordpress\/index.php?rest_route=\/wp\/v2\/posts\/16426","targetHints":{"allow":["GET"]}}],"collection":[{"href":"https:\/\/www.achimbrueckner.de\/dxradio\/php\/wordpress\/index.php?rest_route=\/wp\/v2\/posts"}],"about":[{"href":"https:\/\/www.achimbrueckner.de\/dxradio\/php\/wordpress\/index.php?rest_route=\/wp\/v2\/types\/post"}],"author":[{"embeddable":true,"href":"https:\/\/www.achimbrueckner.de\/dxradio\/php\/wordpress\/index.php?rest_route=\/wp\/v2\/users\/1"}],"replies":[{"embeddable":true,"href":"https:\/\/www.achimbrueckner.de\/dxradio\/php\/wordpress\/index.php?rest_route=%2Fwp%2Fv2%2Fcomments&post=16426"}],"version-history":[{"count":0,"href":"https:\/\/www.achimbrueckner.de\/dxradio\/php\/wordpress\/index.php?rest_route=\/wp\/v2\/posts\/16426\/revisions"}],"wp:attachment":[{"href":"https:\/\/www.achimbrueckner.de\/dxradio\/php\/wordpress\/index.php?rest_route=%2Fwp%2Fv2%2Fmedia&parent=16426"}],"wp:term":[{"taxonomy":"category","embeddable":true,"href":"https:\/\/www.achimbrueckner.de\/dxradio\/php\/wordpress\/index.php?rest_route=%2Fwp%2Fv2%2Fcategories&post=16426"},{"taxonomy":"post_tag","embeddable":true,"href":"https:\/\/www.achimbrueckner.de\/dxradio\/php\/wordpress\/index.php?rest_route=%2Fwp%2Fv2%2Ftags&post=16426"}],"curies":[{"name":"wp","href":"https:\/\/api.w.org\/{rel}","templated":true}]}}