{"id":16540,"date":"2018-02-16T20:45:54","date_gmt":"2018-02-16T20:45:54","guid":{"rendered":"https:\/\/www.achimbrueckner.de\/dxradio\/php\/wordpress\/?p=16540"},"modified":"2018-02-16T20:45:54","modified_gmt":"2018-02-16T20:45:54","slug":"der-radio-mann-fur-den-guten-morgen","status":"publish","type":"post","link":"https:\/\/www.achimbrueckner.de\/dxradio\/php\/wordpress\/?p=16540","title":{"rendered":"Der Radio-Mann f\u00fcr den guten Morgen"},"content":{"rendered":"<p><a href=\"https:\/\/www.abendblatt.de\/region\/stormarn\/article213379283\/Der-Radio-Mann-fuer-den-guten-Morgen.html\" rel=\"noopener\" target=\"_blank\">https:\/\/www.abendblatt.de\/region\/stormarn\/article213379283\/Der-Radio-Mann-fuer-den-guten-Morgen.html<\/a><\/p>\n","protected":false},"excerpt":{"rendered":"<p>https:\/\/www.abendblatt.de\/region\/stormarn\/article213379283\/Der-Radio-Mann-fuer-den-guten-Morgen.html<\/p>\n","protected":false},"author":1,"featured_media":0,"comment_status":"open","ping_status":"open","sticky":false,"template":"","format":"standard","meta":{"_jetpack_memberships_contains_paid_content":false,"footnotes":"","jetpack_publicize_message":"","jetpack_publicize_feature_enabled":true,"jetpack_social_post_already_shared":true,"jetpack_social_options":{"image_generator_settings":{"template":"highway","default_image_id":0,"font":"","enabled":false},"version":2}},"categories":[1],"tags":[],"class_list":["post-16540","post","type-post","status-publish","format-standard","hentry","category-deutsch"],"jetpack_publicize_connections":[],"jetpack_featured_media_url":"","jetpack_sharing_enabled":true,"jetpack_shortlink":"https:\/\/wp.me\/p5CDmr-4iM","jetpack-related-posts":[{"id":2654,"url":"https:\/\/www.achimbrueckner.de\/dxradio\/php\/wordpress\/?p=2654","url_meta":{"origin":16540,"position":0},"title":"NACHRUF AUF RAY DOLBY Der Mann, der dem guten Klang seinen Namen gab","author":"Administrator","date":"September 13, 2013","format":false,"excerpt":"http:\/\/www.golem.de\/news\/nachruf-auf-ray-dolby-der-mann-der-dem-guten-klang-seinen-namen-gab-1309-101589.html","rel":"","context":"In &quot;Deutsch&quot;","block_context":{"text":"Deutsch","link":"https:\/\/www.achimbrueckner.de\/dxradio\/php\/wordpress\/?cat=1"},"img":{"alt_text":"","src":"","width":0,"height":0},"classes":[]},{"id":2070,"url":"https:\/\/www.achimbrueckner.de\/dxradio\/php\/wordpress\/?p=2070","url_meta":{"origin":16540,"position":1},"title":"Nord AM 1 Januar 2012","author":"Administrator","date":"December 29, 2011","format":false,"excerpt":"Liebe H\u00f6rer, liebe Freunde, Zun\u00e4chst m\u00f6chten wir uns f\u00fcr die R\u00fcckmeldungen, Empfangsberichte und Anregungen zu unserer letzten Sendung vom Oktober dieses Jahres bedanken. Alle eingegangenen Berichte haben wir bereits vor einigen Wochen mit einer QSL-Karte best\u00e4tigt. Das Jahr 2011 neigt dich dem Ende zu - und uns war klar, dass\u2026","rel":"","context":"In &quot;Deutsch&quot;","block_context":{"text":"Deutsch","link":"https:\/\/www.achimbrueckner.de\/dxradio\/php\/wordpress\/?cat=1"},"img":{"alt_text":"","src":"","width":0,"height":0},"classes":[]},{"id":33672,"url":"https:\/\/www.achimbrueckner.de\/dxradio\/php\/wordpress\/?p=33672","url_meta":{"origin":16540,"position":2},"title":"Katja Berg: Grenzenlose Unterhaltung: Radio Luxemburg","author":"Administrator","date":"September 29, 2021","format":false,"excerpt":"Buch-Tipp: Auf und Ab der Radiolegende Radio Luxemburg war der gro\u00dfe kommerzielle \u00fcberregionale Sender der 50er- bis 80er-Jahre. In Deutschland wurde er im Saarland und in Nordrhein-Westfalen wegen der N\u00e4he zum Nachbarland und dem damit einhergehenden guten Empfang besonders viel geh\u00f6rt und wird dort heute noch oft nostalgisch verkl\u00e4rt. Das\u2026","rel":"","context":"In &quot;Deutsch&quot;","block_context":{"text":"Deutsch","link":"https:\/\/www.achimbrueckner.de\/dxradio\/php\/wordpress\/?cat=1"},"img":{"alt_text":"","src":"","width":0,"height":0},"classes":[]},{"id":22152,"url":"https:\/\/www.achimbrueckner.de\/dxradio\/php\/wordpress\/?p=22152","url_meta":{"origin":16540,"position":3},"title":"Hobbyfunker t\u00fcfteln an Notfall-WLAN f\u00fcr Blackout","author":"Administrator","date":"March 15, 2019","format":false,"excerpt":"https:\/\/www.abendblatt.de\/region\/stormarn\/article216665379\/Hobbyfunker-tuefteln-an-Notfall-WLAN-fuer-Blackout.html","rel":"","context":"In &quot;Deutsch&quot;","block_context":{"text":"Deutsch","link":"https:\/\/www.achimbrueckner.de\/dxradio\/php\/wordpress\/?cat=1"},"img":{"alt_text":"","src":"","width":0,"height":0},"classes":[]},{"id":16538,"url":"https:\/\/www.achimbrueckner.de\/dxradio\/php\/wordpress\/?p=16538","url_meta":{"origin":16540,"position":4},"title":"DL\u00d8DFF: Funker werben f\u00fcr Ahrensburger Schloss","author":"Administrator","date":"February 16, 2018","format":false,"excerpt":"https:\/\/www.abendblatt.de\/region\/stormarn\/article213378265\/DLODFF-Funker-werben-fuer-Ahrensburger-Schloss.html","rel":"","context":"In &quot;Deutsch&quot;","block_context":{"text":"Deutsch","link":"https:\/\/www.achimbrueckner.de\/dxradio\/php\/wordpress\/?cat=1"},"img":{"alt_text":"","src":"","width":0,"height":0},"classes":[]},{"id":13805,"url":"https:\/\/www.achimbrueckner.de\/dxradio\/php\/wordpress\/?p=13805","url_meta":{"origin":16540,"position":5},"title":"Der Radio-Mann zur\u00fcck an seinen Wurzeln","author":"Administrator","date":"July 17, 2017","format":false,"excerpt":"http:\/\/www.mittelbayerische.de\/region\/cham-nachrichten\/der-radio-mann-zurueck-an-seinen-wurzeln-20909-art1540656.html","rel":"","context":"In &quot;Deutsch&quot;","block_context":{"text":"Deutsch","link":"https:\/\/www.achimbrueckner.de\/dxradio\/php\/wordpress\/?cat=1"},"img":{"alt_text":"","src":"","width":0,"height":0},"classes":[]}],"_links":{"self":[{"href":"https:\/\/www.achimbrueckner.de\/dxradio\/php\/wordpress\/index.php?rest_route=\/wp\/v2\/posts\/16540","targetHints":{"allow":["GET"]}}],"collection":[{"href":"https:\/\/www.achimbrueckner.de\/dxradio\/php\/wordpress\/index.php?rest_route=\/wp\/v2\/posts"}],"about":[{"href":"https:\/\/www.achimbrueckner.de\/dxradio\/php\/wordpress\/index.php?rest_route=\/wp\/v2\/types\/post"}],"author":[{"embeddable":true,"href":"https:\/\/www.achimbrueckner.de\/dxradio\/php\/wordpress\/index.php?rest_route=\/wp\/v2\/users\/1"}],"replies":[{"embeddable":true,"href":"https:\/\/www.achimbrueckner.de\/dxradio\/php\/wordpress\/index.php?rest_route=%2Fwp%2Fv2%2Fcomments&post=16540"}],"version-history":[{"count":0,"href":"https:\/\/www.achimbrueckner.de\/dxradio\/php\/wordpress\/index.php?rest_route=\/wp\/v2\/posts\/16540\/revisions"}],"wp:attachment":[{"href":"https:\/\/www.achimbrueckner.de\/dxradio\/php\/wordpress\/index.php?rest_route=%2Fwp%2Fv2%2Fmedia&parent=16540"}],"wp:term":[{"taxonomy":"category","embeddable":true,"href":"https:\/\/www.achimbrueckner.de\/dxradio\/php\/wordpress\/index.php?rest_route=%2Fwp%2Fv2%2Fcategories&post=16540"},{"taxonomy":"post_tag","embeddable":true,"href":"https:\/\/www.achimbrueckner.de\/dxradio\/php\/wordpress\/index.php?rest_route=%2Fwp%2Fv2%2Ftags&post=16540"}],"curies":[{"name":"wp","href":"https:\/\/api.w.org\/{rel}","templated":true}]}}