{"id":16575,"date":"2018-02-21T16:41:50","date_gmt":"2018-02-21T16:41:50","guid":{"rendered":"https:\/\/www.achimbrueckner.de\/dxradio\/php\/wordpress\/?p=16575"},"modified":"2018-02-21T16:41:50","modified_gmt":"2018-02-21T16:41:50","slug":"aus-werbung-wird-wirkung-wie-ass-radio-den-erfolg-von-kampagnen-maximiert","status":"publish","type":"post","link":"https:\/\/www.achimbrueckner.de\/dxradio\/php\/wordpress\/?p=16575","title":{"rendered":"Aus Werbung wird Wirkung: Wie AS&#038;S Radio den Erfolg von Kampagnen maximiert"},"content":{"rendered":"<p><a href=\"http:\/\/www.horizont.net\/marketing\/nachrichten\/Radiovermarktung-Sponsored-Post-Aus-Werbung-wird-Wirkung-Wie-ASS-Radio-den-Erfolg-von-Kampagnen-maximiert-164811\" rel=\"noopener\" target=\"_blank\">http:\/\/www.horizont.net\/marketing\/nachrichten\/Radiovermarktung-Sponsored-Post-Aus-Werbung-wird-Wirkung-Wie-ASS-Radio-den-Erfolg-von-Kampagnen-maximiert-164811<\/a><\/p>\n","protected":false},"excerpt":{"rendered":"<p>http:\/\/www.horizont.net\/marketing\/nachrichten\/Radiovermarktung-Sponsored-Post-Aus-Werbung-wird-Wirkung-Wie-ASS-Radio-den-Erfolg-von-Kampagnen-maximiert-164811<\/p>\n","protected":false},"author":1,"featured_media":0,"comment_status":"open","ping_status":"open","sticky":false,"template":"","format":"standard","meta":{"_jetpack_memberships_contains_paid_content":false,"footnotes":"","jetpack_publicize_message":"","jetpack_publicize_feature_enabled":true,"jetpack_social_post_already_shared":true,"jetpack_social_options":{"image_generator_settings":{"template":"highway","default_image_id":0,"font":"","enabled":false},"version":2}},"categories":[1],"tags":[24],"class_list":["post-16575","post","type-post","status-publish","format-standard","hentry","category-deutsch","tag-am"],"jetpack_publicize_connections":[],"jetpack_featured_media_url":"","jetpack_sharing_enabled":true,"jetpack_shortlink":"https:\/\/wp.me\/p5CDmr-4jl","jetpack-related-posts":[{"id":19131,"url":"https:\/\/www.achimbrueckner.de\/dxradio\/php\/wordpress\/?p=19131","url_meta":{"origin":16575,"position":0},"title":"Innovation im Radiomarkt: Wie Programmatic Radio die Werbewirkung maximiert","author":"Administrator","date":"September 12, 2018","format":false,"excerpt":"https:\/\/www.horizont.net\/marketing\/nachrichten\/anzeige-datenbasiertes-targeting-innovation-im-radiomarkt-wie-programmatic-radio-die-werbewirkung-maximiert-169383","rel":"","context":"In &quot;Deutsch&quot;","block_context":{"text":"Deutsch","link":"https:\/\/www.achimbrueckner.de\/dxradio\/php\/wordpress\/?cat=1"},"img":{"alt_text":"","src":"","width":0,"height":0},"classes":[]},{"id":33672,"url":"https:\/\/www.achimbrueckner.de\/dxradio\/php\/wordpress\/?p=33672","url_meta":{"origin":16575,"position":1},"title":"Katja Berg: Grenzenlose Unterhaltung: Radio Luxemburg","author":"Administrator","date":"September 29, 2021","format":false,"excerpt":"Buch-Tipp: Auf und Ab der Radiolegende Radio Luxemburg war der gro\u00dfe kommerzielle \u00fcberregionale Sender der 50er- bis 80er-Jahre. In Deutschland wurde er im Saarland und in Nordrhein-Westfalen wegen der N\u00e4he zum Nachbarland und dem damit einhergehenden guten Empfang besonders viel geh\u00f6rt und wird dort heute noch oft nostalgisch verkl\u00e4rt. Das\u2026","rel":"","context":"In &quot;Deutsch&quot;","block_context":{"text":"Deutsch","link":"https:\/\/www.achimbrueckner.de\/dxradio\/php\/wordpress\/?cat=1"},"img":{"alt_text":"","src":"","width":0,"height":0},"classes":[]},{"id":41981,"url":"https:\/\/www.achimbrueckner.de\/dxradio\/php\/wordpress\/?p=41981","url_meta":{"origin":16575,"position":2},"title":"RADIO DARC sendet ab 2025 aus England","author":"Administrator","date":"November 26, 2024","format":false,"excerpt":"RADIO DARC sendet ab 2025 aus England Fast 10 Jahre lang hat RADIO DARC f\u00fcr seine Kurzwellen-Ausstrahlungen am Sonntag vormittag den ORS-Sender in Moosbrunn bei Wien genutzt. Am Jahresende soll nun damit Schluss sein, die Anlage wird stillgelegt. Alle Versuche einer Rettung schlugen fehl, der \u00d6sterreichische Rundfunk will das angeblich\u2026","rel":"","context":"In &quot;Deutsch&quot;","block_context":{"text":"Deutsch","link":"https:\/\/www.achimbrueckner.de\/dxradio\/php\/wordpress\/?cat=1"},"img":{"alt_text":"","src":"","width":0,"height":0},"classes":[]},{"id":34053,"url":"https:\/\/www.achimbrueckner.de\/dxradio\/php\/wordpress\/?p=34053","url_meta":{"origin":16575,"position":3},"title":"Google Translate audio","author":"Administrator","date":"November 21, 2021","format":false,"excerpt":"Hallo Liste, in den letzten Tagen habe ich entdeckt dass Google Translate mit Audio Input relativ gut funktioniert. Subjektiv war die \u00dcbersetzung von Chinesisch nach Englisch am Besten. Es ist faszinierend zu beobachten wie die \u00dcbersetzung r\u00fcckwirkend in Echtzeit angepasst wird. Z.b. konnte ich in Echtzeit \u00dcbersetzung lesen (Audio von\u2026","rel":"","context":"In &quot;Deutsch&quot;","block_context":{"text":"Deutsch","link":"https:\/\/www.achimbrueckner.de\/dxradio\/php\/wordpress\/?cat=1"},"img":{"alt_text":"","src":"","width":0,"height":0},"classes":[]},{"id":1176,"url":"https:\/\/www.achimbrueckner.de\/dxradio\/php\/wordpress\/?p=1176","url_meta":{"origin":16575,"position":4},"title":"Diplomkontest des RTI Hoererklubs Ottenau","author":"Administrator","date":"October 3, 2010","format":false,"excerpt":"Liebe Mitglieder und Freunde des RTI Hoererklubs Ottenau, sehr geehrte Damen und Herren, liebe Hobbyfreunde, gerne sende ich Euch eine Information ueber den jetzigen Diplomkontest des RTI Hoererklubs Ottenau mit Radio Taiwan International und Radio Bulgarien zu, der heute um 1700 UTC mit der ersten von 7 Direktsendungen auf 9955\u2026","rel":"","context":"In &quot;contests&quot;","block_context":{"text":"contests","link":"https:\/\/www.achimbrueckner.de\/dxradio\/php\/wordpress\/?cat=6"},"img":{"alt_text":"","src":"","width":0,"height":0},"classes":[]},{"id":43606,"url":"https:\/\/www.achimbrueckner.de\/dxradio\/php\/wordpress\/?p=43606","url_meta":{"origin":16575,"position":5},"title":"Neue Studie: Die Wirkung der Musik in der Werbung","author":"Administrator","date":"August 19, 2025","format":false,"excerpt":"https:\/\/www.radioszene.de\/205336\/musik-in-der-werbung.html","rel":"","context":"In &quot;Deutsch&quot;","block_context":{"text":"Deutsch","link":"https:\/\/www.achimbrueckner.de\/dxradio\/php\/wordpress\/?cat=1"},"img":{"alt_text":"","src":"","width":0,"height":0},"classes":[]}],"_links":{"self":[{"href":"https:\/\/www.achimbrueckner.de\/dxradio\/php\/wordpress\/index.php?rest_route=\/wp\/v2\/posts\/16575","targetHints":{"allow":["GET"]}}],"collection":[{"href":"https:\/\/www.achimbrueckner.de\/dxradio\/php\/wordpress\/index.php?rest_route=\/wp\/v2\/posts"}],"about":[{"href":"https:\/\/www.achimbrueckner.de\/dxradio\/php\/wordpress\/index.php?rest_route=\/wp\/v2\/types\/post"}],"author":[{"embeddable":true,"href":"https:\/\/www.achimbrueckner.de\/dxradio\/php\/wordpress\/index.php?rest_route=\/wp\/v2\/users\/1"}],"replies":[{"embeddable":true,"href":"https:\/\/www.achimbrueckner.de\/dxradio\/php\/wordpress\/index.php?rest_route=%2Fwp%2Fv2%2Fcomments&post=16575"}],"version-history":[{"count":0,"href":"https:\/\/www.achimbrueckner.de\/dxradio\/php\/wordpress\/index.php?rest_route=\/wp\/v2\/posts\/16575\/revisions"}],"wp:attachment":[{"href":"https:\/\/www.achimbrueckner.de\/dxradio\/php\/wordpress\/index.php?rest_route=%2Fwp%2Fv2%2Fmedia&parent=16575"}],"wp:term":[{"taxonomy":"category","embeddable":true,"href":"https:\/\/www.achimbrueckner.de\/dxradio\/php\/wordpress\/index.php?rest_route=%2Fwp%2Fv2%2Fcategories&post=16575"},{"taxonomy":"post_tag","embeddable":true,"href":"https:\/\/www.achimbrueckner.de\/dxradio\/php\/wordpress\/index.php?rest_route=%2Fwp%2Fv2%2Ftags&post=16575"}],"curies":[{"name":"wp","href":"https:\/\/api.w.org\/{rel}","templated":true}]}}