{"id":16614,"date":"2018-02-23T16:26:50","date_gmt":"2018-02-23T16:26:50","guid":{"rendered":"https:\/\/www.achimbrueckner.de\/dxradio\/php\/wordpress\/?p=16614"},"modified":"2018-02-23T16:26:50","modified_gmt":"2018-02-23T16:26:50","slug":"offentlicher-rundfunk-zerstort-was-euch-stort","status":"publish","type":"post","link":"https:\/\/www.achimbrueckner.de\/dxradio\/php\/wordpress\/?p=16614","title":{"rendered":"\u00d6ffentlicher Rundfunk : Zerst\u00f6rt, was euch st\u00f6rt"},"content":{"rendered":"<p><a href=\"http:\/\/www.zeit.de\/2018\/09\/oeffentlicher-rundfunk-oesterreich-schweiz-rechte-parteien\" rel=\"noopener\" target=\"_blank\">http:\/\/www.zeit.de\/2018\/09\/oeffentlicher-rundfunk-oesterreich-schweiz-rechte-parteien<\/a><\/p>\n","protected":false},"excerpt":{"rendered":"<p>http:\/\/www.zeit.de\/2018\/09\/oeffentlicher-rundfunk-oesterreich-schweiz-rechte-parteien<\/p>\n","protected":false},"author":1,"featured_media":0,"comment_status":"open","ping_status":"open","sticky":false,"template":"","format":"standard","meta":{"_jetpack_memberships_contains_paid_content":false,"footnotes":"","jetpack_publicize_message":"","jetpack_publicize_feature_enabled":true,"jetpack_social_post_already_shared":true,"jetpack_social_options":{"image_generator_settings":{"template":"highway","default_image_id":0,"font":"","enabled":false},"version":2}},"categories":[1],"tags":[],"class_list":["post-16614","post","type-post","status-publish","format-standard","hentry","category-deutsch"],"jetpack_publicize_connections":[],"jetpack_featured_media_url":"","jetpack_sharing_enabled":true,"jetpack_shortlink":"https:\/\/wp.me\/p5CDmr-4jY","jetpack-related-posts":[{"id":15464,"url":"https:\/\/www.achimbrueckner.de\/dxradio\/php\/wordpress\/?p=15464","url_meta":{"origin":16614,"position":0},"title":"\u00d6ffentlicher Rundfunk in der Schweiz : Der gro\u00dfe Umbruch","author":"Administrator","date":"November 11, 2017","format":false,"excerpt":"www.zeit.de\/2017\/46\/oeffentlicher-rundfunk-schweiz-abschaffung-volksinitiative\/komplettansicht","rel":"","context":"In &quot;Deutsch&quot;","block_context":{"text":"Deutsch","link":"https:\/\/www.achimbrueckner.de\/dxradio\/php\/wordpress\/?cat=1"},"img":{"alt_text":"","src":"","width":0,"height":0},"classes":[]},{"id":15104,"url":"https:\/\/www.achimbrueckner.de\/dxradio\/php\/wordpress\/?p=15104","url_meta":{"origin":16614,"position":1},"title":"Schweiz: \u00d6ffentlicher Rundfunk unter Beschuss","author":"Administrator","date":"October 23, 2017","format":false,"excerpt":"http:\/\/www.ndr.de\/fernsehen\/sendungen\/zapp\/Schweiz-Oeffentlicher-Rundfunk-unter-Beschuss,zapp10972.html","rel":"","context":"In &quot;Deutsch&quot;","block_context":{"text":"Deutsch","link":"https:\/\/www.achimbrueckner.de\/dxradio\/php\/wordpress\/?cat=1"},"img":{"alt_text":"","src":"","width":0,"height":0},"classes":[]},{"id":16426,"url":"https:\/\/www.achimbrueckner.de\/dxradio\/php\/wordpress\/?p=16426","url_meta":{"origin":16614,"position":2},"title":"Das Radio ist gelebte Solidarit\u00e4t","author":"Administrator","date":"February 8, 2018","format":false,"excerpt":"http:\/\/www.zeit.de\/kultur\/2018-02\/oeffentlicher-rundfunk-schweiz-abschaffung-volksentscheid-10nach8","rel":"","context":"In &quot;Deutsch&quot;","block_context":{"text":"Deutsch","link":"https:\/\/www.achimbrueckner.de\/dxradio\/php\/wordpress\/?cat=1"},"img":{"alt_text":"","src":"","width":0,"height":0},"classes":[]},{"id":4626,"url":"https:\/\/www.achimbrueckner.de\/dxradio\/php\/wordpress\/?p=4626","url_meta":{"origin":16614,"position":3},"title":"\u00d6ffentlicher Rundfunk Medienministerin fordert besseres TV-Programm","author":"Administrator","date":"May 15, 2015","format":false,"excerpt":"http:\/\/www.sueddeutsche.de\/bayern\/oeffentlicher-rundfunk-medienministerin-fordert-besseres-tv-programm-1.2478371","rel":"","context":"In &quot;Deutsch&quot;","block_context":{"text":"Deutsch","link":"https:\/\/www.achimbrueckner.de\/dxradio\/php\/wordpress\/?cat=1"},"img":{"alt_text":"","src":"","width":0,"height":0},"classes":[]},{"id":12829,"url":"https:\/\/www.achimbrueckner.de\/dxradio\/php\/wordpress\/?p=12829","url_meta":{"origin":16614,"position":4},"title":"\u00d6ffentlicher US-Rundfunk nach K\u00fcrzungen Weniger Programm, mehr \u00dcbernahmen","author":"Administrator","date":"April 12, 2017","format":false,"excerpt":"http:\/\/www.deutschlandfunk.de\/oeffentlicher-us-rundfunk-nach-kuerzungen-weniger-programm.2907.de.html?dram%3Aarticle_id=383678","rel":"","context":"In &quot;Deutsch&quot;","block_context":{"text":"Deutsch","link":"https:\/\/www.achimbrueckner.de\/dxradio\/php\/wordpress\/?cat=1"},"img":{"alt_text":"","src":"","width":0,"height":0},"classes":[]},{"id":24136,"url":"https:\/\/www.achimbrueckner.de\/dxradio\/php\/wordpress\/?p=24136","url_meta":{"origin":16614,"position":5},"title":"\u00d6ffentlicher Rundfunk in Europa: Finanzierung beeinflusst Publikumserfolg","author":"Administrator","date":"August 7, 2019","format":false,"excerpt":"https:\/\/www.derstandard.at\/story\/2000107140530\/oeffentlicher-rundfunk-in-europa-finanzierung-beeinflusst-publikumserfolg","rel":"","context":"In &quot;Deutsch&quot;","block_context":{"text":"Deutsch","link":"https:\/\/www.achimbrueckner.de\/dxradio\/php\/wordpress\/?cat=1"},"img":{"alt_text":"","src":"","width":0,"height":0},"classes":[]}],"_links":{"self":[{"href":"https:\/\/www.achimbrueckner.de\/dxradio\/php\/wordpress\/index.php?rest_route=\/wp\/v2\/posts\/16614","targetHints":{"allow":["GET"]}}],"collection":[{"href":"https:\/\/www.achimbrueckner.de\/dxradio\/php\/wordpress\/index.php?rest_route=\/wp\/v2\/posts"}],"about":[{"href":"https:\/\/www.achimbrueckner.de\/dxradio\/php\/wordpress\/index.php?rest_route=\/wp\/v2\/types\/post"}],"author":[{"embeddable":true,"href":"https:\/\/www.achimbrueckner.de\/dxradio\/php\/wordpress\/index.php?rest_route=\/wp\/v2\/users\/1"}],"replies":[{"embeddable":true,"href":"https:\/\/www.achimbrueckner.de\/dxradio\/php\/wordpress\/index.php?rest_route=%2Fwp%2Fv2%2Fcomments&post=16614"}],"version-history":[{"count":0,"href":"https:\/\/www.achimbrueckner.de\/dxradio\/php\/wordpress\/index.php?rest_route=\/wp\/v2\/posts\/16614\/revisions"}],"wp:attachment":[{"href":"https:\/\/www.achimbrueckner.de\/dxradio\/php\/wordpress\/index.php?rest_route=%2Fwp%2Fv2%2Fmedia&parent=16614"}],"wp:term":[{"taxonomy":"category","embeddable":true,"href":"https:\/\/www.achimbrueckner.de\/dxradio\/php\/wordpress\/index.php?rest_route=%2Fwp%2Fv2%2Fcategories&post=16614"},{"taxonomy":"post_tag","embeddable":true,"href":"https:\/\/www.achimbrueckner.de\/dxradio\/php\/wordpress\/index.php?rest_route=%2Fwp%2Fv2%2Ftags&post=16614"}],"curies":[{"name":"wp","href":"https:\/\/api.w.org\/{rel}","templated":true}]}}