{"id":16627,"date":"2018-02-24T15:51:36","date_gmt":"2018-02-24T15:51:36","guid":{"rendered":"https:\/\/www.achimbrueckner.de\/dxradio\/php\/wordpress\/?p=16627"},"modified":"2018-02-24T15:51:36","modified_gmt":"2018-02-24T15:51:36","slug":"rundfunk-gebuehren-faq","status":"publish","type":"post","link":"https:\/\/www.achimbrueckner.de\/dxradio\/php\/wordpress\/?p=16627","title":{"rendered":"rundfunk-gebuehren-faq"},"content":{"rendered":"<p><a href=\"https:\/\/www.arminwolf.at\/2018\/02\/24\/rundfunk-gebuehren-faq\/\" rel=\"noopener\" target=\"_blank\">https:\/\/www.arminwolf.at\/2018\/02\/24\/rundfunk-gebuehren-faq\/<\/a><\/p>\n","protected":false},"excerpt":{"rendered":"<p>https:\/\/www.arminwolf.at\/2018\/02\/24\/rundfunk-gebuehren-faq\/<\/p>\n","protected":false},"author":1,"featured_media":0,"comment_status":"open","ping_status":"open","sticky":false,"template":"","format":"standard","meta":{"_jetpack_memberships_contains_paid_content":false,"footnotes":"","jetpack_publicize_message":"","jetpack_publicize_feature_enabled":true,"jetpack_social_post_already_shared":true,"jetpack_social_options":{"image_generator_settings":{"template":"highway","default_image_id":0,"font":"","enabled":false},"version":2}},"categories":[1],"tags":[],"class_list":["post-16627","post","type-post","status-publish","format-standard","hentry","category-deutsch"],"jetpack_publicize_connections":[],"jetpack_featured_media_url":"","jetpack_sharing_enabled":true,"jetpack_shortlink":"https:\/\/wp.me\/p5CDmr-4kb","jetpack-related-posts":[{"id":41798,"url":"https:\/\/www.achimbrueckner.de\/dxradio\/php\/wordpress\/?p=41798","url_meta":{"origin":16627,"position":0},"title":"Rundfunk-Geb\u00fchren: Hamburgs Kultursenator Brosda warnt vor K\u00fcrzungen","author":"Administrator","date":"October 14, 2024","format":false,"excerpt":"https:\/\/www.ndr.de\/nachrichten\/hamburg\/Rundfunk-Gebuehren-Hamburgs-Kultursenator-Brosda-warnt-vor-Kuerzungen,kurzehh9220.html","rel":"","context":"In &quot;Deutsch&quot;","block_context":{"text":"Deutsch","link":"https:\/\/www.achimbrueckner.de\/dxradio\/php\/wordpress\/?cat=1"},"img":{"alt_text":"","src":"","width":0,"height":0},"classes":[]},{"id":15762,"url":"https:\/\/www.achimbrueckner.de\/dxradio\/php\/wordpress\/?p=15762","url_meta":{"origin":16627,"position":1},"title":"\u00d6ffentlich-rechtlicher Rundfunk : Lasst uns zusammenhalten!","author":"Administrator","date":"December 3, 2017","format":false,"excerpt":"http:\/\/www.zeit.de\/kultur\/film\/2017-11\/oeffentlich-rechtlicher-rundfunk-filmfoerderung-gebuehren-filmemacher-debatte","rel":"","context":"In &quot;Deutsch&quot;","block_context":{"text":"Deutsch","link":"https:\/\/www.achimbrueckner.de\/dxradio\/php\/wordpress\/?cat=1"},"img":{"alt_text":"","src":"","width":0,"height":0},"classes":[]},{"id":20727,"url":"https:\/\/www.achimbrueckner.de\/dxradio\/php\/wordpress\/?p=20727","url_meta":{"origin":16627,"position":2},"title":"GEZ-Geb\u00fchren Attacken von rechts gegen den Rundfunk","author":"Administrator","date":"January 4, 2019","format":false,"excerpt":"http:\/\/www.fr.de\/politik\/meinung\/kolumnen\/gez-gebuehren-attacken-von-rechts-gegen-den-rundfunk-a-1647985","rel":"","context":"In &quot;Deutsch&quot;","block_context":{"text":"Deutsch","link":"https:\/\/www.achimbrueckner.de\/dxradio\/php\/wordpress\/?cat=1"},"img":{"alt_text":"","src":"","width":0,"height":0},"classes":[]},{"id":21692,"url":"https:\/\/www.achimbrueckner.de\/dxradio\/php\/wordpress\/?p=21692","url_meta":{"origin":16627,"position":3},"title":"Was steckt hinter dem Framing-Gutachten der ARD?","author":"Administrator","date":"February 18, 2019","format":false,"excerpt":"https:\/\/www.zeit.de\/gesellschaft\/zeitgeschehen\/2019-02\/ard-framing-gutachten-oeffentlich-rechtlicher-rundfunk-glaubwuerdigkeit-faq","rel":"","context":"In &quot;Deutsch&quot;","block_context":{"text":"Deutsch","link":"https:\/\/www.achimbrueckner.de\/dxradio\/php\/wordpress\/?cat=1"},"img":{"alt_text":"","src":"","width":0,"height":0},"classes":[]},{"id":29010,"url":"https:\/\/www.achimbrueckner.de\/dxradio\/php\/wordpress\/?p=29010","url_meta":{"origin":16627,"position":4},"title":"gez-gebuehren-sind-die-gehaelter-bei-ard-und-zdf-zu-hoch","author":"Administrator","date":"June 9, 2020","format":false,"excerpt":"https:\/\/www.faz.net\/aktuell\/feuilleton\/medien\/gez-gebuehren-sind-die-gehaelter-bei-ard-und-zdf-zu-hoch-16503961.html","rel":"","context":"In &quot;Deutsch&quot;","block_context":{"text":"Deutsch","link":"https:\/\/www.achimbrueckner.de\/dxradio\/php\/wordpress\/?cat=1"},"img":{"alt_text":"","src":"","width":0,"height":0},"classes":[]},{"id":22217,"url":"https:\/\/www.achimbrueckner.de\/dxradio\/php\/wordpress\/?p=22217","url_meta":{"origin":16627,"position":5},"title":"Staatssekret\u00e4r: FP\u00d6 will GIS-Geb\u00fchren abschaffen","author":"Administrator","date":"March 18, 2019","format":false,"excerpt":"https:\/\/www.vienna.at\/staatssekretaer-fpoe-will-gis-gebuehren-abschaffen\/6133139","rel":"","context":"In &quot;Deutsch&quot;","block_context":{"text":"Deutsch","link":"https:\/\/www.achimbrueckner.de\/dxradio\/php\/wordpress\/?cat=1"},"img":{"alt_text":"","src":"","width":0,"height":0},"classes":[]}],"_links":{"self":[{"href":"https:\/\/www.achimbrueckner.de\/dxradio\/php\/wordpress\/index.php?rest_route=\/wp\/v2\/posts\/16627","targetHints":{"allow":["GET"]}}],"collection":[{"href":"https:\/\/www.achimbrueckner.de\/dxradio\/php\/wordpress\/index.php?rest_route=\/wp\/v2\/posts"}],"about":[{"href":"https:\/\/www.achimbrueckner.de\/dxradio\/php\/wordpress\/index.php?rest_route=\/wp\/v2\/types\/post"}],"author":[{"embeddable":true,"href":"https:\/\/www.achimbrueckner.de\/dxradio\/php\/wordpress\/index.php?rest_route=\/wp\/v2\/users\/1"}],"replies":[{"embeddable":true,"href":"https:\/\/www.achimbrueckner.de\/dxradio\/php\/wordpress\/index.php?rest_route=%2Fwp%2Fv2%2Fcomments&post=16627"}],"version-history":[{"count":0,"href":"https:\/\/www.achimbrueckner.de\/dxradio\/php\/wordpress\/index.php?rest_route=\/wp\/v2\/posts\/16627\/revisions"}],"wp:attachment":[{"href":"https:\/\/www.achimbrueckner.de\/dxradio\/php\/wordpress\/index.php?rest_route=%2Fwp%2Fv2%2Fmedia&parent=16627"}],"wp:term":[{"taxonomy":"category","embeddable":true,"href":"https:\/\/www.achimbrueckner.de\/dxradio\/php\/wordpress\/index.php?rest_route=%2Fwp%2Fv2%2Fcategories&post=16627"},{"taxonomy":"post_tag","embeddable":true,"href":"https:\/\/www.achimbrueckner.de\/dxradio\/php\/wordpress\/index.php?rest_route=%2Fwp%2Fv2%2Ftags&post=16627"}],"curies":[{"name":"wp","href":"https:\/\/api.w.org\/{rel}","templated":true}]}}