{"id":16631,"date":"2018-02-24T17:08:28","date_gmt":"2018-02-24T17:08:28","guid":{"rendered":"https:\/\/www.achimbrueckner.de\/dxradio\/php\/wordpress\/?p=16631"},"modified":"2018-02-24T17:08:28","modified_gmt":"2018-02-24T17:08:28","slug":"ehrungen-bei-der-jahreshauptversammlung-jhv-der-emmericher-amateurfunker","status":"publish","type":"post","link":"https:\/\/www.achimbrueckner.de\/dxradio\/php\/wordpress\/?p=16631","title":{"rendered":"Ehrungen bei der Jahreshauptversammlung (JHV) der Emmericher Amateurfunker"},"content":{"rendered":"<p><a href=\"http:\/\/www.lokalkompass.de\/emmerich\/vereine\/ehrungen-bei-der-jahreshauptversammlung-jhv-der-emmericher-amateurfunker-d829954.html\" rel=\"noopener\" target=\"_blank\">http:\/\/www.lokalkompass.de\/emmerich\/vereine\/ehrungen-bei-der-jahreshauptversammlung-jhv-der-emmericher-amateurfunker-d829954.html<\/a><\/p>\n","protected":false},"excerpt":{"rendered":"<p>http:\/\/www.lokalkompass.de\/emmerich\/vereine\/ehrungen-bei-der-jahreshauptversammlung-jhv-der-emmericher-amateurfunker-d829954.html<\/p>\n","protected":false},"author":1,"featured_media":0,"comment_status":"open","ping_status":"open","sticky":false,"template":"","format":"standard","meta":{"_jetpack_memberships_contains_paid_content":false,"footnotes":"","jetpack_publicize_message":"","jetpack_publicize_feature_enabled":true,"jetpack_social_post_already_shared":true,"jetpack_social_options":{"image_generator_settings":{"template":"highway","default_image_id":0,"font":"","enabled":false},"version":2}},"categories":[1],"tags":[24],"class_list":["post-16631","post","type-post","status-publish","format-standard","hentry","category-deutsch","tag-am"],"jetpack_publicize_connections":[],"jetpack_featured_media_url":"","jetpack_sharing_enabled":true,"jetpack_shortlink":"https:\/\/wp.me\/p5CDmr-4kf","jetpack-related-posts":[{"id":12487,"url":"https:\/\/www.achimbrueckner.de\/dxradio\/php\/wordpress\/?p=12487","url_meta":{"origin":16631,"position":0},"title":"Die neuen \u201eAlten\u201c! Aus der Jahreshauptversammlung der Freiburger Funkamateure","author":"Administrator","date":"March 11, 2017","format":false,"excerpt":"http:\/\/www.regiotrends.de\/de\/aus-vereinen-gruppen\/index.news.336533.die-neuen-alten!-aus-der-jahreshauptversammlung-der-freiburger-funkamateure.html","rel":"","context":"In &quot;Deutsch&quot;","block_context":{"text":"Deutsch","link":"https:\/\/www.achimbrueckner.de\/dxradio\/php\/wordpress\/?cat=1"},"img":{"alt_text":"","src":"","width":0,"height":0},"classes":[]},{"id":22388,"url":"https:\/\/www.achimbrueckner.de\/dxradio\/php\/wordpress\/?p=22388","url_meta":{"origin":16631,"position":1},"title":"Jahreshauptversammlung der Freiburger Funkamateure &#8211; Alexander Br\u00fcske (DL1AFA) mit gro\u00dfer Mehrheit neu gew\u00e4hlt als 1. Vorsitzender","author":"Administrator","date":"March 25, 2019","format":false,"excerpt":"https:\/\/www.regiotrends.de\/de\/aus-vereinen-gruppen\/index.news.399605.jahreshauptversammlung-der-freiburger-funkamateure---alexander-brueske-dl1afa-mit-grosser-mehrheit-neu-gewaehlt-als-1.-vorsitzender-.html","rel":"","context":"In &quot;Deutsch&quot;","block_context":{"text":"Deutsch","link":"https:\/\/www.achimbrueckner.de\/dxradio\/php\/wordpress\/?cat=1"},"img":{"alt_text":"","src":"","width":0,"height":0},"classes":[]},{"id":21973,"url":"https:\/\/www.achimbrueckner.de\/dxradio\/php\/wordpress\/?p=21973","url_meta":{"origin":16631,"position":2},"title":"Zwei besondere Ehrungen beim Ortsverband Wetterau im DARC","author":"Administrator","date":"March 5, 2019","format":false,"excerpt":"https:\/\/www.kreis-anzeiger.de\/lokales\/wetteraukreis\/landkreis\/zwei-besondere-ehrungen-beim-ortsverband-wetterau-im-darc_19994278","rel":"","context":"In &quot;Deutsch&quot;","block_context":{"text":"Deutsch","link":"https:\/\/www.achimbrueckner.de\/dxradio\/php\/wordpress\/?cat=1"},"img":{"alt_text":"","src":"","width":0,"height":0},"classes":[]},{"id":21699,"url":"https:\/\/www.achimbrueckner.de\/dxradio\/php\/wordpress\/?p=21699","url_meta":{"origin":16631,"position":3},"title":"Jahreshauptversammlung des DARC OV Bad Driburg","author":"Administrator","date":"February 18, 2019","format":false,"excerpt":"https:\/\/www.brakel-news.de\/region-aktiv\/3030-jahreshauptversammlung-des-darc-ov-bad-driburg","rel":"","context":"In &quot;Deutsch&quot;","block_context":{"text":"Deutsch","link":"https:\/\/www.achimbrueckner.de\/dxradio\/php\/wordpress\/?cat=1"},"img":{"alt_text":"","src":"","width":0,"height":0},"classes":[]},{"id":12322,"url":"https:\/\/www.achimbrueckner.de\/dxradio\/php\/wordpress\/?p=12322","url_meta":{"origin":16631,"position":4},"title":"Zu Besuch bei einem Amateurfunker in der Region","author":"Administrator","date":"February 27, 2017","format":false,"excerpt":"http:\/\/www.badische-zeitung.de\/ettenheim\/zu-besuch-bei-einem-amateurfunker-in-der-region--133916464.html","rel":"","context":"In &quot;Deutsch&quot;","block_context":{"text":"Deutsch","link":"https:\/\/www.achimbrueckner.de\/dxradio\/php\/wordpress\/?cat=1"},"img":{"alt_text":"","src":"","width":0,"height":0},"classes":[]},{"id":15911,"url":"https:\/\/www.achimbrueckner.de\/dxradio\/php\/wordpress\/?p=15911","url_meta":{"origin":16631,"position":5},"title":"EHRUNGEN IN PLAU AM SEE : Funker-Ehepaar \u201evergoldet\u201c","author":"Administrator","date":"December 15, 2017","format":false,"excerpt":"https:\/\/www.svz.de\/lokales\/zeitung-fuer-goldberg-luebz-plau\/funker-ehepaar-vergoldet-id18580921.html","rel":"","context":"In &quot;Deutsch&quot;","block_context":{"text":"Deutsch","link":"https:\/\/www.achimbrueckner.de\/dxradio\/php\/wordpress\/?cat=1"},"img":{"alt_text":"","src":"","width":0,"height":0},"classes":[]}],"_links":{"self":[{"href":"https:\/\/www.achimbrueckner.de\/dxradio\/php\/wordpress\/index.php?rest_route=\/wp\/v2\/posts\/16631","targetHints":{"allow":["GET"]}}],"collection":[{"href":"https:\/\/www.achimbrueckner.de\/dxradio\/php\/wordpress\/index.php?rest_route=\/wp\/v2\/posts"}],"about":[{"href":"https:\/\/www.achimbrueckner.de\/dxradio\/php\/wordpress\/index.php?rest_route=\/wp\/v2\/types\/post"}],"author":[{"embeddable":true,"href":"https:\/\/www.achimbrueckner.de\/dxradio\/php\/wordpress\/index.php?rest_route=\/wp\/v2\/users\/1"}],"replies":[{"embeddable":true,"href":"https:\/\/www.achimbrueckner.de\/dxradio\/php\/wordpress\/index.php?rest_route=%2Fwp%2Fv2%2Fcomments&post=16631"}],"version-history":[{"count":0,"href":"https:\/\/www.achimbrueckner.de\/dxradio\/php\/wordpress\/index.php?rest_route=\/wp\/v2\/posts\/16631\/revisions"}],"wp:attachment":[{"href":"https:\/\/www.achimbrueckner.de\/dxradio\/php\/wordpress\/index.php?rest_route=%2Fwp%2Fv2%2Fmedia&parent=16631"}],"wp:term":[{"taxonomy":"category","embeddable":true,"href":"https:\/\/www.achimbrueckner.de\/dxradio\/php\/wordpress\/index.php?rest_route=%2Fwp%2Fv2%2Fcategories&post=16631"},{"taxonomy":"post_tag","embeddable":true,"href":"https:\/\/www.achimbrueckner.de\/dxradio\/php\/wordpress\/index.php?rest_route=%2Fwp%2Fv2%2Ftags&post=16631"}],"curies":[{"name":"wp","href":"https:\/\/api.w.org\/{rel}","templated":true}]}}