{"id":16708,"date":"2018-03-01T19:14:12","date_gmt":"2018-03-01T19:14:12","guid":{"rendered":"https:\/\/www.achimbrueckner.de\/dxradio\/php\/wordpress\/?p=16708"},"modified":"2018-03-01T19:14:12","modified_gmt":"2018-03-01T19:14:12","slug":"schweizer-stimmen-am-sonntag-uber-rundfunkgebuhren-ab","status":"publish","type":"post","link":"https:\/\/www.achimbrueckner.de\/dxradio\/php\/wordpress\/?p=16708","title":{"rendered":"Schweizer stimmen am Sonntag \u00fcber Rundfunkgeb\u00fchren ab"},"content":{"rendered":"<p><a href=\"https:\/\/www.derstandard.de\/story\/2000075093520\/schweizer-stimmen-am-sonntag-ueber-rundfunkgebuehren-ab\" rel=\"noopener\" target=\"_blank\">https:\/\/www.derstandard.de\/story\/2000075093520\/schweizer-stimmen-am-sonntag-ueber-rundfunkgebuehren-ab<\/a><\/p>\n","protected":false},"excerpt":{"rendered":"<p>https:\/\/www.derstandard.de\/story\/2000075093520\/schweizer-stimmen-am-sonntag-ueber-rundfunkgebuehren-ab<\/p>\n","protected":false},"author":1,"featured_media":0,"comment_status":"open","ping_status":"open","sticky":false,"template":"","format":"standard","meta":{"_jetpack_memberships_contains_paid_content":false,"footnotes":"","jetpack_publicize_message":"","jetpack_publicize_feature_enabled":true,"jetpack_social_post_already_shared":true,"jetpack_social_options":{"image_generator_settings":{"template":"highway","default_image_id":0,"font":"","enabled":false},"version":2}},"categories":[1],"tags":[24],"class_list":["post-16708","post","type-post","status-publish","format-standard","hentry","category-deutsch","tag-am"],"jetpack_publicize_connections":[],"jetpack_featured_media_url":"","jetpack_sharing_enabled":true,"jetpack_shortlink":"https:\/\/wp.me\/p5CDmr-4lu","jetpack-related-posts":[{"id":16748,"url":"https:\/\/www.achimbrueckner.de\/dxradio\/php\/wordpress\/?p=16748","url_meta":{"origin":16708,"position":0},"title":"Hochrechnung Schweizer stimmen gegen Abschaffung des \u00f6ffentlichen Rundfunk","author":"Administrator","date":"March 4, 2018","format":false,"excerpt":"http:\/\/www.spiegel.de\/kultur\/tv\/schweizer-stimmen-offenbar-gegen-abschaffung-der-rundfunkgebuehr-a-1196391.html","rel":"","context":"In &quot;Deutsch&quot;","block_context":{"text":"Deutsch","link":"https:\/\/www.achimbrueckner.de\/dxradio\/php\/wordpress\/?cat=1"},"img":{"alt_text":"","src":"","width":0,"height":0},"classes":[]},{"id":16419,"url":"https:\/\/www.achimbrueckner.de\/dxradio\/php\/wordpress\/?p=16419","url_meta":{"origin":16708,"position":1},"title":"Stichtag 4. M\u00e4rz Schweizer stimmen ab: Darum geht es bei &#8220;No Billag&#8221;","author":"Administrator","date":"February 8, 2018","format":false,"excerpt":"https:\/\/www.dwdl.de\/nachrichten\/65479\/schweizer_stimmen_ab_darum_geht_es_bei_no_billag\/","rel":"","context":"In &quot;Deutsch&quot;","block_context":{"text":"Deutsch","link":"https:\/\/www.achimbrueckner.de\/dxradio\/php\/wordpress\/?cat=1"},"img":{"alt_text":"","src":"","width":0,"height":0},"classes":[]},{"id":16688,"url":"https:\/\/www.achimbrueckner.de\/dxradio\/php\/wordpress\/?p=16688","url_meta":{"origin":16708,"position":2},"title":"Schweizer stimmen \u00fcber Rundfunkgeb\u00fchren ab &#8220;No Billag&#8221;: ARD und ZDF f\u00fcrchten keine Auswirkungen","author":"Administrator","date":"February 28, 2018","format":false,"excerpt":"https:\/\/www.dwdl.de\/magazin\/65759\/no_billag_ard_und_zdf_frchten_keine_auswirkungen\/","rel":"","context":"In &quot;Deutsch&quot;","block_context":{"text":"Deutsch","link":"https:\/\/www.achimbrueckner.de\/dxradio\/php\/wordpress\/?cat=1"},"img":{"alt_text":"","src":"","width":0,"height":0},"classes":[]},{"id":7376,"url":"https:\/\/www.achimbrueckner.de\/dxradio\/php\/wordpress\/?p=7376","url_meta":{"origin":16708,"position":3},"title":"31. Januar 2016 Sonntag ab 10 Uhr MEZ: &#8220;Radio. Menschen &#038; Geschichten&#8221;","author":"Administrator","date":"January 26, 2016","format":false,"excerpt":"Hallo in die Runde, Wir haben ja schon \u00fcber ein neues \"Radio-im-Radio-Magazin\" hier berichtet.. Dieses \"Corona-freie\", Ihr wisst schon. In 5 Tagen geht es dann also los mit Ausgabe 1. In den letzten Tagen hat sich einiges getan. Der Name steht fest: \"Radio. Menschen und Geschichten\". Ne Facebookseite gibt's derweil\u2026","rel":"","context":"In &quot;Deutsch&quot;","block_context":{"text":"Deutsch","link":"https:\/\/www.achimbrueckner.de\/dxradio\/php\/wordpress\/?cat=1"},"img":{"alt_text":"","src":"","width":0,"height":0},"classes":[]},{"id":12354,"url":"https:\/\/www.achimbrueckner.de\/dxradio\/php\/wordpress\/?p=12354","url_meta":{"origin":16708,"position":4},"title":"100. Sendung Radio DARC","author":"Administrator","date":"March 2, 2017","format":false,"excerpt":"Liebe YLs und OMs, am kommenden Sonntag,den 05. M\u00e4rz 2017 ist es soweit, die 100. Sendung von RADIO DARC geht \u00fcber die Antennen. Urspr\u00fcnglich als eine Serie von Sondersendungen anl\u00e4sslich des 65. Gr\u00fcndungsjubil\u00e4ums des Deutschen Amateur Radio Clubs e,V, gedacht, haben sich unsere w\u00f6chentlichen DX-Magazine zu einer festen Gr\u00f6\u00dfe entwickelt.\u2026","rel":"","context":"In &quot;Deutsch&quot;","block_context":{"text":"Deutsch","link":"https:\/\/www.achimbrueckner.de\/dxradio\/php\/wordpress\/?cat=1"},"img":{"alt_text":"","src":"","width":0,"height":0},"classes":[]},{"id":5099,"url":"https:\/\/www.achimbrueckner.de\/dxradio\/php\/wordpress\/?p=5099","url_meta":{"origin":16708,"position":5},"title":"\u201eHans Blomberg Show\u201c ab 5. Juli jeden Sonntag bei Radio Regenbogen","author":"Administrator","date":"July 3, 2015","format":false,"excerpt":"http:\/\/www.radiowoche.de\/hans-blomberg-show-ab-5-juli-jeden-sonntag-bei-radio-regenbogen\/","rel":"","context":"In &quot;Deutsch&quot;","block_context":{"text":"Deutsch","link":"https:\/\/www.achimbrueckner.de\/dxradio\/php\/wordpress\/?cat=1"},"img":{"alt_text":"","src":"","width":0,"height":0},"classes":[]}],"_links":{"self":[{"href":"https:\/\/www.achimbrueckner.de\/dxradio\/php\/wordpress\/index.php?rest_route=\/wp\/v2\/posts\/16708","targetHints":{"allow":["GET"]}}],"collection":[{"href":"https:\/\/www.achimbrueckner.de\/dxradio\/php\/wordpress\/index.php?rest_route=\/wp\/v2\/posts"}],"about":[{"href":"https:\/\/www.achimbrueckner.de\/dxradio\/php\/wordpress\/index.php?rest_route=\/wp\/v2\/types\/post"}],"author":[{"embeddable":true,"href":"https:\/\/www.achimbrueckner.de\/dxradio\/php\/wordpress\/index.php?rest_route=\/wp\/v2\/users\/1"}],"replies":[{"embeddable":true,"href":"https:\/\/www.achimbrueckner.de\/dxradio\/php\/wordpress\/index.php?rest_route=%2Fwp%2Fv2%2Fcomments&post=16708"}],"version-history":[{"count":0,"href":"https:\/\/www.achimbrueckner.de\/dxradio\/php\/wordpress\/index.php?rest_route=\/wp\/v2\/posts\/16708\/revisions"}],"wp:attachment":[{"href":"https:\/\/www.achimbrueckner.de\/dxradio\/php\/wordpress\/index.php?rest_route=%2Fwp%2Fv2%2Fmedia&parent=16708"}],"wp:term":[{"taxonomy":"category","embeddable":true,"href":"https:\/\/www.achimbrueckner.de\/dxradio\/php\/wordpress\/index.php?rest_route=%2Fwp%2Fv2%2Fcategories&post=16708"},{"taxonomy":"post_tag","embeddable":true,"href":"https:\/\/www.achimbrueckner.de\/dxradio\/php\/wordpress\/index.php?rest_route=%2Fwp%2Fv2%2Ftags&post=16708"}],"curies":[{"name":"wp","href":"https:\/\/api.w.org\/{rel}","templated":true}]}}