{"id":16755,"date":"2018-03-04T17:23:10","date_gmt":"2018-03-04T17:23:10","guid":{"rendered":"https:\/\/www.achimbrueckner.de\/dxradio\/php\/wordpress\/?p=16755"},"modified":"2018-03-04T17:23:10","modified_gmt":"2018-03-04T17:23:10","slug":"andreas-knedlik","status":"publish","type":"post","link":"https:\/\/www.achimbrueckner.de\/dxradio\/php\/wordpress\/?p=16755","title":{"rendered":"Andreas Knedlik"},"content":{"rendered":"<p><a href=\"https:\/\/fmkompakt.de\/index.php\/andreas-knedlik\" rel=\"noopener\" target=\"_blank\">https:\/\/fmkompakt.de\/index.php\/andreas-knedlik<\/a><\/p>\n","protected":false},"excerpt":{"rendered":"<p>https:\/\/fmkompakt.de\/index.php\/andreas-knedlik<\/p>\n","protected":false},"author":1,"featured_media":0,"comment_status":"open","ping_status":"open","sticky":false,"template":"","format":"standard","meta":{"_jetpack_memberships_contains_paid_content":false,"footnotes":"","jetpack_publicize_message":"","jetpack_publicize_feature_enabled":true,"jetpack_social_post_already_shared":true,"jetpack_social_options":{"image_generator_settings":{"template":"highway","default_image_id":0,"font":"","enabled":false},"version":2}},"categories":[1],"tags":[28],"class_list":["post-16755","post","type-post","status-publish","format-standard","hentry","category-deutsch","tag-fm"],"jetpack_publicize_connections":[],"jetpack_featured_media_url":"","jetpack_sharing_enabled":true,"jetpack_shortlink":"https:\/\/wp.me\/p5CDmr-4mf","jetpack-related-posts":[{"id":20720,"url":"https:\/\/www.achimbrueckner.de\/dxradio\/php\/wordpress\/?p=20720","url_meta":{"origin":16755,"position":0},"title":"Andreas Knedlik reist durch die Radiogeschichte","author":"Administrator","date":"January 4, 2019","format":false,"excerpt":"https:\/\/www.deutschlandfunknova.de\/beitrag\/radiogeschichte-zeitreise-mit-hoerfunkarchivar-andreas-knedlik","rel":"","context":"In &quot;Deutsch&quot;","block_context":{"text":"Deutsch","link":"https:\/\/www.achimbrueckner.de\/dxradio\/php\/wordpress\/?cat=1"},"img":{"alt_text":"","src":"","width":0,"height":0},"classes":[]},{"id":40988,"url":"https:\/\/www.achimbrueckner.de\/dxradio\/php\/wordpress\/?p=40988","url_meta":{"origin":16755,"position":1},"title":"hr2: Radioenthusiast Andreas Knedlik zu Gast bei Dagmar Fulle","author":"Administrator","date":"February 27, 2024","format":false,"excerpt":"https:\/\/www.radioszene.de\/183998\/andreas-knedlik-dagmar-fulle-hr2.html","rel":"","context":"In &quot;Deutsch&quot;","block_context":{"text":"Deutsch","link":"https:\/\/www.achimbrueckner.de\/dxradio\/php\/wordpress\/?cat=1"},"img":{"alt_text":"","src":"","width":0,"height":0},"classes":[]},{"id":40973,"url":"https:\/\/www.achimbrueckner.de\/dxradio\/php\/wordpress\/?p=40973","url_meta":{"origin":16755,"position":2},"title":"Doppelkopf Am Tisch mit Andreas Knedlik, \u201cRadioenthusiast\u201c","author":"Administrator","date":"February 22, 2024","format":false,"excerpt":"https:\/\/www.hr2.de\/programm\/doppelkopf\/doppelkopf-mit-andreas-knedlik-radioenthusiast,epg-doppelkopf-2366.html","rel":"","context":"In &quot;Deutsch&quot;","block_context":{"text":"Deutsch","link":"https:\/\/www.achimbrueckner.de\/dxradio\/php\/wordpress\/?cat=1"},"img":{"alt_text":"","src":"","width":0,"height":0},"classes":[]},{"id":10263,"url":"https:\/\/www.achimbrueckner.de\/dxradio\/php\/wordpress\/?p=10263","url_meta":{"origin":16755,"position":3},"title":"Au\u00dfergew\u00f6hnliche Hobbies der BR-Mitarbeiter In den Tiefen des H\u00f6rfunkarchivs","author":"Administrator","date":"September 6, 2016","format":false,"excerpt":"http:\/\/www.br.de\/unternehmen\/inhalt\/menschen\/hoerfunkarchiv-andreas-knedlik-100.html","rel":"","context":"In &quot;Deutsch&quot;","block_context":{"text":"Deutsch","link":"https:\/\/www.achimbrueckner.de\/dxradio\/php\/wordpress\/?cat=1"},"img":{"alt_text":"","src":"","width":0,"height":0},"classes":[]},{"id":10638,"url":"https:\/\/www.achimbrueckner.de\/dxradio\/php\/wordpress\/?p=10638","url_meta":{"origin":16755,"position":4},"title":"NormCast 235","author":"Administrator","date":"October 8, 2016","format":false,"excerpt":"Ein Gespraech mit Andreas Knedlik, dem Betreiber der Webseite Digiandi.de, ueber alte und neue Radiozeiten. Zwei Radiofreaks tauschen sich aus. http:\/\/www.normcast.de\/normcast\/normcast-235\/","rel":"","context":"In &quot;Deutsch&quot;","block_context":{"text":"Deutsch","link":"https:\/\/www.achimbrueckner.de\/dxradio\/php\/wordpress\/?cat=1"},"img":{"alt_text":"","src":"","width":0,"height":0},"classes":[]},{"id":1403,"url":"https:\/\/www.achimbrueckner.de\/dxradio\/php\/wordpress\/?p=1403","url_meta":{"origin":16755,"position":5},"title":"FMK Treffen 2011 30. April 2011","author":"Administrator","date":"March 12, 2011","format":false,"excerpt":"FMK-Treffen 2011 : Nun ist der Termin f\u00fcr \"unseren\" grossen Tag fix: Am Samstag, den 30. April 2011, ab 11:00 Uhr veranstaltet FMK sein diesj\u00e4hriges Treffen (Treffpunkt Sendeanlage Ismaning) mit folgendem Inhalt : Beginn um 11:00 Uhr : F\u00fchrung durch das Gel\u00e4nde der Senderanlage Ismaning. Hier sind neben Sender auch\u2026","rel":"","context":"In &quot;camps&quot;","block_context":{"text":"camps","link":"https:\/\/www.achimbrueckner.de\/dxradio\/php\/wordpress\/?cat=5"},"img":{"alt_text":"","src":"","width":0,"height":0},"classes":[]}],"_links":{"self":[{"href":"https:\/\/www.achimbrueckner.de\/dxradio\/php\/wordpress\/index.php?rest_route=\/wp\/v2\/posts\/16755","targetHints":{"allow":["GET"]}}],"collection":[{"href":"https:\/\/www.achimbrueckner.de\/dxradio\/php\/wordpress\/index.php?rest_route=\/wp\/v2\/posts"}],"about":[{"href":"https:\/\/www.achimbrueckner.de\/dxradio\/php\/wordpress\/index.php?rest_route=\/wp\/v2\/types\/post"}],"author":[{"embeddable":true,"href":"https:\/\/www.achimbrueckner.de\/dxradio\/php\/wordpress\/index.php?rest_route=\/wp\/v2\/users\/1"}],"replies":[{"embeddable":true,"href":"https:\/\/www.achimbrueckner.de\/dxradio\/php\/wordpress\/index.php?rest_route=%2Fwp%2Fv2%2Fcomments&post=16755"}],"version-history":[{"count":0,"href":"https:\/\/www.achimbrueckner.de\/dxradio\/php\/wordpress\/index.php?rest_route=\/wp\/v2\/posts\/16755\/revisions"}],"wp:attachment":[{"href":"https:\/\/www.achimbrueckner.de\/dxradio\/php\/wordpress\/index.php?rest_route=%2Fwp%2Fv2%2Fmedia&parent=16755"}],"wp:term":[{"taxonomy":"category","embeddable":true,"href":"https:\/\/www.achimbrueckner.de\/dxradio\/php\/wordpress\/index.php?rest_route=%2Fwp%2Fv2%2Fcategories&post=16755"},{"taxonomy":"post_tag","embeddable":true,"href":"https:\/\/www.achimbrueckner.de\/dxradio\/php\/wordpress\/index.php?rest_route=%2Fwp%2Fv2%2Ftags&post=16755"}],"curies":[{"name":"wp","href":"https:\/\/api.w.org\/{rel}","templated":true}]}}