{"id":16966,"date":"2018-03-20T15:59:22","date_gmt":"2018-03-20T15:59:22","guid":{"rendered":"https:\/\/www.achimbrueckner.de\/dxradio\/php\/wordpress\/?p=16966"},"modified":"2018-03-20T15:59:22","modified_gmt":"2018-03-20T15:59:22","slug":"radiosender-hoffen-auf-5g-als-ubertragungsweg","status":"publish","type":"post","link":"https:\/\/www.achimbrueckner.de\/dxradio\/php\/wordpress\/?p=16966","title":{"rendered":"Radiosender hoffen auf 5G als \u00dcbertragungsweg"},"content":{"rendered":"<p><a href=\"https:\/\/www.golem.de\/news\/dab-radiosender-hoffen-auf-5g-als-uebertragungsweg-1803-133394.amp.html\" rel=\"noopener\" target=\"_blank\">https:\/\/www.golem.de\/news\/dab-radiosender-hoffen-auf-5g-als-uebertragungsweg-1803-133394.amp.html<\/a><\/p>\n","protected":false},"excerpt":{"rendered":"<p>https:\/\/www.golem.de\/news\/dab-radiosender-hoffen-auf-5g-als-uebertragungsweg-1803-133394.amp.html<\/p>\n","protected":false},"author":1,"featured_media":0,"comment_status":"open","ping_status":"open","sticky":false,"template":"","format":"standard","meta":{"_jetpack_memberships_contains_paid_content":false,"footnotes":"","jetpack_publicize_message":"","jetpack_publicize_feature_enabled":true,"jetpack_social_post_already_shared":true,"jetpack_social_options":{"image_generator_settings":{"template":"highway","default_image_id":0,"font":"","enabled":false},"version":2}},"categories":[1],"tags":[24,31],"class_list":["post-16966","post","type-post","status-publish","format-standard","hentry","category-deutsch","tag-am","tag-dab"],"jetpack_publicize_connections":[],"jetpack_featured_media_url":"","jetpack_sharing_enabled":true,"jetpack_shortlink":"https:\/\/wp.me\/p5CDmr-4pE","jetpack-related-posts":[{"id":22911,"url":"https:\/\/www.achimbrueckner.de\/dxradio\/php\/wordpress\/?p=22911","url_meta":{"origin":16966,"position":0},"title":"Erster englischsprachiger Radiosender aus Deutschland startet in Berlin auf DAB+","author":"Administrator","date":"April 28, 2019","format":false,"excerpt":"http:\/\/www.radiowoche.de\/erster-englischsprachiger-radiosender-aus-deutschland-startet-in-berlin-auf-dab\/","rel":"","context":"In &quot;Deutsch&quot;","block_context":{"text":"Deutsch","link":"https:\/\/www.achimbrueckner.de\/dxradio\/php\/wordpress\/?cat=1"},"img":{"alt_text":"","src":"","width":0,"height":0},"classes":[]},{"id":32576,"url":"https:\/\/www.achimbrueckner.de\/dxradio\/php\/wordpress\/?p=32576","url_meta":{"origin":16966,"position":1},"title":"Wien bekommt zwei neue DAB+ Radiosender, einen davon zus\u00e4tzlich auf UKW","author":"Administrator","date":"April 28, 2021","format":false,"excerpt":"https:\/\/www.radiowoche.de\/wien-bekommt-zwei-neue-dab-radiosender-einen-davon-zusaetzlich-auf-ukw\/","rel":"","context":"In &quot;Deutsch&quot;","block_context":{"text":"Deutsch","link":"https:\/\/www.achimbrueckner.de\/dxradio\/php\/wordpress\/?cat=1"},"img":{"alt_text":"","src":"","width":0,"height":0},"classes":[]},{"id":20917,"url":"https:\/\/www.achimbrueckner.de\/dxradio\/php\/wordpress\/?p=20917","url_meta":{"origin":16966,"position":2},"title":"Neu: Erlebnismagazin Gria\u00df di&#8217; Allg\u00e4u jetzt auch als Radiosender \u00fcber DAB+ empfangbar","author":"Administrator","date":"January 13, 2019","format":false,"excerpt":"https:\/\/www.all-in.de\/kempten-allgaeu\/c-lokales\/neu-erlebnismagazin-griass-di-allgaeu-jetzt-auch-als-radiosender-ueber-dab+-empfangbar_a5024100","rel":"","context":"In &quot;Deutsch&quot;","block_context":{"text":"Deutsch","link":"https:\/\/www.achimbrueckner.de\/dxradio\/php\/wordpress\/?cat=1"},"img":{"alt_text":"","src":"","width":0,"height":0},"classes":[]},{"id":32350,"url":"https:\/\/www.achimbrueckner.de\/dxradio\/php\/wordpress\/?p=32350","url_meta":{"origin":16966,"position":3},"title":"Radiosender auf DAB+ : Mehr Me-Time","author":"Administrator","date":"March 25, 2021","format":false,"excerpt":"https:\/\/www.sueddeutsche.de\/medien\/frauenradio-ina-tenz-dab-1.5245559","rel":"","context":"In &quot;Deutsch&quot;","block_context":{"text":"Deutsch","link":"https:\/\/www.achimbrueckner.de\/dxradio\/php\/wordpress\/?cat=1"},"img":{"alt_text":"","src":"","width":0,"height":0},"classes":[]},{"id":42587,"url":"https:\/\/www.achimbrueckner.de\/dxradio\/php\/wordpress\/?p=42587","url_meta":{"origin":16966,"position":4},"title":"Digitalradio in Irland: 10 neue Radiosender auf DAB+ geplant","author":"Administrator","date":"April 14, 2025","format":false,"excerpt":"https:\/\/www.radioszene.de\/201926\/digitalradio-irland-dab-onic.html","rel":"","context":"In &quot;Deutsch&quot;","block_context":{"text":"Deutsch","link":"https:\/\/www.achimbrueckner.de\/dxradio\/php\/wordpress\/?cat=1"},"img":{"alt_text":"","src":"","width":0,"height":0},"classes":[]},{"id":42516,"url":"https:\/\/www.achimbrueckner.de\/dxradio\/php\/wordpress\/?p=42516","url_meta":{"origin":16966,"position":5},"title":"Umstieg auf DAB+: Weitere Radiosender geben UKW auf","author":"Administrator","date":"April 3, 2025","format":false,"excerpt":"https:\/\/www.teltarif.de\/radio-dabplus-ukw-digitalradio\/news\/98240.html","rel":"","context":"In &quot;Deutsch&quot;","block_context":{"text":"Deutsch","link":"https:\/\/www.achimbrueckner.de\/dxradio\/php\/wordpress\/?cat=1"},"img":{"alt_text":"","src":"","width":0,"height":0},"classes":[]}],"_links":{"self":[{"href":"https:\/\/www.achimbrueckner.de\/dxradio\/php\/wordpress\/index.php?rest_route=\/wp\/v2\/posts\/16966","targetHints":{"allow":["GET"]}}],"collection":[{"href":"https:\/\/www.achimbrueckner.de\/dxradio\/php\/wordpress\/index.php?rest_route=\/wp\/v2\/posts"}],"about":[{"href":"https:\/\/www.achimbrueckner.de\/dxradio\/php\/wordpress\/index.php?rest_route=\/wp\/v2\/types\/post"}],"author":[{"embeddable":true,"href":"https:\/\/www.achimbrueckner.de\/dxradio\/php\/wordpress\/index.php?rest_route=\/wp\/v2\/users\/1"}],"replies":[{"embeddable":true,"href":"https:\/\/www.achimbrueckner.de\/dxradio\/php\/wordpress\/index.php?rest_route=%2Fwp%2Fv2%2Fcomments&post=16966"}],"version-history":[{"count":0,"href":"https:\/\/www.achimbrueckner.de\/dxradio\/php\/wordpress\/index.php?rest_route=\/wp\/v2\/posts\/16966\/revisions"}],"wp:attachment":[{"href":"https:\/\/www.achimbrueckner.de\/dxradio\/php\/wordpress\/index.php?rest_route=%2Fwp%2Fv2%2Fmedia&parent=16966"}],"wp:term":[{"taxonomy":"category","embeddable":true,"href":"https:\/\/www.achimbrueckner.de\/dxradio\/php\/wordpress\/index.php?rest_route=%2Fwp%2Fv2%2Fcategories&post=16966"},{"taxonomy":"post_tag","embeddable":true,"href":"https:\/\/www.achimbrueckner.de\/dxradio\/php\/wordpress\/index.php?rest_route=%2Fwp%2Fv2%2Ftags&post=16966"}],"curies":[{"name":"wp","href":"https:\/\/api.w.org\/{rel}","templated":true}]}}