{"id":16967,"date":"2018-03-20T16:01:03","date_gmt":"2018-03-20T16:01:03","guid":{"rendered":"https:\/\/www.achimbrueckner.de\/dxradio\/php\/wordpress\/?p=16967"},"modified":"2018-03-20T16:01:03","modified_gmt":"2018-03-20T16:01:03","slug":"alterdings-verstrahlte-antennen-die-uberreste-des-russischen-woodpeckers-2","status":"publish","type":"post","link":"https:\/\/www.achimbrueckner.de\/dxradio\/php\/wordpress\/?p=16967","title":{"rendered":"Alterdings &#8211; Verstrahlte Antennen: Die \u00dcberreste des russischen &#8220;Woodpeckers&#8221;"},"content":{"rendered":"<p><a href=\"https:\/\/www.foerderland.de\/technik\/tipps\/artikel\/alterdings-verstrahlte-antennen-die-uberreste-des-russischen-woodpeckers\/\" rel=\"noopener\" target=\"_blank\">https:\/\/www.foerderland.de\/technik\/tipps\/artikel\/alterdings-verstrahlte-antennen-die-uberreste-des-russischen-woodpeckers\/<\/a><\/p>\n","protected":false},"excerpt":{"rendered":"<p>https:\/\/www.foerderland.de\/technik\/tipps\/artikel\/alterdings-verstrahlte-antennen-die-uberreste-des-russischen-woodpeckers\/<\/p>\n","protected":false},"author":1,"featured_media":0,"comment_status":"open","ping_status":"open","sticky":false,"template":"","format":"standard","meta":{"_jetpack_memberships_contains_paid_content":false,"footnotes":"","jetpack_publicize_message":"","jetpack_publicize_feature_enabled":true,"jetpack_social_post_already_shared":true,"jetpack_social_options":{"image_generator_settings":{"template":"highway","default_image_id":0,"font":"","enabled":false},"version":2}},"categories":[1],"tags":[],"class_list":["post-16967","post","type-post","status-publish","format-standard","hentry","category-deutsch"],"jetpack_publicize_connections":[],"jetpack_featured_media_url":"","jetpack_sharing_enabled":true,"jetpack_shortlink":"https:\/\/wp.me\/p5CDmr-4pF","jetpack-related-posts":[{"id":7748,"url":"https:\/\/www.achimbrueckner.de\/dxradio\/php\/wordpress\/?p=7748","url_meta":{"origin":16967,"position":0},"title":"Alterdings &#8211; Verstrahlte Antennen: Die \u00dcberreste des russischen &#8220;Woodpeckers&#8221;","author":"Administrator","date":"March 3, 2016","format":false,"excerpt":"http:\/\/www.foerderland.de\/technik\/tipps\/artikel\/alterdings-verstrahlte-antennen-die-uberreste-des-russischen-woodpeckers\/","rel":"","context":"In &quot;Deutsch&quot;","block_context":{"text":"Deutsch","link":"https:\/\/www.achimbrueckner.de\/dxradio\/php\/wordpress\/?cat=1"},"img":{"alt_text":"","src":"","width":0,"height":0},"classes":[]},{"id":6196,"url":"https:\/\/www.achimbrueckner.de\/dxradio\/php\/wordpress\/?p=6196","url_meta":{"origin":16967,"position":1},"title":"Die \u00dcberreste des russischen \u201cWoodpeckers\u201d","author":"Administrator","date":"October 11, 2015","format":false,"excerpt":"http:\/\/neuerdings.com\/2015\/10\/11\/alterdings-verstrahlte-antennen-die-uberreste-des-russischen-woodpeckers\/","rel":"","context":"In &quot;Deutsch&quot;","block_context":{"text":"Deutsch","link":"https:\/\/www.achimbrueckner.de\/dxradio\/php\/wordpress\/?cat=1"},"img":{"alt_text":"","src":"","width":0,"height":0},"classes":[]},{"id":3551,"url":"https:\/\/www.achimbrueckner.de\/dxradio\/php\/wordpress\/?p=3551","url_meta":{"origin":16967,"position":2},"title":"ALTERDINGS IN \u00d6STERREICH: Die Funkh\u00e4user des ORF","author":"Administrator","date":"September 20, 2014","format":false,"excerpt":"http:\/\/neuerdings.com\/2014\/09\/16\/alterdings-in-osterreich-die-funkhauser-des-orf\/","rel":"","context":"In &quot;Deutsch&quot;","block_context":{"text":"Deutsch","link":"https:\/\/www.achimbrueckner.de\/dxradio\/php\/wordpress\/?cat=1"},"img":{"alt_text":"","src":"","width":0,"height":0},"classes":[]},{"id":3552,"url":"https:\/\/www.achimbrueckner.de\/dxradio\/php\/wordpress\/?p=3552","url_meta":{"origin":16967,"position":3},"title":"ALTERDINGS F\u00c4HRT AUF EINEM RIESEN-KARUSSELL MIT: ORF-Kurzwellensender Moosbrunn","author":"Administrator","date":"September 20, 2014","format":false,"excerpt":"http:\/\/neuerdings.com\/2014\/09\/19\/alterdings-fahrt-auf-einem-riesen-karusell-mit-orf-kurzwellensender-moosbrunn\/","rel":"","context":"In &quot;Deutsch&quot;","block_context":{"text":"Deutsch","link":"https:\/\/www.achimbrueckner.de\/dxradio\/php\/wordpress\/?cat=1"},"img":{"alt_text":"","src":"","width":0,"height":0},"classes":[]},{"id":12943,"url":"https:\/\/www.achimbrueckner.de\/dxradio\/php\/wordpress\/?p=12943","url_meta":{"origin":16967,"position":4},"title":"DIE LIZENZ ZUM FUNKEN Funkamateure \u00fcber gro\u00dfe Antennen und Freundschaften jenseits des Atlantiks","author":"Administrator","date":"April 21, 2017","format":false,"excerpt":"http:\/\/www.noz.de\/lokales\/hilter\/artikel\/883479\/funkamateure-ueber-grosse-antennen-und-freundschaften-jenseits-des-atlantiks#gallery&0&0&883479","rel":"","context":"In &quot;Deutsch&quot;","block_context":{"text":"Deutsch","link":"https:\/\/www.achimbrueckner.de\/dxradio\/php\/wordpress\/?cat=1"},"img":{"alt_text":"","src":"","width":0,"height":0},"classes":[]},{"id":11908,"url":"https:\/\/www.achimbrueckner.de\/dxradio\/php\/wordpress\/?p=11908","url_meta":{"origin":16967,"position":5},"title":"Publikation der DGPT zum Thema &#8220;Sender und Antennen&#8221;","author":"Administrator","date":"January 29, 2017","format":false,"excerpt":"Hallo zusammen, das aktuelle Heft der \"Deutschen Gesellschaft f\u00fcr Post- und Telekommunikationsgeschichte\" hat zum Thema \"Sender und Antennen\". Ein Schwerpunkt sind die Sendeanlagen auf dem Gro\u00dfen Feldberg. Weitere Themen sind - \"die Deutsche Welle\", - der Gro\u00dfsender M\u00fchlacker und die Senderstadt - Senderr\u00f6hren und - der Lorenz-Gro\u00dfsender in der Sammlung\u2026","rel":"","context":"In &quot;Deutsch&quot;","block_context":{"text":"Deutsch","link":"https:\/\/www.achimbrueckner.de\/dxradio\/php\/wordpress\/?cat=1"},"img":{"alt_text":"","src":"","width":0,"height":0},"classes":[]}],"_links":{"self":[{"href":"https:\/\/www.achimbrueckner.de\/dxradio\/php\/wordpress\/index.php?rest_route=\/wp\/v2\/posts\/16967","targetHints":{"allow":["GET"]}}],"collection":[{"href":"https:\/\/www.achimbrueckner.de\/dxradio\/php\/wordpress\/index.php?rest_route=\/wp\/v2\/posts"}],"about":[{"href":"https:\/\/www.achimbrueckner.de\/dxradio\/php\/wordpress\/index.php?rest_route=\/wp\/v2\/types\/post"}],"author":[{"embeddable":true,"href":"https:\/\/www.achimbrueckner.de\/dxradio\/php\/wordpress\/index.php?rest_route=\/wp\/v2\/users\/1"}],"replies":[{"embeddable":true,"href":"https:\/\/www.achimbrueckner.de\/dxradio\/php\/wordpress\/index.php?rest_route=%2Fwp%2Fv2%2Fcomments&post=16967"}],"version-history":[{"count":0,"href":"https:\/\/www.achimbrueckner.de\/dxradio\/php\/wordpress\/index.php?rest_route=\/wp\/v2\/posts\/16967\/revisions"}],"wp:attachment":[{"href":"https:\/\/www.achimbrueckner.de\/dxradio\/php\/wordpress\/index.php?rest_route=%2Fwp%2Fv2%2Fmedia&parent=16967"}],"wp:term":[{"taxonomy":"category","embeddable":true,"href":"https:\/\/www.achimbrueckner.de\/dxradio\/php\/wordpress\/index.php?rest_route=%2Fwp%2Fv2%2Fcategories&post=16967"},{"taxonomy":"post_tag","embeddable":true,"href":"https:\/\/www.achimbrueckner.de\/dxradio\/php\/wordpress\/index.php?rest_route=%2Fwp%2Fv2%2Ftags&post=16967"}],"curies":[{"name":"wp","href":"https:\/\/api.w.org\/{rel}","templated":true}]}}