{"id":16969,"date":"2018-03-20T17:00:01","date_gmt":"2018-03-20T17:00:01","guid":{"rendered":"https:\/\/www.achimbrueckner.de\/dxradio\/php\/wordpress\/?p=16969"},"modified":"2018-03-20T17:00:01","modified_gmt":"2018-03-20T17:00:01","slug":"in-zeiten-von-smartphones-haben-es-amateurfunker-schwer-helfer-in-notfallen-eine-seltene-spezies","status":"publish","type":"post","link":"https:\/\/www.achimbrueckner.de\/dxradio\/php\/wordpress\/?p=16969","title":{"rendered":"In Zeiten von Smartphones haben es Amateurfunker schwer \/ Helfer in Notf\u00e4llen  Eine seltene Spezies"},"content":{"rendered":"<p><a href=\"https:\/\/www.come-on.de\/lennetal\/herscheid\/zeiten-smartphones-haben-amateurfunker-schwer-helfer-notfaellen-9705532.html\" rel=\"noopener\" target=\"_blank\">https:\/\/www.come-on.de\/lennetal\/herscheid\/zeiten-smartphones-haben-amateurfunker-schwer-helfer-notfaellen-9705532.html<\/a><\/p>\n","protected":false},"excerpt":{"rendered":"<p>https:\/\/www.come-on.de\/lennetal\/herscheid\/zeiten-smartphones-haben-amateurfunker-schwer-helfer-notfaellen-9705532.html<\/p>\n","protected":false},"author":1,"featured_media":0,"comment_status":"open","ping_status":"open","sticky":false,"template":"","format":"standard","meta":{"_jetpack_memberships_contains_paid_content":false,"footnotes":"","jetpack_publicize_message":"","jetpack_publicize_feature_enabled":true,"jetpack_social_post_already_shared":true,"jetpack_social_options":{"image_generator_settings":{"template":"highway","default_image_id":0,"font":"","enabled":false},"version":2}},"categories":[1],"tags":[24],"class_list":["post-16969","post","type-post","status-publish","format-standard","hentry","category-deutsch","tag-am"],"jetpack_publicize_connections":[],"jetpack_featured_media_url":"","jetpack_sharing_enabled":true,"jetpack_shortlink":"https:\/\/wp.me\/p5CDmr-4pH","jetpack-related-posts":[{"id":28749,"url":"https:\/\/www.achimbrueckner.de\/dxradio\/php\/wordpress\/?p=28749","url_meta":{"origin":16969,"position":0},"title":"Stader Amateurfunker kommunizieren in Corona-Zeiten per Funk","author":"Administrator","date":"May 20, 2020","format":false,"excerpt":"https:\/\/www.kreiszeitung-wochenblatt.de\/stade\/c-panorama\/stader-amateurfunker-kommunizieren-in-corona-zeiten-per-funk_a167768","rel":"","context":"In &quot;Deutsch&quot;","block_context":{"text":"Deutsch","link":"https:\/\/www.achimbrueckner.de\/dxradio\/php\/wordpress\/?cat=1"},"img":{"alt_text":"","src":"","width":0,"height":0},"classes":[]},{"id":16669,"url":"https:\/\/www.achimbrueckner.de\/dxradio\/php\/wordpress\/?p=16669","url_meta":{"origin":16969,"position":1},"title":"Amateurfunker: Ein Hobby aus vergangenen Zeiten","author":"Administrator","date":"February 27, 2018","format":false,"excerpt":"http:\/\/www.rp-online.de\/nrw\/staedte\/kaarst\/amateurfunker-ein-hobby-aus-vergangenen-zeiten-aid-1.7422979","rel":"","context":"In &quot;Deutsch&quot;","block_context":{"text":"Deutsch","link":"https:\/\/www.achimbrueckner.de\/dxradio\/php\/wordpress\/?cat=1"},"img":{"alt_text":"","src":"","width":0,"height":0},"classes":[]},{"id":28273,"url":"https:\/\/www.achimbrueckner.de\/dxradio\/php\/wordpress\/?p=28273","url_meta":{"origin":16969,"position":2},"title":"In Zeiten von Corona : Amateurfunker aus Bad Honnef halten weiterhin Kontakte","author":"Administrator","date":"April 22, 2020","format":false,"excerpt":"https:\/\/www.general-anzeiger-bonn.de\/region\/siebengebirge\/bad-honnef\/bad-honnef-amateurfunker-halten-auch-in-zeiten-von-corona-kontakte_aid-50144281","rel":"","context":"In &quot;Deutsch&quot;","block_context":{"text":"Deutsch","link":"https:\/\/www.achimbrueckner.de\/dxradio\/php\/wordpress\/?cat=1"},"img":{"alt_text":"","src":"","width":0,"height":0},"classes":[]},{"id":29623,"url":"https:\/\/www.achimbrueckner.de\/dxradio\/php\/wordpress\/?p=29623","url_meta":{"origin":16969,"position":3},"title":"Gelsenkirchener Amateurfunker haben die Welt am Mikrofon","author":"Administrator","date":"August 1, 2020","format":false,"excerpt":"https:\/\/www.waz.de\/staedte\/gelsenkirchen\/gelsenkirchener-amateurfunker-haben-die-welt-am-mikrofon-id229608940.html","rel":"","context":"In &quot;Deutsch&quot;","block_context":{"text":"Deutsch","link":"https:\/\/www.achimbrueckner.de\/dxradio\/php\/wordpress\/?cat=1"},"img":{"alt_text":"","src":"","width":0,"height":0},"classes":[]},{"id":4395,"url":"https:\/\/www.achimbrueckner.de\/dxradio\/php\/wordpress\/?p=4395","url_meta":{"origin":16969,"position":4},"title":"Amaterurfunker haben Nachwuchs-Sorgen &#8211; Fieldday soll Abhilfe schaffen","author":"Administrator","date":"April 16, 2015","format":false,"excerpt":"http:\/\/www.tips.at\/news\/pfarrkirchen-muehlkreis\/land-leute\/312274-amateurfunker-haben-nachwuchs-sorgen-fieldday-soll-abhilfe-schaffen","rel":"","context":"In &quot;Deutsch&quot;","block_context":{"text":"Deutsch","link":"https:\/\/www.achimbrueckner.de\/dxradio\/php\/wordpress\/?cat=1"},"img":{"alt_text":"","src":"","width":0,"height":0},"classes":[]},{"id":36914,"url":"https:\/\/www.achimbrueckner.de\/dxradio\/php\/wordpress\/?p=36914","url_meta":{"origin":16969,"position":5},"title":"Funkamateure haben ge\u00fcbt: Region Wienerwald f\u00fcr Ernstfall ger\u00fcstet","author":"Administrator","date":"July 10, 2022","format":false,"excerpt":"https:\/\/www.noen.at\/neulengbach\/auch-kinderuebung-funkamateure-haben-geuebt-region-wienerwald-fuer-ernstfall-geruestet-neulengbach-kinderfeuerwehr-zeiselmauer-amateurfunker-larissa-rentmeister-barbara-zwingl-uebung-funkuebung-print-323605160","rel":"","context":"In &quot;Deutsch&quot;","block_context":{"text":"Deutsch","link":"https:\/\/www.achimbrueckner.de\/dxradio\/php\/wordpress\/?cat=1"},"img":{"alt_text":"","src":"","width":0,"height":0},"classes":[]}],"_links":{"self":[{"href":"https:\/\/www.achimbrueckner.de\/dxradio\/php\/wordpress\/index.php?rest_route=\/wp\/v2\/posts\/16969","targetHints":{"allow":["GET"]}}],"collection":[{"href":"https:\/\/www.achimbrueckner.de\/dxradio\/php\/wordpress\/index.php?rest_route=\/wp\/v2\/posts"}],"about":[{"href":"https:\/\/www.achimbrueckner.de\/dxradio\/php\/wordpress\/index.php?rest_route=\/wp\/v2\/types\/post"}],"author":[{"embeddable":true,"href":"https:\/\/www.achimbrueckner.de\/dxradio\/php\/wordpress\/index.php?rest_route=\/wp\/v2\/users\/1"}],"replies":[{"embeddable":true,"href":"https:\/\/www.achimbrueckner.de\/dxradio\/php\/wordpress\/index.php?rest_route=%2Fwp%2Fv2%2Fcomments&post=16969"}],"version-history":[{"count":0,"href":"https:\/\/www.achimbrueckner.de\/dxradio\/php\/wordpress\/index.php?rest_route=\/wp\/v2\/posts\/16969\/revisions"}],"wp:attachment":[{"href":"https:\/\/www.achimbrueckner.de\/dxradio\/php\/wordpress\/index.php?rest_route=%2Fwp%2Fv2%2Fmedia&parent=16969"}],"wp:term":[{"taxonomy":"category","embeddable":true,"href":"https:\/\/www.achimbrueckner.de\/dxradio\/php\/wordpress\/index.php?rest_route=%2Fwp%2Fv2%2Fcategories&post=16969"},{"taxonomy":"post_tag","embeddable":true,"href":"https:\/\/www.achimbrueckner.de\/dxradio\/php\/wordpress\/index.php?rest_route=%2Fwp%2Fv2%2Ftags&post=16969"}],"curies":[{"name":"wp","href":"https:\/\/api.w.org\/{rel}","templated":true}]}}