{"id":16972,"date":"2018-03-20T17:04:18","date_gmt":"2018-03-20T17:04:18","guid":{"rendered":"https:\/\/www.achimbrueckner.de\/dxradio\/php\/wordpress\/?p=16972"},"modified":"2018-03-20T17:04:18","modified_gmt":"2018-03-20T17:04:18","slug":"danmarks-radio-steuer-statt-gebuhr-fur-offentlich-rechtlichen-rundfunk","status":"publish","type":"post","link":"https:\/\/www.achimbrueckner.de\/dxradio\/php\/wordpress\/?p=16972","title":{"rendered":"Danmarks Radio Steuer statt Geb\u00fchr f\u00fcr \u00f6ffentlich-rechtlichen Rundfunk"},"content":{"rendered":"<p><a href=\"http:\/\/www.deutschlandfunk.de\/danmarks-radio-steuer-statt-gebuehr-fuer-oeffentlich.2907.de.html?dram:article_id=413371\" rel=\"noopener\" target=\"_blank\">http:\/\/www.deutschlandfunk.de\/danmarks-radio-steuer-statt-gebuehr-fuer-oeffentlich.2907.de.html?dram:article_id=413371<\/a><\/p>\n","protected":false},"excerpt":{"rendered":"<p>http:\/\/www.deutschlandfunk.de\/danmarks-radio-steuer-statt-gebuehr-fuer-oeffentlich.2907.de.html?dram:article_id=413371<\/p>\n","protected":false},"author":1,"featured_media":0,"comment_status":"open","ping_status":"open","sticky":false,"template":"","format":"standard","meta":{"_jetpack_memberships_contains_paid_content":false,"footnotes":"","jetpack_publicize_message":"","jetpack_publicize_feature_enabled":true,"jetpack_social_post_already_shared":true,"jetpack_social_options":{"image_generator_settings":{"template":"highway","default_image_id":0,"font":"","enabled":false},"version":2}},"categories":[1],"tags":[24],"class_list":["post-16972","post","type-post","status-publish","format-standard","hentry","category-deutsch","tag-am"],"jetpack_publicize_connections":[],"jetpack_featured_media_url":"","jetpack_sharing_enabled":true,"jetpack_shortlink":"https:\/\/wp.me\/p5CDmr-4pK","jetpack-related-posts":[{"id":9058,"url":"https:\/\/www.achimbrueckner.de\/dxradio\/php\/wordpress\/?p=9058","url_meta":{"origin":16972,"position":0},"title":"Danmarks Radio muss bangen","author":"Administrator","date":"August 6, 2016","format":false,"excerpt":"https:\/\/www.freitag.de\/autoren\/rune1994\/danmarks-radio-muss-bangen","rel":"","context":"In &quot;Deutsch&quot;","block_context":{"text":"Deutsch","link":"https:\/\/www.achimbrueckner.de\/dxradio\/php\/wordpress\/?cat=1"},"img":{"alt_text":"","src":"","width":0,"height":0},"classes":[]},{"id":14339,"url":"https:\/\/www.achimbrueckner.de\/dxradio\/php\/wordpress\/?p=14339","url_meta":{"origin":16972,"position":1},"title":"Danmarks Radio Auf Sparkurs","author":"Administrator","date":"August 29, 2017","format":false,"excerpt":"http:\/\/www.deutschlandfunk.de\/danmarks-radio-auf-sparkurs.2907.de.html?dram:article_id=394609","rel":"","context":"In &quot;Deutsch&quot;","block_context":{"text":"Deutsch","link":"https:\/\/www.achimbrueckner.de\/dxradio\/php\/wordpress\/?cat=1"},"img":{"alt_text":"","src":"","width":0,"height":0},"classes":[]},{"id":39679,"url":"https:\/\/www.achimbrueckner.de\/dxradio\/php\/wordpress\/?p=39679","url_meta":{"origin":16972,"position":2},"title":"Danmarks Radio schaltet Langwelle zum Jahresende ab","author":"Administrator","date":"June 18, 2023","format":false,"excerpt":"https:\/\/www.radioblog.eu\/2023\/06\/18\/danmarks-radio-schaltet-langwelle-zum-jahresende-ab\/","rel":"","context":"In &quot;Deutsch&quot;","block_context":{"text":"Deutsch","link":"https:\/\/www.achimbrueckner.de\/dxradio\/php\/wordpress\/?cat=1"},"img":{"alt_text":"","src":"","width":0,"height":0},"classes":[]},{"id":19241,"url":"https:\/\/www.achimbrueckner.de\/dxradio\/php\/wordpress\/?p=19241","url_meta":{"origin":16972,"position":3},"title":"&#8220;Danmarks Radio&#8221; muss Journalisten entlassen","author":"Administrator","date":"September 20, 2018","format":false,"excerpt":"https:\/\/www.ndr.de\/fernsehen\/sendungen\/zapp\/medienpolitik\/Danmarks-Radio-muss-Journalisten-entlassen,daenemark954.html","rel":"","context":"In &quot;Deutsch&quot;","block_context":{"text":"Deutsch","link":"https:\/\/www.achimbrueckner.de\/dxradio\/php\/wordpress\/?cat=1"},"img":{"alt_text":"","src":"","width":0,"height":0},"classes":[]},{"id":17330,"url":"https:\/\/www.achimbrueckner.de\/dxradio\/php\/wordpress\/?p=17330","url_meta":{"origin":16972,"position":4},"title":"Der Niedergang von Danmarks Radio","author":"Administrator","date":"April 13, 2018","format":false,"excerpt":"https:\/\/www.ndr.de\/fernsehen\/sendungen\/zapp\/medienpolitik\/Der-Niedergang-von-Danmarks-Radio,daenemark858.html","rel":"","context":"In &quot;Deutsch&quot;","block_context":{"text":"Deutsch","link":"https:\/\/www.achimbrueckner.de\/dxradio\/php\/wordpress\/?cat=1"},"img":{"alt_text":"","src":"","width":0,"height":0},"classes":[]},{"id":16505,"url":"https:\/\/www.achimbrueckner.de\/dxradio\/php\/wordpress\/?p=16505","url_meta":{"origin":16972,"position":5},"title":"Sparkurs f\u00fcr Danmarks Radio D\u00e4nische Regierung f\u00fcr Rundfunksteuer","author":"Administrator","date":"February 16, 2018","format":false,"excerpt":"http:\/\/www.deutschlandfunk.de\/sparkurs-fuer-danmarks-radio-daenische-regierung-fuer.2907.de.html?dram:article_id=410731","rel":"","context":"In &quot;Deutsch&quot;","block_context":{"text":"Deutsch","link":"https:\/\/www.achimbrueckner.de\/dxradio\/php\/wordpress\/?cat=1"},"img":{"alt_text":"","src":"","width":0,"height":0},"classes":[]}],"_links":{"self":[{"href":"https:\/\/www.achimbrueckner.de\/dxradio\/php\/wordpress\/index.php?rest_route=\/wp\/v2\/posts\/16972","targetHints":{"allow":["GET"]}}],"collection":[{"href":"https:\/\/www.achimbrueckner.de\/dxradio\/php\/wordpress\/index.php?rest_route=\/wp\/v2\/posts"}],"about":[{"href":"https:\/\/www.achimbrueckner.de\/dxradio\/php\/wordpress\/index.php?rest_route=\/wp\/v2\/types\/post"}],"author":[{"embeddable":true,"href":"https:\/\/www.achimbrueckner.de\/dxradio\/php\/wordpress\/index.php?rest_route=\/wp\/v2\/users\/1"}],"replies":[{"embeddable":true,"href":"https:\/\/www.achimbrueckner.de\/dxradio\/php\/wordpress\/index.php?rest_route=%2Fwp%2Fv2%2Fcomments&post=16972"}],"version-history":[{"count":0,"href":"https:\/\/www.achimbrueckner.de\/dxradio\/php\/wordpress\/index.php?rest_route=\/wp\/v2\/posts\/16972\/revisions"}],"wp:attachment":[{"href":"https:\/\/www.achimbrueckner.de\/dxradio\/php\/wordpress\/index.php?rest_route=%2Fwp%2Fv2%2Fmedia&parent=16972"}],"wp:term":[{"taxonomy":"category","embeddable":true,"href":"https:\/\/www.achimbrueckner.de\/dxradio\/php\/wordpress\/index.php?rest_route=%2Fwp%2Fv2%2Fcategories&post=16972"},{"taxonomy":"post_tag","embeddable":true,"href":"https:\/\/www.achimbrueckner.de\/dxradio\/php\/wordpress\/index.php?rest_route=%2Fwp%2Fv2%2Ftags&post=16972"}],"curies":[{"name":"wp","href":"https:\/\/api.w.org\/{rel}","templated":true}]}}