{"id":170,"date":"2006-10-29T07:43:36","date_gmt":"2006-10-29T07:43:36","guid":{"rendered":"https:\/\/www.achimbrueckner.de\/dxradio\/php\/wordpress\/?p=170"},"modified":"2006-10-29T07:43:36","modified_gmt":"2006-10-29T07:43:36","slug":"radio-slovakia-international-b06","status":"publish","type":"post","link":"https:\/\/www.achimbrueckner.de\/dxradio\/php\/wordpress\/?p=170","title":{"rendered":"Radio Slovakia International B06"},"content":{"rendered":"<p>Radio Slovakia International is back on shortwave. Schedule available via <a href=\"http:\/\/www.slovakradio.sk\/inetportal\/rsi\/core.php?lang=3&#038;mainpage=maincontentfull&#038;page=frequencies\">schedule<\/a>.<\/p>\n<p>Thanks to Markus Weidner on <a href=\"http:\/\/www.ratzer.at\">A-DX<\/a><\/p>\n","protected":false},"excerpt":{"rendered":"<p>Radio Slovakia International is back on shortwave. Schedule available via schedule. Thanks to Markus Weidner on A-DX<\/p>\n","protected":false},"author":1,"featured_media":0,"comment_status":"open","ping_status":"open","sticky":false,"template":"","format":"standard","meta":{"_jetpack_memberships_contains_paid_content":false,"footnotes":"","jetpack_publicize_message":"","jetpack_publicize_feature_enabled":true,"jetpack_social_post_already_shared":false,"jetpack_social_options":{"image_generator_settings":{"template":"highway","default_image_id":0,"font":"","enabled":false},"version":2}},"categories":[8],"tags":[40,43],"class_list":["post-170","post","type-post","status-publish","format-standard","hentry","category-schedules","tag-dx","tag-shortwave"],"jetpack_publicize_connections":[],"jetpack_featured_media_url":"","jetpack_sharing_enabled":true,"jetpack_shortlink":"https:\/\/wp.me\/p5CDmr-2K","jetpack-related-posts":[{"id":833,"url":"https:\/\/www.achimbrueckner.de\/dxradio\/php\/wordpress\/?p=833","url_meta":{"origin":170,"position":0},"title":"Special QSLs for the 14th Birthday of the Electronic DXPress","author":"Administrator","date":"January 10, 2010","format":false,"excerpt":"To commemorate the 14th birthday of the Electronic DX Press Radio Monitoring Association (EDXP) on January 4, 2010, special QSLs are now being issued for all correct reception reports received up to the end of 2010 for the \"Radio EDXP\" programs hosted by various international shortwave broadcasters, titled \"The Australian\u2026","rel":"","context":"In &quot;English&quot;","block_context":{"text":"English","link":"https:\/\/www.achimbrueckner.de\/dxradio\/php\/wordpress\/?cat=2"},"img":{"alt_text":"","src":"","width":0,"height":0},"classes":[]},{"id":593,"url":"https:\/\/www.achimbrueckner.de\/dxradio\/php\/wordpress\/?p=593","url_meta":{"origin":170,"position":1},"title":"ADXB-OE QSL Radio Slovakia International","author":"Administrator","date":"October 15, 2009","format":false,"excerpt":"ADXB-OE QSL Radio Slovakia International http:\/\/blogs.rnw.nl\/medianetwork\/adxb-oe-qsl-action-in-cooperation-with-radio-slovakia-international","rel":"","context":"In &quot;English&quot;","block_context":{"text":"English","link":"https:\/\/www.achimbrueckner.de\/dxradio\/php\/wordpress\/?cat=2"},"img":{"alt_text":"","src":"","width":0,"height":0},"classes":[]},{"id":547,"url":"https:\/\/www.achimbrueckner.de\/dxradio\/php\/wordpress\/?p=547","url_meta":{"origin":170,"position":2},"title":"Radio Slovakia Sonder-QSL-Karte","author":"Administrator","date":"September 25, 2009","format":false,"excerpt":"Liebe Hobbyfreunde! Das Austrian DX Board (ADXB) f\u00fchrt in Zusammenarbeit mit Radio Slovakia International eine Aktion im Zeitraum im Zeitraum von November-2009 bis inklusive J\u00e4nner 2010 durch, bei der es eine Sonder-QSL Karte als Belohnung f\u00fcr korrekte Empfangsberichte geben wird. Anlass ist das 40 J\u00e4hrige Bestehen des ADXB, des einzigen\u2026","rel":"","context":"In &quot;contests&quot;","block_context":{"text":"contests","link":"https:\/\/www.achimbrueckner.de\/dxradio\/php\/wordpress\/?cat=6"},"img":{"alt_text":"","src":"","width":0,"height":0},"classes":[]},{"id":3953,"url":"https:\/\/www.achimbrueckner.de\/dxradio\/php\/wordpress\/?p=3953","url_meta":{"origin":170,"position":3},"title":"Shortwave Radio Recordings: Radio Berlin International, Final episode of DX-tra","author":"Administrator","date":"January 12, 2015","format":false,"excerpt":"http:\/\/swling.com\/blog\/2015\/01\/shortwave-radio-recordings-radio-berlin-international-final-episode-of-dx-tra\/","rel":"","context":"In &quot;dx&quot;","block_context":{"text":"dx","link":"https:\/\/www.achimbrueckner.de\/dxradio\/php\/wordpress\/?cat=14"},"img":{"alt_text":"","src":"","width":0,"height":0},"classes":[]},{"id":574,"url":"https:\/\/www.achimbrueckner.de\/dxradio\/php\/wordpress\/?p=574","url_meta":{"origin":170,"position":4},"title":"Radio Vlaanderen International to leave shortwave","author":"Administrator","date":"October 10, 2009","format":false,"excerpt":"Radio Vlaanderen International to leave shortwave on 24 October 2009. http:\/\/mt-shortwave.blogspot.com\/2009\/10\/radio-vlaanderen-international-to-leave.html Info via DXLD","rel":"","context":"In &quot;English&quot;","block_context":{"text":"English","link":"https:\/\/www.achimbrueckner.de\/dxradio\/php\/wordpress\/?cat=2"},"img":{"alt_text":"","src":"","width":0,"height":0},"classes":[]},{"id":7679,"url":"https:\/\/www.achimbrueckner.de\/dxradio\/php\/wordpress\/?p=7679","url_meta":{"origin":170,"position":5},"title":"Summer A-16 shortwave schedule of Alyx &#038; Yey clandestine stations","author":"Administrator","date":"February 25, 2016","format":false,"excerpt":"http:\/\/swldxbulgaria.blogspot.de\/2016\/02\/summer-16-shortwave-schedule-of-alyx.html","rel":"","context":"In &quot;dx&quot;","block_context":{"text":"dx","link":"https:\/\/www.achimbrueckner.de\/dxradio\/php\/wordpress\/?cat=14"},"img":{"alt_text":"","src":"","width":0,"height":0},"classes":[]}],"_links":{"self":[{"href":"https:\/\/www.achimbrueckner.de\/dxradio\/php\/wordpress\/index.php?rest_route=\/wp\/v2\/posts\/170","targetHints":{"allow":["GET"]}}],"collection":[{"href":"https:\/\/www.achimbrueckner.de\/dxradio\/php\/wordpress\/index.php?rest_route=\/wp\/v2\/posts"}],"about":[{"href":"https:\/\/www.achimbrueckner.de\/dxradio\/php\/wordpress\/index.php?rest_route=\/wp\/v2\/types\/post"}],"author":[{"embeddable":true,"href":"https:\/\/www.achimbrueckner.de\/dxradio\/php\/wordpress\/index.php?rest_route=\/wp\/v2\/users\/1"}],"replies":[{"embeddable":true,"href":"https:\/\/www.achimbrueckner.de\/dxradio\/php\/wordpress\/index.php?rest_route=%2Fwp%2Fv2%2Fcomments&post=170"}],"version-history":[{"count":0,"href":"https:\/\/www.achimbrueckner.de\/dxradio\/php\/wordpress\/index.php?rest_route=\/wp\/v2\/posts\/170\/revisions"}],"wp:attachment":[{"href":"https:\/\/www.achimbrueckner.de\/dxradio\/php\/wordpress\/index.php?rest_route=%2Fwp%2Fv2%2Fmedia&parent=170"}],"wp:term":[{"taxonomy":"category","embeddable":true,"href":"https:\/\/www.achimbrueckner.de\/dxradio\/php\/wordpress\/index.php?rest_route=%2Fwp%2Fv2%2Fcategories&post=170"},{"taxonomy":"post_tag","embeddable":true,"href":"https:\/\/www.achimbrueckner.de\/dxradio\/php\/wordpress\/index.php?rest_route=%2Fwp%2Fv2%2Ftags&post=170"}],"curies":[{"name":"wp","href":"https:\/\/api.w.org\/{rel}","templated":true}]}}