{"id":17010,"date":"2018-03-22T16:43:43","date_gmt":"2018-03-22T16:43:43","guid":{"rendered":"https:\/\/www.achimbrueckner.de\/dxradio\/php\/wordpress\/?p=17010"},"modified":"2018-03-22T16:43:43","modified_gmt":"2018-03-22T16:43:43","slug":"tlm-fordert-thuringer-burgerradios-mit-ca-1-mio-euro","status":"publish","type":"post","link":"https:\/\/www.achimbrueckner.de\/dxradio\/php\/wordpress\/?p=17010","title":{"rendered":"TLM f\u00f6rdert Th\u00fcringer B\u00fcrgerradios mit ca. 1 Mio. Euro"},"content":{"rendered":"<p><a href=\"http:\/\/www.radiowoche.de\/tlm-foerdert-thueringer-buergerradios-mit-ca-1-mio-euro\/\" rel=\"noopener\" target=\"_blank\">http:\/\/www.radiowoche.de\/tlm-foerdert-thueringer-buergerradios-mit-ca-1-mio-euro\/<\/a><\/p>\n","protected":false},"excerpt":{"rendered":"<p>http:\/\/www.radiowoche.de\/tlm-foerdert-thueringer-buergerradios-mit-ca-1-mio-euro\/<\/p>\n","protected":false},"author":1,"featured_media":0,"comment_status":"open","ping_status":"open","sticky":false,"template":"","format":"standard","meta":{"_jetpack_memberships_contains_paid_content":false,"footnotes":"","jetpack_publicize_message":"","jetpack_publicize_feature_enabled":true,"jetpack_social_post_already_shared":true,"jetpack_social_options":{"image_generator_settings":{"template":"highway","default_image_id":0,"font":"","enabled":false},"version":2}},"categories":[1],"tags":[],"class_list":["post-17010","post","type-post","status-publish","format-standard","hentry","category-deutsch"],"jetpack_publicize_connections":[],"jetpack_featured_media_url":"","jetpack_sharing_enabled":true,"jetpack_shortlink":"https:\/\/wp.me\/p5CDmr-4qm","jetpack-related-posts":[{"id":6742,"url":"https:\/\/www.achimbrueckner.de\/dxradio\/php\/wordpress\/?p=6742","url_meta":{"origin":17010,"position":0},"title":"\u201eNachtwanderung f\u00fcr die Ohren!\u201c \u2013 1.Kinderradionacht der Th\u00fcringer B\u00fcrgerradios","author":"Administrator","date":"December 4, 2015","format":false,"excerpt":"http:\/\/www.radiowoche.de\/nachtwanderung-fuer-die-ohren-1-kinderradionacht-der-thueringer-buergerradios\/","rel":"","context":"In &quot;Deutsch&quot;","block_context":{"text":"Deutsch","link":"https:\/\/www.achimbrueckner.de\/dxradio\/php\/wordpress\/?cat=1"},"img":{"alt_text":"","src":"","width":0,"height":0},"classes":[]},{"id":22908,"url":"https:\/\/www.achimbrueckner.de\/dxradio\/php\/wordpress\/?p=22908","url_meta":{"origin":17010,"position":1},"title":"Th\u00fcringer Medienanstalt schreibt UKW-Frequenzen der B\u00fcrgerradios neu aus","author":"Administrator","date":"April 27, 2019","format":false,"excerpt":"http:\/\/www.radiowoche.de\/thueringer-medienanstalt-schreibt-ukw-frequenzen-der-buergerradios-neu-aus\/","rel":"","context":"In &quot;Deutsch&quot;","block_context":{"text":"Deutsch","link":"https:\/\/www.achimbrueckner.de\/dxradio\/php\/wordpress\/?cat=1"},"img":{"alt_text":"","src":"","width":0,"height":0},"classes":[]},{"id":23826,"url":"https:\/\/www.achimbrueckner.de\/dxradio\/php\/wordpress\/?p=23826","url_meta":{"origin":17010,"position":2},"title":"Gr\u00fcne und SPD wollen bayerische B\u00fcrgerradios verl\u00e4sslich f\u00f6rdern","author":"Administrator","date":"July 16, 2019","format":false,"excerpt":"http:\/\/www.radiowoche.de\/gruene-und-spd-wollen-bayerische-buergerradios-verlaesslich-foerdern\/","rel":"","context":"In &quot;Deutsch&quot;","block_context":{"text":"Deutsch","link":"https:\/\/www.achimbrueckner.de\/dxradio\/php\/wordpress\/?cat=1"},"img":{"alt_text":"","src":"","width":0,"height":0},"classes":[]},{"id":6348,"url":"https:\/\/www.achimbrueckner.de\/dxradio\/php\/wordpress\/?p=6348","url_meta":{"origin":17010,"position":3},"title":"Neue B\u00fcrgerradios f\u00fcr Jena, Eisenach und Nordhausen lizenziert","author":"Administrator","date":"October 28, 2015","format":false,"excerpt":"http:\/\/www.radiowoche.de\/neue-buergerradios-fuer-jena-eisenach-und-nordhausen-lizenziert\/","rel":"","context":"In &quot;Deutsch&quot;","block_context":{"text":"Deutsch","link":"https:\/\/www.achimbrueckner.de\/dxradio\/php\/wordpress\/?cat=1"},"img":{"alt_text":"","src":"","width":0,"height":0},"classes":[]},{"id":28972,"url":"https:\/\/www.achimbrueckner.de\/dxradio\/php\/wordpress\/?p=28972","url_meta":{"origin":17010,"position":4},"title":"Landeshilfen: Th\u00fcringer Landtag bringt Corona-F\u00f6rderung f\u00fcr Medien auf den Weg","author":"Administrator","date":"June 5, 2020","format":false,"excerpt":"http:\/\/www.radiowoche.de\/landeshilfen-thueringer-landtag-bringt-corona-foerderung-fuer-medien-auf-den-weg\/","rel":"","context":"In &quot;Deutsch&quot;","block_context":{"text":"Deutsch","link":"https:\/\/www.achimbrueckner.de\/dxradio\/php\/wordpress\/?cat=1"},"img":{"alt_text":"","src":"","width":0,"height":0},"classes":[]},{"id":27267,"url":"https:\/\/www.achimbrueckner.de\/dxradio\/php\/wordpress\/?p=27267","url_meta":{"origin":17010,"position":5},"title":"Th\u00fcringen: Neue H\u00f6rfunkanalyse der TLM erschienen","author":"Administrator","date":"February 21, 2020","format":false,"excerpt":"https:\/\/www.radioszene.de\/140986\/thueringen-tlm-hoerfunkanalyse-2020.html","rel":"","context":"In &quot;Deutsch&quot;","block_context":{"text":"Deutsch","link":"https:\/\/www.achimbrueckner.de\/dxradio\/php\/wordpress\/?cat=1"},"img":{"alt_text":"","src":"","width":0,"height":0},"classes":[]}],"_links":{"self":[{"href":"https:\/\/www.achimbrueckner.de\/dxradio\/php\/wordpress\/index.php?rest_route=\/wp\/v2\/posts\/17010","targetHints":{"allow":["GET"]}}],"collection":[{"href":"https:\/\/www.achimbrueckner.de\/dxradio\/php\/wordpress\/index.php?rest_route=\/wp\/v2\/posts"}],"about":[{"href":"https:\/\/www.achimbrueckner.de\/dxradio\/php\/wordpress\/index.php?rest_route=\/wp\/v2\/types\/post"}],"author":[{"embeddable":true,"href":"https:\/\/www.achimbrueckner.de\/dxradio\/php\/wordpress\/index.php?rest_route=\/wp\/v2\/users\/1"}],"replies":[{"embeddable":true,"href":"https:\/\/www.achimbrueckner.de\/dxradio\/php\/wordpress\/index.php?rest_route=%2Fwp%2Fv2%2Fcomments&post=17010"}],"version-history":[{"count":0,"href":"https:\/\/www.achimbrueckner.de\/dxradio\/php\/wordpress\/index.php?rest_route=\/wp\/v2\/posts\/17010\/revisions"}],"wp:attachment":[{"href":"https:\/\/www.achimbrueckner.de\/dxradio\/php\/wordpress\/index.php?rest_route=%2Fwp%2Fv2%2Fmedia&parent=17010"}],"wp:term":[{"taxonomy":"category","embeddable":true,"href":"https:\/\/www.achimbrueckner.de\/dxradio\/php\/wordpress\/index.php?rest_route=%2Fwp%2Fv2%2Fcategories&post=17010"},{"taxonomy":"post_tag","embeddable":true,"href":"https:\/\/www.achimbrueckner.de\/dxradio\/php\/wordpress\/index.php?rest_route=%2Fwp%2Fv2%2Ftags&post=17010"}],"curies":[{"name":"wp","href":"https:\/\/api.w.org\/{rel}","templated":true}]}}