{"id":17298,"date":"2018-04-11T14:07:17","date_gmt":"2018-04-11T14:07:17","guid":{"rendered":"https:\/\/www.achimbrueckner.de\/dxradio\/php\/wordpress\/?p=17298"},"modified":"2018-04-11T14:07:17","modified_gmt":"2018-04-11T14:07:17","slug":"mdr-horfunk-weiter-uber-ukw-empfangbar","status":"publish","type":"post","link":"https:\/\/www.achimbrueckner.de\/dxradio\/php\/wordpress\/?p=17298","title":{"rendered":"MDR H\u00f6rfunk weiter \u00fcber UKW empfangbar"},"content":{"rendered":"<p><a href=\"https:\/\/www.mdr.de\/mediathek\/mdr-videos\/c\/video-188554.html\" rel=\"noopener\" target=\"_blank\">https:\/\/www.mdr.de\/mediathek\/mdr-videos\/c\/video-188554.html<\/a><\/p>\n","protected":false},"excerpt":{"rendered":"<p>https:\/\/www.mdr.de\/mediathek\/mdr-videos\/c\/video-188554.html<\/p>\n","protected":false},"author":1,"featured_media":0,"comment_status":"open","ping_status":"open","sticky":false,"template":"","format":"standard","meta":{"_jetpack_memberships_contains_paid_content":false,"footnotes":"","jetpack_publicize_message":"","jetpack_publicize_feature_enabled":true,"jetpack_social_post_already_shared":true,"jetpack_social_options":{"image_generator_settings":{"template":"highway","default_image_id":0,"font":"","enabled":false},"version":2}},"categories":[1,3,17],"tags":[42,25,46,27],"class_list":["post-17298","post","type-post","status-publish","format-standard","hentry","category-deutsch","category-empfang","category-media","tag-empfang","tag-horfunk","tag-media","tag-ukw"],"jetpack_publicize_connections":[],"jetpack_featured_media_url":"","jetpack_sharing_enabled":true,"jetpack_shortlink":"https:\/\/wp.me\/p5CDmr-4v0","jetpack-related-posts":[{"id":30381,"url":"https:\/\/www.achimbrueckner.de\/dxradio\/php\/wordpress\/?p=30381","url_meta":{"origin":17298,"position":0},"title":"DAB+: Wieso empfange ich nicht alle Sender, die ich auch \u00fcber UKW empfange?","author":"Administrator","date":"October 11, 2020","format":false,"excerpt":"https:\/\/www.mdr.de\/mdr-thueringen\/redakteur-dab-plus-empfang-ukw-sender-100.html","rel":"","context":"In &quot;Deutsch&quot;","block_context":{"text":"Deutsch","link":"https:\/\/www.achimbrueckner.de\/dxradio\/php\/wordpress\/?cat=1"},"img":{"alt_text":"","src":"","width":0,"height":0},"classes":[]},{"id":7808,"url":"https:\/\/www.achimbrueckner.de\/dxradio\/php\/wordpress\/?p=7808","url_meta":{"origin":17298,"position":1},"title":"H\u00f6rfunk \u00fcber UKW, DAB+ und Internet im Auto Empfangsbest\u00e4tigung","author":"Administrator","date":"March 13, 2016","format":false,"excerpt":"http:\/\/www.heise.de\/autos\/artikel\/Hoerfunk-ueber-UKW-DAB-und-Internet-im-Auto-3131578.html","rel":"","context":"In &quot;Deutsch&quot;","block_context":{"text":"Deutsch","link":"https:\/\/www.achimbrueckner.de\/dxradio\/php\/wordpress\/?cat=1"},"img":{"alt_text":"","src":"","width":0,"height":0},"classes":[]},{"id":39906,"url":"https:\/\/www.achimbrueckner.de\/dxradio\/php\/wordpress\/?p=39906","url_meta":{"origin":17298,"position":2},"title":"Kulturnacht 70 Jahre UKW auf den Inselsberg","author":"Administrator","date":"July 24, 2023","format":false,"excerpt":"https:\/\/www.mdr.de\/mdr-thueringen\/podcast\/kulturnacht\/audio-radio-ukw-empfang-inselsberg-100.html","rel":"","context":"In &quot;Deutsch&quot;","block_context":{"text":"Deutsch","link":"https:\/\/www.achimbrueckner.de\/dxradio\/php\/wordpress\/?cat=1"},"img":{"alt_text":"","src":"","width":0,"height":0},"classes":[]},{"id":19791,"url":"https:\/\/www.achimbrueckner.de\/dxradio\/php\/wordpress\/?p=19791","url_meta":{"origin":17298,"position":3},"title":"Blinde Eltern","author":"Administrator","date":"October 27, 2018","format":false,"excerpt":"https:\/\/www.mdr.de\/mediathek\/mdr-videos\/c\/video-227736.html","rel":"","context":"In &quot;Deutsch&quot;","block_context":{"text":"Deutsch","link":"https:\/\/www.achimbrueckner.de\/dxradio\/php\/wordpress\/?cat=1"},"img":{"alt_text":"","src":"","width":0,"height":0},"classes":[]},{"id":22104,"url":"https:\/\/www.achimbrueckner.de\/dxradio\/php\/wordpress\/?p=22104","url_meta":{"origin":17298,"position":4},"title":"Fr\u00fchlingserwachen beim Dresdener Fernsehturm","author":"Administrator","date":"March 13, 2019","format":false,"excerpt":"https:\/\/www.mdr.de\/mediathek\/mdr-videos\/c\/video-282352.html","rel":"","context":"In &quot;Deutsch&quot;","block_context":{"text":"Deutsch","link":"https:\/\/www.achimbrueckner.de\/dxradio\/php\/wordpress\/?cat=1"},"img":{"alt_text":"","src":"","width":0,"height":0},"classes":[]},{"id":18456,"url":"https:\/\/www.achimbrueckner.de\/dxradio\/php\/wordpress\/?p=18456","url_meta":{"origin":17298,"position":5},"title":"Amateurfunker messen sich in Wittenberg","author":"Administrator","date":"July 12, 2018","format":false,"excerpt":"https:\/\/www.mdr.de\/mediathek\/mdr-videos\/a\/video-212268.html","rel":"","context":"In &quot;Deutsch&quot;","block_context":{"text":"Deutsch","link":"https:\/\/www.achimbrueckner.de\/dxradio\/php\/wordpress\/?cat=1"},"img":{"alt_text":"","src":"","width":0,"height":0},"classes":[]}],"_links":{"self":[{"href":"https:\/\/www.achimbrueckner.de\/dxradio\/php\/wordpress\/index.php?rest_route=\/wp\/v2\/posts\/17298","targetHints":{"allow":["GET"]}}],"collection":[{"href":"https:\/\/www.achimbrueckner.de\/dxradio\/php\/wordpress\/index.php?rest_route=\/wp\/v2\/posts"}],"about":[{"href":"https:\/\/www.achimbrueckner.de\/dxradio\/php\/wordpress\/index.php?rest_route=\/wp\/v2\/types\/post"}],"author":[{"embeddable":true,"href":"https:\/\/www.achimbrueckner.de\/dxradio\/php\/wordpress\/index.php?rest_route=\/wp\/v2\/users\/1"}],"replies":[{"embeddable":true,"href":"https:\/\/www.achimbrueckner.de\/dxradio\/php\/wordpress\/index.php?rest_route=%2Fwp%2Fv2%2Fcomments&post=17298"}],"version-history":[{"count":0,"href":"https:\/\/www.achimbrueckner.de\/dxradio\/php\/wordpress\/index.php?rest_route=\/wp\/v2\/posts\/17298\/revisions"}],"wp:attachment":[{"href":"https:\/\/www.achimbrueckner.de\/dxradio\/php\/wordpress\/index.php?rest_route=%2Fwp%2Fv2%2Fmedia&parent=17298"}],"wp:term":[{"taxonomy":"category","embeddable":true,"href":"https:\/\/www.achimbrueckner.de\/dxradio\/php\/wordpress\/index.php?rest_route=%2Fwp%2Fv2%2Fcategories&post=17298"},{"taxonomy":"post_tag","embeddable":true,"href":"https:\/\/www.achimbrueckner.de\/dxradio\/php\/wordpress\/index.php?rest_route=%2Fwp%2Fv2%2Ftags&post=17298"}],"curies":[{"name":"wp","href":"https:\/\/api.w.org\/{rel}","templated":true}]}}