{"id":17303,"date":"2018-04-12T14:42:51","date_gmt":"2018-04-12T14:42:51","guid":{"rendered":"https:\/\/www.achimbrueckner.de\/dxradio\/php\/wordpress\/?p=17303"},"modified":"2018-04-12T14:42:51","modified_gmt":"2018-04-12T14:42:51","slug":"60-jahre-ukw-in-berlin","status":"publish","type":"post","link":"https:\/\/www.achimbrueckner.de\/dxradio\/php\/wordpress\/?p=17303","title":{"rendered":"60 JAHRE UKW IN BERLIN"},"content":{"rendered":"<p><a href=\"http:\/\/www.wwwagner.tv\/?p=32954\" rel=\"noopener\" target=\"_blank\">http:\/\/www.wwwagner.tv\/?p=32954<\/a><\/p>\n","protected":false},"excerpt":{"rendered":"<p>http:\/\/www.wwwagner.tv\/?p=32954<\/p>\n","protected":false},"author":1,"featured_media":0,"comment_status":"open","ping_status":"open","sticky":false,"template":"","format":"standard","meta":{"_jetpack_memberships_contains_paid_content":false,"footnotes":"","jetpack_publicize_message":"","jetpack_publicize_feature_enabled":true,"jetpack_social_post_already_shared":true,"jetpack_social_options":{"image_generator_settings":{"template":"highway","default_image_id":0,"font":"","enabled":false},"version":2}},"categories":[1],"tags":[27],"class_list":["post-17303","post","type-post","status-publish","format-standard","hentry","category-deutsch","tag-ukw"],"jetpack_publicize_connections":[],"jetpack_featured_media_url":"","jetpack_sharing_enabled":true,"jetpack_shortlink":"https:\/\/wp.me\/p5CDmr-4v5","jetpack-related-posts":[{"id":17537,"url":"https:\/\/www.achimbrueckner.de\/dxradio\/php\/wordpress\/?p=17537","url_meta":{"origin":17303,"position":0},"title":"DIE ZUKUNFT VON UKW \u2013 LUFTHOHEIT AM SENDEMAST","author":"Administrator","date":"April 28, 2018","format":false,"excerpt":"http:\/\/www.wwwagner.tv\/?p=39821","rel":"","context":"In &quot;Deutsch&quot;","block_context":{"text":"Deutsch","link":"https:\/\/www.achimbrueckner.de\/dxradio\/php\/wordpress\/?cat=1"},"img":{"alt_text":"","src":"","width":0,"height":0},"classes":[]},{"id":17772,"url":"https:\/\/www.achimbrueckner.de\/dxradio\/php\/wordpress\/?p=17772","url_meta":{"origin":17303,"position":1},"title":"DIE UKW-KRISE AUS SICHT DER MEDIA BROADCAST","author":"Administrator","date":"May 15, 2018","format":false,"excerpt":"http:\/\/www.wwwagner.tv\/?p=39887","rel":"","context":"In &quot;Deutsch&quot;","block_context":{"text":"Deutsch","link":"https:\/\/www.achimbrueckner.de\/dxradio\/php\/wordpress\/?cat=1"},"img":{"alt_text":"","src":"","width":0,"height":0},"classes":[]},{"id":435,"url":"https:\/\/www.achimbrueckner.de\/dxradio\/php\/wordpress\/?p=435","url_meta":{"origin":17303,"position":2},"title":"K\u00fcrzere Wellen f\u00fcr besseren Klang: 60 Jahre UKW-Radio","author":"Administrator","date":"February 26, 2009","format":false,"excerpt":"Donnerstag | 26.02.2009 | 18.05 Uhr Bayern2 K\u00fcrzere Wellen f\u00fcr besseren Klang : 60 Jahre UKW-Radio Vor 60 Jahren wurde aus einer Notlage heraus das UKW-Rundfunksystem in Deutschland entwickelt. Ein Gl\u00fcck f\u00fcr die H\u00f6rer: Denn UKW brachte ihnen vieleVorteile. Ein Feature von David Globig Info via Paul Gager auf A-DX","rel":"","context":"In &quot;Deutsch&quot;","block_context":{"text":"Deutsch","link":"https:\/\/www.achimbrueckner.de\/dxradio\/php\/wordpress\/?cat=1"},"img":{"alt_text":"","src":"","width":0,"height":0},"classes":[]},{"id":39927,"url":"https:\/\/www.achimbrueckner.de\/dxradio\/php\/wordpress\/?p=39927","url_meta":{"origin":17303,"position":3},"title":"60 Jahre UKW-Stereo in Deutschland: Raumklang im Schneckentempo","author":"Administrator","date":"July 29, 2023","format":false,"excerpt":"https:\/\/www.heise.de\/hintergrund\/60-Jahre-UKW-Stereo-in-Deutschland-Raumklang-im-Schneckentempo-9229515.html","rel":"","context":"In &quot;Deutsch&quot;","block_context":{"text":"Deutsch","link":"https:\/\/www.achimbrueckner.de\/dxradio\/php\/wordpress\/?cat=1"},"img":{"alt_text":"","src":"","width":0,"height":0},"classes":[]},{"id":5943,"url":"https:\/\/www.achimbrueckner.de\/dxradio\/php\/wordpress\/?p=5943","url_meta":{"origin":17303,"position":4},"title":"Nachlese zur 60. UKW-Tagung 2015 60 Jahre Treffpunkt f\u00fcr Technikbegeisterte","author":"Administrator","date":"September 14, 2015","format":false,"excerpt":"http:\/\/www.darc.de\/aktuelles\/details\/article\/60-jahre-treffpunkt-fuer-technikbegeisterte\/","rel":"","context":"In &quot;camps&quot;","block_context":{"text":"camps","link":"https:\/\/www.achimbrueckner.de\/dxradio\/php\/wordpress\/?cat=5"},"img":{"alt_text":"","src":"","width":0,"height":0},"classes":[]},{"id":7059,"url":"https:\/\/www.achimbrueckner.de\/dxradio\/php\/wordpress\/?p=7059","url_meta":{"origin":17303,"position":5},"title":"65 Jahre UKW: Die Welle der Freude","author":"Administrator","date":"December 26, 2015","format":false,"excerpt":"http:\/\/www.ndr.de\/kultur\/geschichte\/65-Jahre-UKW-Die-Welle-der-Freude,ukwradio102.html","rel":"","context":"In &quot;Deutsch&quot;","block_context":{"text":"Deutsch","link":"https:\/\/www.achimbrueckner.de\/dxradio\/php\/wordpress\/?cat=1"},"img":{"alt_text":"","src":"","width":0,"height":0},"classes":[]}],"_links":{"self":[{"href":"https:\/\/www.achimbrueckner.de\/dxradio\/php\/wordpress\/index.php?rest_route=\/wp\/v2\/posts\/17303","targetHints":{"allow":["GET"]}}],"collection":[{"href":"https:\/\/www.achimbrueckner.de\/dxradio\/php\/wordpress\/index.php?rest_route=\/wp\/v2\/posts"}],"about":[{"href":"https:\/\/www.achimbrueckner.de\/dxradio\/php\/wordpress\/index.php?rest_route=\/wp\/v2\/types\/post"}],"author":[{"embeddable":true,"href":"https:\/\/www.achimbrueckner.de\/dxradio\/php\/wordpress\/index.php?rest_route=\/wp\/v2\/users\/1"}],"replies":[{"embeddable":true,"href":"https:\/\/www.achimbrueckner.de\/dxradio\/php\/wordpress\/index.php?rest_route=%2Fwp%2Fv2%2Fcomments&post=17303"}],"version-history":[{"count":0,"href":"https:\/\/www.achimbrueckner.de\/dxradio\/php\/wordpress\/index.php?rest_route=\/wp\/v2\/posts\/17303\/revisions"}],"wp:attachment":[{"href":"https:\/\/www.achimbrueckner.de\/dxradio\/php\/wordpress\/index.php?rest_route=%2Fwp%2Fv2%2Fmedia&parent=17303"}],"wp:term":[{"taxonomy":"category","embeddable":true,"href":"https:\/\/www.achimbrueckner.de\/dxradio\/php\/wordpress\/index.php?rest_route=%2Fwp%2Fv2%2Fcategories&post=17303"},{"taxonomy":"post_tag","embeddable":true,"href":"https:\/\/www.achimbrueckner.de\/dxradio\/php\/wordpress\/index.php?rest_route=%2Fwp%2Fv2%2Ftags&post=17303"}],"curies":[{"name":"wp","href":"https:\/\/api.w.org\/{rel}","templated":true}]}}