{"id":17319,"date":"2018-04-13T23:07:02","date_gmt":"2018-04-13T23:07:02","guid":{"rendered":"https:\/\/www.achimbrueckner.de\/dxradio\/php\/wordpress\/?p=17319"},"modified":"2018-04-13T23:07:02","modified_gmt":"2018-04-13T23:07:02","slug":"zeit-ist-reif-fur-podcasts-die-kunden-noch-nicht","status":"publish","type":"post","link":"https:\/\/www.achimbrueckner.de\/dxradio\/php\/wordpress\/?p=17319","title":{"rendered":"Zeit ist reif f\u00fcr Podcasts, die Kunden noch nicht"},"content":{"rendered":"<p><a href=\"http:\/\/www.horizont.net\/medien\/nachrichten\/Radio-Advertising-Summit-Zeit-ist-reif-fuer-Podcasts-die-Kunden-noch-nicht-166259\" rel=\"noopener\" target=\"_blank\">http:\/\/www.horizont.net\/medien\/nachrichten\/Radio-Advertising-Summit-Zeit-ist-reif-fuer-Podcasts-die-Kunden-noch-nicht-166259<\/a><\/p>\n","protected":false},"excerpt":{"rendered":"<p>http:\/\/www.horizont.net\/medien\/nachrichten\/Radio-Advertising-Summit-Zeit-ist-reif-fuer-Podcasts-die-Kunden-noch-nicht-166259<\/p>\n","protected":false},"author":1,"featured_media":0,"comment_status":"open","ping_status":"open","sticky":false,"template":"","format":"standard","meta":{"_jetpack_memberships_contains_paid_content":false,"footnotes":"","jetpack_publicize_message":"","jetpack_publicize_feature_enabled":true,"jetpack_social_post_already_shared":true,"jetpack_social_options":{"image_generator_settings":{"template":"highway","default_image_id":0,"font":"","enabled":false},"version":2}},"categories":[1,15],"tags":[45],"class_list":["post-17319","post","type-post","status-publish","format-standard","hentry","category-deutsch","category-medien","tag-medien"],"jetpack_publicize_connections":[],"jetpack_featured_media_url":"","jetpack_sharing_enabled":true,"jetpack_shortlink":"https:\/\/wp.me\/p5CDmr-4vl","jetpack-related-posts":[{"id":18138,"url":"https:\/\/www.achimbrueckner.de\/dxradio\/php\/wordpress\/?p=18138","url_meta":{"origin":17319,"position":0},"title":"\u00abDie Zeit ist reif f\u00fcr DAB+\u00bb","author":"Administrator","date":"June 9, 2018","format":false,"excerpt":"https:\/\/www.srgd.ch\/de\/aktuelles\/news\/2018\/06\/08\/die-zeit-ist-reif-fur-dab\/","rel":"","context":"In &quot;Deutsch&quot;","block_context":{"text":"Deutsch","link":"https:\/\/www.achimbrueckner.de\/dxradio\/php\/wordpress\/?cat=1"},"img":{"alt_text":"","src":"","width":0,"height":0},"classes":[]},{"id":4190,"url":"https:\/\/www.achimbrueckner.de\/dxradio\/php\/wordpress\/?p=4190","url_meta":{"origin":17319,"position":1},"title":"MARCEL REIF Die Medienkrise kommt im Fu\u00dfball an","author":"Administrator","date":"March 8, 2015","format":false,"excerpt":"http:\/\/www.zeit.de\/sport\/2015-03\/marcel-reif-journalismus-medienkrise","rel":"","context":"In &quot;Deutsch&quot;","block_context":{"text":"Deutsch","link":"https:\/\/www.achimbrueckner.de\/dxradio\/php\/wordpress\/?cat=1"},"img":{"alt_text":"","src":"","width":0,"height":0},"classes":[]},{"id":29334,"url":"https:\/\/www.achimbrueckner.de\/dxradio\/php\/wordpress\/?p=29334","url_meta":{"origin":17319,"position":2},"title":"Podcasts in \u00d6sterreich: &#8220;Noch in den Babyschuhen&#8221;","author":"Administrator","date":"July 5, 2020","format":false,"excerpt":"https:\/\/kurier.at\/kultur\/medien\/podcasts-in-oesterreich-noch-in-den-babyschuhen\/400947854","rel":"","context":"In &quot;Deutsch&quot;","block_context":{"text":"Deutsch","link":"https:\/\/www.achimbrueckner.de\/dxradio\/php\/wordpress\/?cat=1"},"img":{"alt_text":"","src":"","width":0,"height":0},"classes":[]},{"id":458,"url":"https:\/\/www.achimbrueckner.de\/dxradio\/php\/wordpress\/?p=458","url_meta":{"origin":17319,"position":3},"title":"Medienmagazin","author":"Administrator","date":"May 25, 2009","format":false,"excerpt":"Hallo zusammen, einige Hobbyfreunde haben es sicher bereits bemerkt: Der seit einem Jahr angestammte Sendeplatz f\u00fcr das Medienmagazin bei Radio 700 und Radio Transsylania International am Samstagnachmittag steht nicht mehr zur Verf\u00fcgung. Es gibt nun neue Sendepl\u00e4tze, auf denen die Sendung zum Teil bereits seit einiger Zeit parallel zu empfangen\u2026","rel":"","context":"In &quot;Deutsch&quot;","block_context":{"text":"Deutsch","link":"https:\/\/www.achimbrueckner.de\/dxradio\/php\/wordpress\/?cat=1"},"img":{"alt_text":"","src":"","width":0,"height":0},"classes":[]},{"id":28896,"url":"https:\/\/www.achimbrueckner.de\/dxradio\/php\/wordpress\/?p=28896","url_meta":{"origin":17319,"position":4},"title":"Kinder-Podcasts, die auch Eltern gefallen","author":"Administrator","date":"May 31, 2020","format":false,"excerpt":"https:\/\/www.sueddeutsche.de\/medien\/podcasts-podcast-tipps-kinder-podcasts-1.4921996","rel":"","context":"In &quot;Deutsch&quot;","block_context":{"text":"Deutsch","link":"https:\/\/www.achimbrueckner.de\/dxradio\/php\/wordpress\/?cat=1"},"img":{"alt_text":"","src":"","width":0,"height":0},"classes":[]},{"id":13976,"url":"https:\/\/www.achimbrueckner.de\/dxradio\/php\/wordpress\/?p=13976","url_meta":{"origin":17319,"position":5},"title":"Podcasts Netflix f\u00fcr die Ohren","author":"Administrator","date":"August 1, 2017","format":false,"excerpt":"http:\/\/www.sueddeutsche.de\/medien\/podcasts-netflix-fuer-die-ohren-1.3610414","rel":"","context":"In &quot;Deutsch&quot;","block_context":{"text":"Deutsch","link":"https:\/\/www.achimbrueckner.de\/dxradio\/php\/wordpress\/?cat=1"},"img":{"alt_text":"","src":"","width":0,"height":0},"classes":[]}],"_links":{"self":[{"href":"https:\/\/www.achimbrueckner.de\/dxradio\/php\/wordpress\/index.php?rest_route=\/wp\/v2\/posts\/17319","targetHints":{"allow":["GET"]}}],"collection":[{"href":"https:\/\/www.achimbrueckner.de\/dxradio\/php\/wordpress\/index.php?rest_route=\/wp\/v2\/posts"}],"about":[{"href":"https:\/\/www.achimbrueckner.de\/dxradio\/php\/wordpress\/index.php?rest_route=\/wp\/v2\/types\/post"}],"author":[{"embeddable":true,"href":"https:\/\/www.achimbrueckner.de\/dxradio\/php\/wordpress\/index.php?rest_route=\/wp\/v2\/users\/1"}],"replies":[{"embeddable":true,"href":"https:\/\/www.achimbrueckner.de\/dxradio\/php\/wordpress\/index.php?rest_route=%2Fwp%2Fv2%2Fcomments&post=17319"}],"version-history":[{"count":0,"href":"https:\/\/www.achimbrueckner.de\/dxradio\/php\/wordpress\/index.php?rest_route=\/wp\/v2\/posts\/17319\/revisions"}],"wp:attachment":[{"href":"https:\/\/www.achimbrueckner.de\/dxradio\/php\/wordpress\/index.php?rest_route=%2Fwp%2Fv2%2Fmedia&parent=17319"}],"wp:term":[{"taxonomy":"category","embeddable":true,"href":"https:\/\/www.achimbrueckner.de\/dxradio\/php\/wordpress\/index.php?rest_route=%2Fwp%2Fv2%2Fcategories&post=17319"},{"taxonomy":"post_tag","embeddable":true,"href":"https:\/\/www.achimbrueckner.de\/dxradio\/php\/wordpress\/index.php?rest_route=%2Fwp%2Fv2%2Ftags&post=17319"}],"curies":[{"name":"wp","href":"https:\/\/api.w.org\/{rel}","templated":true}]}}