{"id":1732,"date":"2011-08-05T08:40:53","date_gmt":"2011-08-05T08:40:53","guid":{"rendered":"https:\/\/www.achimbrueckner.de\/dxradio\/php\/wordpress\/?p=1732"},"modified":"2011-08-05T08:40:54","modified_gmt":"2011-08-05T08:40:54","slug":"neue-horerzahlen-aus-grosbritannien-erstaunlicher-zuwachs","status":"publish","type":"post","link":"https:\/\/www.achimbrueckner.de\/dxradio\/php\/wordpress\/?p=1732","title":{"rendered":"Neue H\u00f6rerzahlen aus Gro\u00dfbritannien: erstaunlicher Zuwachs"},"content":{"rendered":"<p>Neue H\u00f6rerzahlen aus Gro\u00dfbritannien: erstaunlicher Zuwachs<\/p>\n<p><a href=\"http:\/\/www.radioszene.de\/28332\/neue-hoererzahlen-aus-grossbritannien-erstaunlicher-zuwachs.html\" target=\"_blank\">http:\/\/www.radioszene.de\/28332\/neue-hoererzahlen-aus-grossbritannien-erstaunlicher-zuwachs.html<\/a><\/p>\n","protected":false},"excerpt":{"rendered":"<p>Neue H\u00f6rerzahlen aus Gro\u00dfbritannien: erstaunlicher Zuwachs http:\/\/www.radioszene.de\/28332\/neue-hoererzahlen-aus-grossbritannien-erstaunlicher-zuwachs.html<\/p>\n","protected":false},"author":1,"featured_media":0,"comment_status":"open","ping_status":"open","sticky":false,"template":"","format":"standard","meta":{"_jetpack_memberships_contains_paid_content":false,"footnotes":"","jetpack_publicize_message":"","jetpack_publicize_feature_enabled":true,"jetpack_social_post_already_shared":false,"jetpack_social_options":{"image_generator_settings":{"template":"highway","default_image_id":0,"font":"","enabled":false},"version":2}},"categories":[1],"tags":[41],"class_list":["post-1732","post","type-post","status-publish","format-standard","hentry","category-deutsch","tag-radioszene"],"jetpack_publicize_connections":[],"jetpack_featured_media_url":"","jetpack_sharing_enabled":true,"jetpack_shortlink":"https:\/\/wp.me\/p5CDmr-rW","jetpack-related-posts":[{"id":1551,"url":"https:\/\/www.achimbrueckner.de\/dxradio\/php\/wordpress\/?p=1551","url_meta":{"origin":1732,"position":0},"title":"Neue H\u00f6rerzahlen aus Gro\u00dfbritannien","author":"Administrator","date":"May 16, 2011","format":false,"excerpt":"Neue H\u00f6rerzahlen aus Gro\u00dfbritannien http:\/\/www.radioszene.de\/24717\/neue-hoererzahlen-aus-grossbritannien.html","rel":"","context":"In &quot;Deutsch&quot;","block_context":{"text":"Deutsch","link":"https:\/\/www.achimbrueckner.de\/dxradio\/php\/wordpress\/?cat=1"},"img":{"alt_text":"","src":"","width":0,"height":0},"classes":[]},{"id":23203,"url":"https:\/\/www.achimbrueckner.de\/dxradio\/php\/wordpress\/?p=23203","url_meta":{"origin":1732,"position":1},"title":"DAB+ in Gro\u00dfbritannien: Steigende H\u00f6rerzahlen und Rekordwerte","author":"Administrator","date":"May 23, 2019","format":false,"excerpt":"https:\/\/www.radioszene.de\/133228\/dab-grossbritannien-hoererzahlen.html","rel":"","context":"In &quot;Deutsch&quot;","block_context":{"text":"Deutsch","link":"https:\/\/www.achimbrueckner.de\/dxradio\/php\/wordpress\/?cat=1"},"img":{"alt_text":"","src":"","width":0,"height":0},"classes":[]},{"id":23166,"url":"https:\/\/www.achimbrueckner.de\/dxradio\/php\/wordpress\/?p=23166","url_meta":{"origin":1732,"position":2},"title":"DAB+ in Gro\u00dfbritannien: Steigende H\u00f6rerzahlen und Rekordwerte","author":"Administrator","date":"May 20, 2019","format":false,"excerpt":"https:\/\/www.dabplus.de\/2019\/05\/20\/dab-in-grossbritannien-steigende-hoererzahlen-und-rekordwerte\/","rel":"","context":"In &quot;Deutsch&quot;","block_context":{"text":"Deutsch","link":"https:\/\/www.achimbrueckner.de\/dxradio\/php\/wordpress\/?cat=1"},"img":{"alt_text":"","src":"","width":0,"height":0},"classes":[]},{"id":41699,"url":"https:\/\/www.achimbrueckner.de\/dxradio\/php\/wordpress\/?p=41699","url_meta":{"origin":1732,"position":3},"title":"Global startet zw\u00f6lf neue Radioprogramme in Gro\u00dfbritannien","author":"Administrator","date":"September 13, 2024","format":false,"excerpt":"https:\/\/www.radioblog.eu\/2024\/09\/13\/global-startet-zwoelf-neue-radioprogramme-in-grossbritannien\/","rel":"","context":"In &quot;Deutsch&quot;","block_context":{"text":"Deutsch","link":"https:\/\/www.achimbrueckner.de\/dxradio\/php\/wordpress\/?cat=1"},"img":{"alt_text":"","src":"","width":0,"height":0},"classes":[]},{"id":24609,"url":"https:\/\/www.achimbrueckner.de\/dxradio\/php\/wordpress\/?p=24609","url_meta":{"origin":1732,"position":4},"title":"Gro\u00dfbritannien: Global Radio startet f\u00fcnf neue Digital-Programme","author":"Administrator","date":"September 3, 2019","format":false,"excerpt":"http:\/\/www.radiowoche.de\/grossbritannien-global-radio-startet-fuenf-neue-digital-programme\/","rel":"","context":"In &quot;Deutsch&quot;","block_context":{"text":"Deutsch","link":"https:\/\/www.achimbrueckner.de\/dxradio\/php\/wordpress\/?cat=1"},"img":{"alt_text":"","src":"","width":0,"height":0},"classes":[]},{"id":20585,"url":"https:\/\/www.achimbrueckner.de\/dxradio\/php\/wordpress\/?p=20585","url_meta":{"origin":1732,"position":5},"title":"Digitalradio in Gro\u00dfbritannien: Virgin Radio startet zwei neue Ableger","author":"Administrator","date":"December 28, 2018","format":false,"excerpt":"http:\/\/www.radiowoche.de\/digitalradio-in-grossbritannien-virgin-radio-startet-zwei-neue-ableger\/","rel":"","context":"In &quot;Deutsch&quot;","block_context":{"text":"Deutsch","link":"https:\/\/www.achimbrueckner.de\/dxradio\/php\/wordpress\/?cat=1"},"img":{"alt_text":"","src":"","width":0,"height":0},"classes":[]}],"_links":{"self":[{"href":"https:\/\/www.achimbrueckner.de\/dxradio\/php\/wordpress\/index.php?rest_route=\/wp\/v2\/posts\/1732","targetHints":{"allow":["GET"]}}],"collection":[{"href":"https:\/\/www.achimbrueckner.de\/dxradio\/php\/wordpress\/index.php?rest_route=\/wp\/v2\/posts"}],"about":[{"href":"https:\/\/www.achimbrueckner.de\/dxradio\/php\/wordpress\/index.php?rest_route=\/wp\/v2\/types\/post"}],"author":[{"embeddable":true,"href":"https:\/\/www.achimbrueckner.de\/dxradio\/php\/wordpress\/index.php?rest_route=\/wp\/v2\/users\/1"}],"replies":[{"embeddable":true,"href":"https:\/\/www.achimbrueckner.de\/dxradio\/php\/wordpress\/index.php?rest_route=%2Fwp%2Fv2%2Fcomments&post=1732"}],"version-history":[{"count":0,"href":"https:\/\/www.achimbrueckner.de\/dxradio\/php\/wordpress\/index.php?rest_route=\/wp\/v2\/posts\/1732\/revisions"}],"wp:attachment":[{"href":"https:\/\/www.achimbrueckner.de\/dxradio\/php\/wordpress\/index.php?rest_route=%2Fwp%2Fv2%2Fmedia&parent=1732"}],"wp:term":[{"taxonomy":"category","embeddable":true,"href":"https:\/\/www.achimbrueckner.de\/dxradio\/php\/wordpress\/index.php?rest_route=%2Fwp%2Fv2%2Fcategories&post=1732"},{"taxonomy":"post_tag","embeddable":true,"href":"https:\/\/www.achimbrueckner.de\/dxradio\/php\/wordpress\/index.php?rest_route=%2Fwp%2Fv2%2Ftags&post=1732"}],"curies":[{"name":"wp","href":"https:\/\/api.w.org\/{rel}","templated":true}]}}