{"id":1739,"date":"2011-08-15T19:14:28","date_gmt":"2011-08-15T19:14:28","guid":{"rendered":"https:\/\/www.achimbrueckner.de\/dxradio\/php\/wordpress\/?p=1739"},"modified":"2011-08-15T19:14:28","modified_gmt":"2011-08-15T19:14:28","slug":"anklage-wegen-betrieb-von-nazi-radio","status":"publish","type":"post","link":"https:\/\/www.achimbrueckner.de\/dxradio\/php\/wordpress\/?p=1739","title":{"rendered":"Anklage wegen Betrieb von Nazi-Radio"},"content":{"rendered":"<p>Anklage wegen Betrieb von Nazi-Radio<\/p>\n<p><a href=\"http:\/\/www.derwesten.de\/nachrichten\/panorama\/Anklage-wegen-Betrieb-von-Nazi-Radio-id4964933.html\" target=\"_blank\">http:\/\/www.derwesten.de\/nachrichten\/panorama\/Anklage-wegen-Betrieb-von-Nazi-Radio-id4964933.html<\/a><\/p>\n","protected":false},"excerpt":{"rendered":"<p>Anklage wegen Betrieb von Nazi-Radio http:\/\/www.derwesten.de\/nachrichten\/panorama\/Anklage-wegen-Betrieb-von-Nazi-Radio-id4964933.html<\/p>\n","protected":false},"author":1,"featured_media":0,"comment_status":"open","ping_status":"open","sticky":false,"template":"","format":"standard","meta":{"_jetpack_memberships_contains_paid_content":false,"footnotes":"","jetpack_publicize_message":"","jetpack_publicize_feature_enabled":true,"jetpack_social_post_already_shared":false,"jetpack_social_options":{"image_generator_settings":{"template":"highway","default_image_id":0,"font":"","enabled":false},"version":2}},"categories":[1],"tags":[24],"class_list":["post-1739","post","type-post","status-publish","format-standard","hentry","category-deutsch","tag-am"],"jetpack_publicize_connections":[],"jetpack_featured_media_url":"","jetpack_sharing_enabled":true,"jetpack_shortlink":"https:\/\/wp.me\/p5CDmr-s3","jetpack-related-posts":[{"id":42420,"url":"https:\/\/www.achimbrueckner.de\/dxradio\/php\/wordpress\/?p=42420","url_meta":{"origin":1739,"position":0},"title":"Radio Onda Ausschreibung Kurzwelle","author":"Administrator","date":"March 23, 2025","format":false,"excerpt":"LUXEMBURG: Eine Lizenz f\u00fcr den Betrieb von vier Kurzwellensendern in Junglinster wurde von Elisabeth Margue, der f\u00fcr Medien und Konnektivit\u00e4t zust\u00e4ndigen Ministerin des Premierministers, eine Lizenz f\u00fcr den Betrieb von vier Kurzwellensendern in Junglinster erteilt. Der belgische Rundfunk RADIO ONDA hat die Ausschreibung f\u00fcr die \u00dcbertragung auf folgenden Frequenzen gewonnen:\u2026","rel":"","context":"In &quot;Deutsch&quot;","block_context":{"text":"Deutsch","link":"https:\/\/www.achimbrueckner.de\/dxradio\/php\/wordpress\/?cat=1"},"img":{"alt_text":"","src":"","width":0,"height":0},"classes":[]},{"id":2620,"url":"https:\/\/www.achimbrueckner.de\/dxradio\/php\/wordpress\/?p=2620","url_meta":{"origin":1739,"position":1},"title":"Radio HCJB nimmt zweite Frequenz in Betrieb","author":"Administrator","date":"August 22, 2013","format":false,"excerpt":"Radio HCJB nimmt zweite Frequenz in Betrieb http:\/\/www.dxaktuell.de\/2013\/08\/radio-hcjb-nimmt-zweite-frequenz-in-betrieb\/","rel":"","context":"In &quot;Deutsch&quot;","block_context":{"text":"Deutsch","link":"https:\/\/www.achimbrueckner.de\/dxradio\/php\/wordpress\/?cat=1"},"img":{"alt_text":"","src":"","width":0,"height":0},"classes":[]},{"id":4083,"url":"https:\/\/www.achimbrueckner.de\/dxradio\/php\/wordpress\/?p=4083","url_meta":{"origin":1739,"position":2},"title":"BigFM und RPR1 Gesch\u00e4ftsf\u00fchrer Kristian Kropp im Interview: Von wegen \u201emein liebster Feind\u201c \u2013 Was Radio von Spotify lernen kann","author":"Administrator","date":"February 10, 2015","format":false,"excerpt":"http:\/\/www.radiowoche.de\/bigfm-und-rpr1-geschaeftsfuehrer-kristian-kropp-im-interview-von-wegen-mein-liebster-feind-was-radio-von-spotify-lernen-kann\/","rel":"","context":"In &quot;Deutsch&quot;","block_context":{"text":"Deutsch","link":"https:\/\/www.achimbrueckner.de\/dxradio\/php\/wordpress\/?cat=1"},"img":{"alt_text":"","src":"","width":0,"height":0},"classes":[]},{"id":8869,"url":"https:\/\/www.achimbrueckner.de\/dxradio\/php\/wordpress\/?p=8869","url_meta":{"origin":1739,"position":3},"title":"DARC WebSDR in Betrieb","author":"Administrator","date":"July 18, 2016","format":false,"excerpt":"wie vielleicht bekannt, plant der DARC schon seit l\u00e4ngerem ein WebSDR Netz in Deutschland aufzubauen. Dazu sollen an 15 ausgew\u00e4hlten Standorten in Deutschland solche WebSDR Stationen in Betrieb gehen. Das hierf\u00fcr notwendige Hardwareequipment mit der sinnigen Bezeichung \"R2T2\" wurde auf der diesj\u00e4hrigen HAM-Radio den ausgew\u00e4hlten OV\u00b4s ausgeh\u00e4ndigt. N\u00e4hre Infos zu\u2026","rel":"","context":"In &quot;Deutsch&quot;","block_context":{"text":"Deutsch","link":"https:\/\/www.achimbrueckner.de\/dxradio\/php\/wordpress\/?cat=1"},"img":{"alt_text":"","src":"","width":0,"height":0},"classes":[]},{"id":12101,"url":"https:\/\/www.achimbrueckner.de\/dxradio\/php\/wordpress\/?p=12101","url_meta":{"origin":1739,"position":4},"title":"Von wegen out: 57 Prozent der Deutschen h\u00f6ren fast t\u00e4glich Radio","author":"Administrator","date":"February 11, 2017","format":false,"excerpt":"http:\/\/www.finanznachrichten.de\/nachrichten-2017-02\/39900376-von-wegen-out-57-prozent-der-deutschen-hoeren-fast-taeglich-radio-007.htm","rel":"","context":"In &quot;Deutsch&quot;","block_context":{"text":"Deutsch","link":"https:\/\/www.achimbrueckner.de\/dxradio\/php\/wordpress\/?cat=1"},"img":{"alt_text":"","src":"","width":0,"height":0},"classes":[]},{"id":44479,"url":"https:\/\/www.achimbrueckner.de\/dxradio\/php\/wordpress\/?p=44479","url_meta":{"origin":1739,"position":5},"title":"USA: Bold Gold nimmt von Townsquare gekaufte Sender in Betrieb","author":"Administrator","date":"December 5, 2025","format":false,"excerpt":"https:\/\/www.radioblog.eu\/2025\/12\/04\/usa-bold-gold-nimmt-von-townsquare-gekaufte-sender-in-betrieb\/","rel":"","context":"In &quot;Deutsch&quot;","block_context":{"text":"Deutsch","link":"https:\/\/www.achimbrueckner.de\/dxradio\/php\/wordpress\/?cat=1"},"img":{"alt_text":"","src":"","width":0,"height":0},"classes":[]}],"_links":{"self":[{"href":"https:\/\/www.achimbrueckner.de\/dxradio\/php\/wordpress\/index.php?rest_route=\/wp\/v2\/posts\/1739","targetHints":{"allow":["GET"]}}],"collection":[{"href":"https:\/\/www.achimbrueckner.de\/dxradio\/php\/wordpress\/index.php?rest_route=\/wp\/v2\/posts"}],"about":[{"href":"https:\/\/www.achimbrueckner.de\/dxradio\/php\/wordpress\/index.php?rest_route=\/wp\/v2\/types\/post"}],"author":[{"embeddable":true,"href":"https:\/\/www.achimbrueckner.de\/dxradio\/php\/wordpress\/index.php?rest_route=\/wp\/v2\/users\/1"}],"replies":[{"embeddable":true,"href":"https:\/\/www.achimbrueckner.de\/dxradio\/php\/wordpress\/index.php?rest_route=%2Fwp%2Fv2%2Fcomments&post=1739"}],"version-history":[{"count":0,"href":"https:\/\/www.achimbrueckner.de\/dxradio\/php\/wordpress\/index.php?rest_route=\/wp\/v2\/posts\/1739\/revisions"}],"wp:attachment":[{"href":"https:\/\/www.achimbrueckner.de\/dxradio\/php\/wordpress\/index.php?rest_route=%2Fwp%2Fv2%2Fmedia&parent=1739"}],"wp:term":[{"taxonomy":"category","embeddable":true,"href":"https:\/\/www.achimbrueckner.de\/dxradio\/php\/wordpress\/index.php?rest_route=%2Fwp%2Fv2%2Fcategories&post=1739"},{"taxonomy":"post_tag","embeddable":true,"href":"https:\/\/www.achimbrueckner.de\/dxradio\/php\/wordpress\/index.php?rest_route=%2Fwp%2Fv2%2Ftags&post=1739"}],"curies":[{"name":"wp","href":"https:\/\/api.w.org\/{rel}","templated":true}]}}