{"id":1740,"date":"2011-08-16T14:50:20","date_gmt":"2011-08-16T14:50:20","guid":{"rendered":"https:\/\/www.achimbrueckner.de\/dxradio\/php\/wordpress\/?p=1740"},"modified":"2011-08-16T14:50:20","modified_gmt":"2011-08-16T14:50:20","slug":"die-radio-reporter-aus-dem-internet","status":"publish","type":"post","link":"https:\/\/www.achimbrueckner.de\/dxradio\/php\/wordpress\/?p=1740","title":{"rendered":"Die Radio-Reporter aus dem Internet"},"content":{"rendered":"<p>Die Radio-Reporter aus dem Internet<\/p>\n<p><a href=\"http:\/\/www.fnp.de\/fnp\/region\/lokales\/frankfurt\/die-radioreporter-aus-dem-internet_rmn01.c.9131631.de.html\" target=\"_blank\">http:\/\/www.fnp.de\/fnp\/region\/lokales\/frankfurt\/die-radioreporter-aus-dem-internet_rmn01.c.9131631.de.html<\/a><\/p>\n","protected":false},"excerpt":{"rendered":"<p>Die Radio-Reporter aus dem Internet http:\/\/www.fnp.de\/fnp\/region\/lokales\/frankfurt\/die-radioreporter-aus-dem-internet_rmn01.c.9131631.de.html<\/p>\n","protected":false},"author":1,"featured_media":0,"comment_status":"open","ping_status":"open","sticky":false,"template":"","format":"standard","meta":{"_jetpack_memberships_contains_paid_content":false,"footnotes":"","jetpack_publicize_message":"","jetpack_publicize_feature_enabled":true,"jetpack_social_post_already_shared":false,"jetpack_social_options":{"image_generator_settings":{"template":"highway","default_image_id":0,"font":"","enabled":false},"version":2}},"categories":[1],"tags":[],"class_list":["post-1740","post","type-post","status-publish","format-standard","hentry","category-deutsch"],"jetpack_publicize_connections":[],"jetpack_featured_media_url":"","jetpack_sharing_enabled":true,"jetpack_shortlink":"https:\/\/wp.me\/p5CDmr-s4","jetpack-related-posts":[{"id":22563,"url":"https:\/\/www.achimbrueckner.de\/dxradio\/php\/wordpress\/?p=22563","url_meta":{"origin":1740,"position":0},"title":"&#8220;Rats-Radio&#8221; vor dem Aus So niedrig sind die Zugriffszahlen","author":"Administrator","date":"April 3, 2019","format":false,"excerpt":"https:\/\/www.cellesche-zeitung.de\/Celle\/Aus-der-Stadt\/Celle-Stadt\/Rats-Radio-vor-dem-Aus-So-niedrig-sind-die-Zugriffszahlen","rel":"","context":"In &quot;Deutsch&quot;","block_context":{"text":"Deutsch","link":"https:\/\/www.achimbrueckner.de\/dxradio\/php\/wordpress\/?cat=1"},"img":{"alt_text":"","src":"","width":0,"height":0},"classes":[]},{"id":20020,"url":"https:\/\/www.achimbrueckner.de\/dxradio\/php\/wordpress\/?p=20020","url_meta":{"origin":1740,"position":1},"title":"Die Weltmeisterin aus dem Radio","author":"Administrator","date":"November 14, 2018","format":false,"excerpt":"https:\/\/www.weser-kurier.de\/sport_artikel,-die-weltmeisterin-aus-dem-radio-_arid,1783720.html#nfy-reload","rel":"","context":"In &quot;Deutsch&quot;","block_context":{"text":"Deutsch","link":"https:\/\/www.achimbrueckner.de\/dxradio\/php\/wordpress\/?cat=1"},"img":{"alt_text":"","src":"","width":0,"height":0},"classes":[]},{"id":2583,"url":"https:\/\/www.achimbrueckner.de\/dxradio\/php\/wordpress\/?p=2583","url_meta":{"origin":1740,"position":2},"title":"Fernsehen aus dem Internet Netflix gibt die Macht dem Zuschauer","author":"Administrator","date":"August 9, 2013","format":false,"excerpt":"Fernsehen aus dem Internet Netflix gibt die Macht dem Zuschauer http:\/\/www.tagesschau.de\/ausland\/netflix100.html","rel":"","context":"In &quot;Deutsch&quot;","block_context":{"text":"Deutsch","link":"https:\/\/www.achimbrueckner.de\/dxradio\/php\/wordpress\/?cat=1"},"img":{"alt_text":"","src":"","width":0,"height":0},"classes":[]},{"id":22950,"url":"https:\/\/www.achimbrueckner.de\/dxradio\/php\/wordpress\/?p=22950","url_meta":{"origin":1740,"position":3},"title":"Die Stimme des Volkes aus dem \u00c4ther: 20 Jahre Freies Radio Salzkammergut","author":"Administrator","date":"May 1, 2019","format":false,"excerpt":"https:\/\/www.nachrichten.at\/oberoesterreich\/salzkammergut\/die-stimme-des-volkes-aus-dem-aether-20-jahre-freies-radio-salzkammergut;art71,3124257","rel":"","context":"In &quot;Deutsch&quot;","block_context":{"text":"Deutsch","link":"https:\/\/www.achimbrueckner.de\/dxradio\/php\/wordpress\/?cat=1"},"img":{"alt_text":"","src":"","width":0,"height":0},"classes":[]},{"id":5772,"url":"https:\/\/www.achimbrueckner.de\/dxradio\/php\/wordpress\/?p=5772","url_meta":{"origin":1740,"position":4},"title":"Spr\u00fcche aus dem Radio nachplappern","author":"Administrator","date":"September 1, 2015","format":false,"excerpt":"http:\/\/www.tagesspiegel.de\/berlin\/was-macht-die-familie-sprueche-aus-dem-radio-nachplappern\/12253754.html","rel":"","context":"In &quot;Deutsch&quot;","block_context":{"text":"Deutsch","link":"https:\/\/www.achimbrueckner.de\/dxradio\/php\/wordpress\/?cat=1"},"img":{"alt_text":"","src":"","width":0,"height":0},"classes":[]},{"id":1311,"url":"https:\/\/www.achimbrueckner.de\/dxradio\/php\/wordpress\/?p=1311","url_meta":{"origin":1740,"position":5},"title":"Radio aus dem Land von Dschinghis Khan in Deutsch auf Kurzwelle","author":"Administrator","date":"January 15, 2011","format":false,"excerpt":"Radio aus dem Land von Dschinghis Khan in Deutsch auf Kurzwelle Deutsches Radio Ulaanbaatar sendet im Januar und Februar \u00fcber Kall-Krekel Das erste deutschsprachige Radio in der Mongolei, Deutsches Radio Ulaanbaatar, wurde im M\u00e4rz 2008 von der Galsan Tschinag Stiftung gemeinsam mit dem Goethe-Institut er\u00f6ffnet. Bisher sendete man 3x pro\u2026","rel":"","context":"In &quot;Deutsch&quot;","block_context":{"text":"Deutsch","link":"https:\/\/www.achimbrueckner.de\/dxradio\/php\/wordpress\/?cat=1"},"img":{"alt_text":"","src":"","width":0,"height":0},"classes":[]}],"_links":{"self":[{"href":"https:\/\/www.achimbrueckner.de\/dxradio\/php\/wordpress\/index.php?rest_route=\/wp\/v2\/posts\/1740","targetHints":{"allow":["GET"]}}],"collection":[{"href":"https:\/\/www.achimbrueckner.de\/dxradio\/php\/wordpress\/index.php?rest_route=\/wp\/v2\/posts"}],"about":[{"href":"https:\/\/www.achimbrueckner.de\/dxradio\/php\/wordpress\/index.php?rest_route=\/wp\/v2\/types\/post"}],"author":[{"embeddable":true,"href":"https:\/\/www.achimbrueckner.de\/dxradio\/php\/wordpress\/index.php?rest_route=\/wp\/v2\/users\/1"}],"replies":[{"embeddable":true,"href":"https:\/\/www.achimbrueckner.de\/dxradio\/php\/wordpress\/index.php?rest_route=%2Fwp%2Fv2%2Fcomments&post=1740"}],"version-history":[{"count":0,"href":"https:\/\/www.achimbrueckner.de\/dxradio\/php\/wordpress\/index.php?rest_route=\/wp\/v2\/posts\/1740\/revisions"}],"wp:attachment":[{"href":"https:\/\/www.achimbrueckner.de\/dxradio\/php\/wordpress\/index.php?rest_route=%2Fwp%2Fv2%2Fmedia&parent=1740"}],"wp:term":[{"taxonomy":"category","embeddable":true,"href":"https:\/\/www.achimbrueckner.de\/dxradio\/php\/wordpress\/index.php?rest_route=%2Fwp%2Fv2%2Fcategories&post=1740"},{"taxonomy":"post_tag","embeddable":true,"href":"https:\/\/www.achimbrueckner.de\/dxradio\/php\/wordpress\/index.php?rest_route=%2Fwp%2Fv2%2Ftags&post=1740"}],"curies":[{"name":"wp","href":"https:\/\/api.w.org\/{rel}","templated":true}]}}