{"id":1758,"date":"2011-08-27T10:42:50","date_gmt":"2011-08-27T10:42:50","guid":{"rendered":"https:\/\/www.achimbrueckner.de\/dxradio\/php\/wordpress\/?p=1758"},"modified":"2011-08-27T10:42:50","modified_gmt":"2011-08-27T10:42:50","slug":"digitalradio-dab-unterwegs-im-auto-horen-und-dabei-auf-ukw-usb-und-ipod-steuerung-nicht-verzichten-mussen","status":"publish","type":"post","link":"https:\/\/www.achimbrueckner.de\/dxradio\/php\/wordpress\/?p=1758","title":{"rendered":"Digitalradio DAB+ unterwegs im Auto h\u00f6ren und dabei auf UKW, USB und iPod-Steuerung nicht verzichten m\u00fcssen"},"content":{"rendered":"<p>Digitalradio DAB+ unterwegs im Auto h\u00f6ren und dabei auf UKW, USB und iPod-Steuerung nicht verzichten m\u00fcssen<\/p>\n<p><a href=\"http:\/\/kauftipps.fr-online.de\/digitalradio.html\" target=\"_blank\">http:\/\/kauftipps.fr-online.de\/digitalradio.html<\/a><\/p>\n<p>Info via <a href=\"http:\/\/www.ratzer.at\" target=\"_blank\">A-DX<\/a><\/p>\n","protected":false},"excerpt":{"rendered":"<p>Digitalradio DAB+ unterwegs im Auto h\u00f6ren und dabei auf UKW, USB und iPod-Steuerung nicht verzichten m\u00fcssen http:\/\/kauftipps.fr-online.de\/digitalradio.html Info via A-DX<\/p>\n","protected":false},"author":1,"featured_media":0,"comment_status":"open","ping_status":"open","sticky":false,"template":"","format":"standard","meta":{"_jetpack_memberships_contains_paid_content":false,"footnotes":"","jetpack_publicize_message":"","jetpack_publicize_feature_enabled":true,"jetpack_social_post_already_shared":false,"jetpack_social_options":{"image_generator_settings":{"template":"highway","default_image_id":0,"font":"","enabled":false},"version":2}},"categories":[1],"tags":[31,32,40,27],"class_list":["post-1758","post","type-post","status-publish","format-standard","hentry","category-deutsch","tag-dab","tag-digitalradio","tag-dx","tag-ukw"],"jetpack_publicize_connections":[],"jetpack_featured_media_url":"","jetpack_sharing_enabled":true,"jetpack_shortlink":"https:\/\/wp.me\/p5CDmr-sm","jetpack-related-posts":[{"id":17012,"url":"https:\/\/www.achimbrueckner.de\/dxradio\/php\/wordpress\/?p=17012","url_meta":{"origin":1758,"position":0},"title":"Norwegen: 98 Prozent h\u00f6ren trotz UKW-Abschaltung weiter Radio","author":"Administrator","date":"March 22, 2018","format":false,"excerpt":"https:\/\/www.teltarif.de\/digitalradio-dab-plus-ukw-abschaltung\/news\/72072.html","rel":"","context":"In &quot;Deutsch&quot;","block_context":{"text":"Deutsch","link":"https:\/\/www.achimbrueckner.de\/dxradio\/php\/wordpress\/?cat=1"},"img":{"alt_text":"","src":"","width":0,"height":0},"classes":[]},{"id":347,"url":"https:\/\/www.achimbrueckner.de\/dxradio\/php\/wordpress\/?p=347","url_meta":{"origin":1758,"position":1},"title":"Digitalradio DAB Plus","author":"Administrator","date":"October 17, 2007","format":false,"excerpt":"Ein interessanter Artikel zur Zukunft des Digitalradios auf UKW und DAB Plus ist auf teltarif.de erschienen.","rel":"","context":"In &quot;Deutsch&quot;","block_context":{"text":"Deutsch","link":"https:\/\/www.achimbrueckner.de\/dxradio\/php\/wordpress\/?cat=1"},"img":{"alt_text":"","src":"","width":0,"height":0},"classes":[]},{"id":5055,"url":"https:\/\/www.achimbrueckner.de\/dxradio\/php\/wordpress\/?p=5055","url_meta":{"origin":1758,"position":2},"title":"Schweden und Niederlande wollen UKW-H\u00f6rfunk nicht abschalten","author":"Administrator","date":"June 30, 2015","format":false,"excerpt":"http:\/\/www.teltarif.de\/dab-dab-plus-digitalradio-multimedia\/news\/60186.html","rel":"","context":"In &quot;Deutsch&quot;","block_context":{"text":"Deutsch","link":"https:\/\/www.achimbrueckner.de\/dxradio\/php\/wordpress\/?cat=1"},"img":{"alt_text":"","src":"","width":0,"height":0},"classes":[]},{"id":22200,"url":"https:\/\/www.achimbrueckner.de\/dxradio\/php\/wordpress\/?p=22200","url_meta":{"origin":1758,"position":3},"title":"Weitere UKW-Abschaltungen und DAB+-Pflicht bis Sommer","author":"Administrator","date":"March 17, 2019","format":false,"excerpt":"https:\/\/www.teltarif.de\/dab-plus-digitalradio-ukw-abschaltung\/news\/75998.html","rel":"","context":"In &quot;Deutsch&quot;","block_context":{"text":"Deutsch","link":"https:\/\/www.achimbrueckner.de\/dxradio\/php\/wordpress\/?cat=1"},"img":{"alt_text":"","src":"","width":0,"height":0},"classes":[]},{"id":16369,"url":"https:\/\/www.achimbrueckner.de\/dxradio\/php\/wordpress\/?p=16369","url_meta":{"origin":1758,"position":4},"title":"Interessenverband f\u00fcr UKW-Abschaltung und Wechsel zu DAB+","author":"Administrator","date":"February 6, 2018","format":false,"excerpt":"https:\/\/www.teltarif.de\/radio-digitalradio-dab-plus-ukw\/news\/71588.html","rel":"","context":"In &quot;Deutsch&quot;","block_context":{"text":"Deutsch","link":"https:\/\/www.achimbrueckner.de\/dxradio\/php\/wordpress\/?cat=1"},"img":{"alt_text":"","src":"","width":0,"height":0},"classes":[]},{"id":26599,"url":"https:\/\/www.achimbrueckner.de\/dxradio\/php\/wordpress\/?p=26599","url_meta":{"origin":1758,"position":5},"title":"DAB+: So l\u00e4uft&#8217;s mit dem Digitalradio daheim und unterwegs","author":"Administrator","date":"January 9, 2020","format":false,"excerpt":"https:\/\/www.hna.de\/netzwelt\/dab-so-laeuft-s-mit-digitalradio-daheim-und-unterwegs-zr-13428364.html","rel":"","context":"In &quot;Deutsch&quot;","block_context":{"text":"Deutsch","link":"https:\/\/www.achimbrueckner.de\/dxradio\/php\/wordpress\/?cat=1"},"img":{"alt_text":"","src":"","width":0,"height":0},"classes":[]}],"_links":{"self":[{"href":"https:\/\/www.achimbrueckner.de\/dxradio\/php\/wordpress\/index.php?rest_route=\/wp\/v2\/posts\/1758","targetHints":{"allow":["GET"]}}],"collection":[{"href":"https:\/\/www.achimbrueckner.de\/dxradio\/php\/wordpress\/index.php?rest_route=\/wp\/v2\/posts"}],"about":[{"href":"https:\/\/www.achimbrueckner.de\/dxradio\/php\/wordpress\/index.php?rest_route=\/wp\/v2\/types\/post"}],"author":[{"embeddable":true,"href":"https:\/\/www.achimbrueckner.de\/dxradio\/php\/wordpress\/index.php?rest_route=\/wp\/v2\/users\/1"}],"replies":[{"embeddable":true,"href":"https:\/\/www.achimbrueckner.de\/dxradio\/php\/wordpress\/index.php?rest_route=%2Fwp%2Fv2%2Fcomments&post=1758"}],"version-history":[{"count":0,"href":"https:\/\/www.achimbrueckner.de\/dxradio\/php\/wordpress\/index.php?rest_route=\/wp\/v2\/posts\/1758\/revisions"}],"wp:attachment":[{"href":"https:\/\/www.achimbrueckner.de\/dxradio\/php\/wordpress\/index.php?rest_route=%2Fwp%2Fv2%2Fmedia&parent=1758"}],"wp:term":[{"taxonomy":"category","embeddable":true,"href":"https:\/\/www.achimbrueckner.de\/dxradio\/php\/wordpress\/index.php?rest_route=%2Fwp%2Fv2%2Fcategories&post=1758"},{"taxonomy":"post_tag","embeddable":true,"href":"https:\/\/www.achimbrueckner.de\/dxradio\/php\/wordpress\/index.php?rest_route=%2Fwp%2Fv2%2Ftags&post=1758"}],"curies":[{"name":"wp","href":"https:\/\/api.w.org\/{rel}","templated":true}]}}