{"id":17604,"date":"2018-05-03T14:47:58","date_gmt":"2018-05-03T14:47:58","guid":{"rendered":"https:\/\/www.achimbrueckner.de\/dxradio\/php\/wordpress\/?p=17604"},"modified":"2018-05-03T14:47:58","modified_gmt":"2018-05-03T14:47:58","slug":"dab-empfang","status":"publish","type":"post","link":"https:\/\/www.achimbrueckner.de\/dxradio\/php\/wordpress\/?p=17604","title":{"rendered":"DAB+ Empfang"},"content":{"rendered":"<p><a href=\"https:\/\/www.dabplus.de\/empfang\/\" rel=\"noopener\" target=\"_blank\">https:\/\/www.dabplus.de\/empfang\/<\/a><\/p>\n","protected":false},"excerpt":{"rendered":"<p>https:\/\/www.dabplus.de\/empfang\/<\/p>\n","protected":false},"author":1,"featured_media":0,"comment_status":"open","ping_status":"open","sticky":false,"template":"","format":"standard","meta":{"_jetpack_memberships_contains_paid_content":false,"footnotes":"","jetpack_publicize_message":"","jetpack_publicize_feature_enabled":true,"jetpack_social_post_already_shared":true,"jetpack_social_options":{"image_generator_settings":{"template":"highway","default_image_id":0,"font":"","enabled":false},"version":2}},"categories":[1,3],"tags":[31,42],"class_list":["post-17604","post","type-post","status-publish","format-standard","hentry","category-deutsch","category-empfang","tag-dab","tag-empfang"],"jetpack_publicize_connections":[],"jetpack_featured_media_url":"","jetpack_sharing_enabled":true,"jetpack_shortlink":"https:\/\/wp.me\/p5CDmr-4zW","jetpack-related-posts":[{"id":27262,"url":"https:\/\/www.achimbrueckner.de\/dxradio\/php\/wordpress\/?p=27262","url_meta":{"origin":17604,"position":0},"title":"DAB+ in Nordrhein-Westfalen \u2013 WDR verbessert Empfang in Ostwestfalen","author":"Administrator","date":"February 21, 2020","format":false,"excerpt":"https:\/\/www.dabplus.de\/2020\/02\/21\/dab-in-nordrhein-westfalen-wdr-verbessert-empfang-in-ostwestfalen\/","rel":"","context":"In &quot;Deutsch&quot;","block_context":{"text":"Deutsch","link":"https:\/\/www.achimbrueckner.de\/dxradio\/php\/wordpress\/?cat=1"},"img":{"alt_text":"","src":"","width":0,"height":0},"classes":[]},{"id":22148,"url":"https:\/\/www.achimbrueckner.de\/dxradio\/php\/wordpress\/?p=22148","url_meta":{"origin":17604,"position":1},"title":"Bund und L\u00e4nder zu DAB+: Neufassung des TKG mit nationaler Digitalradio-Pflicht \/ Deutschlandradio stellt in drei weiteren Regionen auf digitalen Empfang um","author":"Administrator","date":"March 15, 2019","format":false,"excerpt":"https:\/\/www.dabplus.de\/2019\/03\/15\/bund-und-laender-zu-dab-neufassung-des-tkg-mit-nationaler-digitalradio-pflicht-deutschlandradio-stellt-in-drei-weiteren-regionen-auf-digitalen-empfang-um\/","rel":"","context":"In &quot;Deutsch&quot;","block_context":{"text":"Deutsch","link":"https:\/\/www.achimbrueckner.de\/dxradio\/php\/wordpress\/?cat=1"},"img":{"alt_text":"","src":"","width":0,"height":0},"classes":[]},{"id":23545,"url":"https:\/\/www.achimbrueckner.de\/dxradio\/php\/wordpress\/?p=23545","url_meta":{"origin":17604,"position":2},"title":"DAB+ in Bayern: Jeder Dritte hat ein Empfangsger\u00e4t","author":"Administrator","date":"June 28, 2019","format":false,"excerpt":"https:\/\/www.dabplus.de\/2019\/06\/28\/dab-in-bayern-jeder-dritte-hat-ein-empfangsgeraet\/","rel":"","context":"In &quot;Deutsch&quot;","block_context":{"text":"Deutsch","link":"https:\/\/www.achimbrueckner.de\/dxradio\/php\/wordpress\/?cat=1"},"img":{"alt_text":"","src":"","width":0,"height":0},"classes":[]},{"id":25647,"url":"https:\/\/www.achimbrueckner.de\/dxradio\/php\/wordpress\/?p=25647","url_meta":{"origin":17604,"position":3},"title":"Meilenstein f\u00fcr DAB+: Bund und L\u00e4nder beschlie\u00dfen Digitalradiopflicht in Empfangsger\u00e4ten","author":"Administrator","date":"November 8, 2019","format":false,"excerpt":"https:\/\/www.dabplus.de\/2019\/11\/08\/meilenstein-fuer-dab-bund-und-laender-beschliessen-digitalradiopflicht-in-empfangsgeraeten\/","rel":"","context":"In &quot;Deutsch&quot;","block_context":{"text":"Deutsch","link":"https:\/\/www.achimbrueckner.de\/dxradio\/php\/wordpress\/?cat=1"},"img":{"alt_text":"","src":"","width":0,"height":0},"classes":[]},{"id":18753,"url":"https:\/\/www.achimbrueckner.de\/dxradio\/php\/wordpress\/?p=18753","url_meta":{"origin":17604,"position":4},"title":"FFH gibt drei UKW-Frequenzen wegen DAB+ Empfangsm\u00f6glichkeiten auf","author":"Administrator","date":"August 10, 2018","format":false,"excerpt":"https:\/\/www.dabplus.de\/2018\/08\/09\/ffh-gibt-drei-ukw-frequenzen-wegen-dab-empfangsmoeglichkeiten-auf\/","rel":"","context":"In &quot;Deutsch&quot;","block_context":{"text":"Deutsch","link":"https:\/\/www.achimbrueckner.de\/dxradio\/php\/wordpress\/?cat=1"},"img":{"alt_text":"","src":"","width":0,"height":0},"classes":[]},{"id":20986,"url":"https:\/\/www.achimbrueckner.de\/dxradio\/php\/wordpress\/?p=20986","url_meta":{"origin":17604,"position":5},"title":"Bundesweite DAB+-St\u00f6rung: So bleiben Sie auf Empfang","author":"Administrator","date":"January 18, 2019","format":false,"excerpt":"https:\/\/www.teltarif.de\/dab-plus-empfang-probleme\/news\/75335.html","rel":"","context":"In &quot;Deutsch&quot;","block_context":{"text":"Deutsch","link":"https:\/\/www.achimbrueckner.de\/dxradio\/php\/wordpress\/?cat=1"},"img":{"alt_text":"","src":"","width":0,"height":0},"classes":[]}],"_links":{"self":[{"href":"https:\/\/www.achimbrueckner.de\/dxradio\/php\/wordpress\/index.php?rest_route=\/wp\/v2\/posts\/17604","targetHints":{"allow":["GET"]}}],"collection":[{"href":"https:\/\/www.achimbrueckner.de\/dxradio\/php\/wordpress\/index.php?rest_route=\/wp\/v2\/posts"}],"about":[{"href":"https:\/\/www.achimbrueckner.de\/dxradio\/php\/wordpress\/index.php?rest_route=\/wp\/v2\/types\/post"}],"author":[{"embeddable":true,"href":"https:\/\/www.achimbrueckner.de\/dxradio\/php\/wordpress\/index.php?rest_route=\/wp\/v2\/users\/1"}],"replies":[{"embeddable":true,"href":"https:\/\/www.achimbrueckner.de\/dxradio\/php\/wordpress\/index.php?rest_route=%2Fwp%2Fv2%2Fcomments&post=17604"}],"version-history":[{"count":0,"href":"https:\/\/www.achimbrueckner.de\/dxradio\/php\/wordpress\/index.php?rest_route=\/wp\/v2\/posts\/17604\/revisions"}],"wp:attachment":[{"href":"https:\/\/www.achimbrueckner.de\/dxradio\/php\/wordpress\/index.php?rest_route=%2Fwp%2Fv2%2Fmedia&parent=17604"}],"wp:term":[{"taxonomy":"category","embeddable":true,"href":"https:\/\/www.achimbrueckner.de\/dxradio\/php\/wordpress\/index.php?rest_route=%2Fwp%2Fv2%2Fcategories&post=17604"},{"taxonomy":"post_tag","embeddable":true,"href":"https:\/\/www.achimbrueckner.de\/dxradio\/php\/wordpress\/index.php?rest_route=%2Fwp%2Fv2%2Ftags&post=17604"}],"curies":[{"name":"wp","href":"https:\/\/api.w.org\/{rel}","templated":true}]}}